{"id":26087,"date":"2021-05-03T22:15:49","date_gmt":"2021-05-03T22:15:49","guid":{"rendered":"http:\/\/historiografija.hr\/?p=26087"},"modified":"2021-05-03T22:15:49","modified_gmt":"2021-05-03T22:15:49","slug":"preminuo-redatelj-bogdan-zizic","status":"publish","type":"post","link":"https:\/\/historiografija.hr\/?p=26087","title":{"rendered":"Preminuo redatelj Bogdan \u017di\u017ei\u0107"},"content":{"rendered":"\n<p>Umro je redatelj Bogdan \u017di\u017ei\u0107, autor niza dokumentarnih i igranih filmova povijesne tematike: od zagreba\u010dke poplave 1964. preko gastarbajtera i Vlade Gotovca do Golog otoka i Jasenovca. Treba izdvojiti i njegove knjige: &#8220;Goru\u0107i grm: Alfred Pal \u2013 \u017eivot i djelo&#8221;, &#8220;Josip Bepo Karaman i Split njegova doba&#8221;, \u201cPje\u0161\u010dana ura \u2013 sje\u0107anja na Solin, Split, Pulu i Zagreb&#8221;.<\/p>\n\n\n\n<hr class=\"wp-block-separator\"\/>\n\n\n\n<p><strong>Preminuo redatelj Bogdan \u017di\u017ei\u0107<\/strong><\/p>\n\n\n\n<p>U 87. godini, u \u010detvrtak 29. travnja, preminuo je poznati, vi\u0161estruko nagra\u0111ivani hrvatski redatelj i scenarist Bogdan \u017di\u017ei\u0107.<\/p>\n\n\n\n<p><strong>\u017di\u017ei\u0107<\/strong> je ro\u0111en 1934. u Solinu, a klasi\u010dnu gimnaziju zavr\u0161io je u Splitu, da bi 1957. diplomirao pravo na Pravnom fakultetu u Zagrebu.&nbsp;Bio je dramaturg u Zagreb filmu (1960.\u201364.) te njegov direktor (1984.\u201390.).&nbsp;<\/p>\n\n\n\n<p>Od svog prvog dokumentarnog filma <em>Poplava<\/em> 1964., Bogdan \u017di\u017ei\u0107 snimio je vi\u0161e od stotinu naslova. Najvi\u0161e su ga zanimale kratke dokumentarne forme, a prva su mu dva igrana filma &#8211; <em>Ku\u0107a<\/em> i <em>Ne naginji se van<\/em> ovjen\u010dana Zlatnim Arenama. Tim se cjelove\u010dernjim igranim filmovima&nbsp;i naslovom <em>Daj \u0161to da\u0161<\/em>&nbsp;(1979.) afirmirao kao vode\u0107i predstavnik struje dru\u0161tvenokriti\u010dkoga filma 1970-ih; istomu tematskom krugu pripada i njegov najuspjeliji film&nbsp;<em>Rani snijeg u M\u00fcnchenu<\/em>&nbsp;(1984), a&nbsp;<em>Cijena \u017eivota<\/em>&nbsp;(1994) ratne je tematike.&nbsp;<\/p>\n\n\n\n<p>Autor je dokumentarnog filma <em>Moj slu\u010daj<\/em> &#8211; posve\u0107enog <strong>Vladi Gotovcu<\/strong>, a umjetnika <strong>Alfreda Pala<\/strong> pratio je u filmovima <em>Jedna vukovarska pri\u010da<\/em> i <em>Goli otok<\/em>.<\/p>\n\n\n\n<p>Posljedni dokumentarni film <em>Jasenova\u010dki memento<\/em> snimio je prije pet godina. Dobitnik je najvi\u0161ih nagrada i priznanja: <a href=\"https:\/\/min-kulture.gov.hr\/o-ministarstvu\/djelatnosti\/nagrade-u-kulturi\/nagrada-vladimir-nazor\/dobitnici-nagrade-vladimir-nazor-za-2008-godinu-5014\/5014\" target=\"_blank\" rel=\"noreferrer noopener\">nagrade Vladimir Nazor za \u017eivotno djelo<\/a> te Reda Danice hrvatske s likom Marka Maruli\u0107a za sveukupan doprinos hrvatskoj kinematografiji i kulturi, a 2017. godine filmski festival u Motovunu dodijelio mu je <a href=\"http:\/\/motovunsku%20nagradu%20Pedeset%20godina\" target=\"_blank\" rel=\"noreferrer noopener\">nagradu Pedeset godina za \u017eivotno djelo<\/a>.&nbsp;<\/p>\n\n\n\n<p>Jedan je od najplodnijih hrvatskih autora kratkometra\u017enih igranih i dokumentarnih filmova (osobito s podru\u010dja likovnih umjetnosti), nagra\u0111ivanih na me\u0111unarodnim festivalima (Oberhausen, Leipzig, Krakov, New York).&nbsp;Bio je \u010dlanom ocjenjiva\u010dkih \u017eirija brojnih me\u0111unarodnih filmskih festivala (Atlanta, Bilbao, Oberhausen, Barcelona, Tampere, Lille, Trst i dr.).&nbsp;Nagra\u0111ivan je i brojnim, visokim i najvi\u0161im nagradama i priznanjima na me\u0111unarodnim filmskim festivalima: Oberhausen, Beograd, Krakow, Lille, Avellino, New York, Tampere, Atlanta, Bilbao, Barcelona, Sofija i dr.&nbsp;<\/p>\n\n\n\n<p>Izvor: <a href=\"https:\/\/www.havc.hr\/infocentar\/novosti\/preminuo-redatelj-bogdan-zizic\">https:\/\/www.havc.hr\/infocentar\/novosti\/preminuo-redatelj-bogdan-zizic<\/a><\/p>\n\n\n\n<p><\/p>\n\n\n\n<hr class=\"wp-block-separator\"\/>\n\n\n\n<p>Bogdan \u017di\u017ei\u0107<\/p>\n\n\n\n<p><strong>Majstor kratke forme: Odlazak jednog od najva\u017enijih hrvatskih i jugoslavenskih redatelja<\/strong><\/p>\n\n\n\n<p>Nenad Polimac<\/p>\n\n\n\n<p><a href=\"https:\/\/www.jutarnji.hr\/kultura\/film-i-televizija\/majstor-kratke-forme-odlazak-jednog-od-najvaznijih-hrvatskih-i-jugoslavenskih-redatelja-15069816\">https:\/\/www.jutarnji.hr\/kultura\/film-i-televizija\/majstor-kratke-forme-odlazak-jednog-od-najvaznijih-hrvatskih-i-jugoslavenskih-redatelja-15069816<\/a><\/p>\n\n\n\n<hr class=\"wp-block-separator\"\/>\n\n\n\n<p><a href=\"http:\/\/durieux.hr\/wordpress\/knjige\/biografije-putopisi\/josip-bepo-karaman\/\">http:\/\/durieux.hr\/wordpress\/knjige\/biografije-putopisi\/josip-bepo-karaman\/<\/a><\/p>\n\n\n\n<p><a href=\"http:\/\/durieux.hr\/wordpress\/knjige\/biografije-putopisi\/pjescana-ura\/\">http:\/\/durieux.hr\/wordpress\/knjige\/biografije-putopisi\/pjescana-ura\/<\/a><\/p>\n\n\n\n<hr class=\"wp-block-separator\"\/>\n","protected":false},"excerpt":{"rendered":"","protected":false},"author":2,"featured_media":26088,"comment_status":"open","ping_status":"open","sticky":false,"template":"","format":"standard","meta":{"_acf_changed":false,"jetpack_post_was_ever_published":false,"_jetpack_newsletter_access":"","_jetpack_dont_email_post_to_subs":false,"_jetpack_newsletter_tier_id":0,"_jetpack_memberships_contains_paywalled_content":false,"_jetpack_memberships_contains_paid_content":false,"footnotes":"","jetpack_publicize_message":"","jetpack_publicize_feature_enabled":true,"jetpack_social_post_already_shared":true,"jetpack_social_options":{"image_generator_settings":{"template":"highway","default_image_id":0,"font":"","enabled":false},"version":2}},"categories":[3,20],"tags":[],"class_list":["post-26087","post","type-post","status-publish","format-standard","has-post-thumbnail","hentry","category-novosti","category-obavijesti-o-smrti-i-nekrolozi"],"acf":{"facebook_opis":""},"jetpack_publicize_connections":[],"jetpack_featured_media_url":"https:\/\/i0.wp.com\/historiografija.hr\/wp-content\/uploads\/2021\/05\/Zizic.jpg?fit=700%2C400&ssl=1","jetpack_sharing_enabled":true,"jetpack-related-posts":[],"_links":{"self":[{"href":"https:\/\/historiografija.hr\/index.php?rest_route=\/wp\/v2\/posts\/26087","targetHints":{"allow":["GET"]}}],"collection":[{"href":"https:\/\/historiografija.hr\/index.php?rest_route=\/wp\/v2\/posts"}],"about":[{"href":"https:\/\/historiografija.hr\/index.php?rest_route=\/wp\/v2\/types\/post"}],"author":[{"embeddable":true,"href":"https:\/\/historiografija.hr\/index.php?rest_route=\/wp\/v2\/users\/2"}],"replies":[{"embeddable":true,"href":"https:\/\/historiografija.hr\/index.php?rest_route=%2Fwp%2Fv2%2Fcomments&post=26087"}],"version-history":[{"count":1,"href":"https:\/\/historiografija.hr\/index.php?rest_route=\/wp\/v2\/posts\/26087\/revisions"}],"predecessor-version":[{"id":26089,"href":"https:\/\/historiografija.hr\/index.php?rest_route=\/wp\/v2\/posts\/26087\/revisions\/26089"}],"wp:featuredmedia":[{"embeddable":true,"href":"https:\/\/historiografija.hr\/index.php?rest_route=\/wp\/v2\/media\/26088"}],"wp:attachment":[{"href":"https:\/\/historiografija.hr\/index.php?rest_route=%2Fwp%2Fv2%2Fmedia&parent=26087"}],"wp:term":[{"taxonomy":"category","embeddable":true,"href":"https:\/\/historiografija.hr\/index.php?rest_route=%2Fwp%2Fv2%2Fcategories&post=26087"},{"taxonomy":"post_tag","embeddable":true,"href":"https:\/\/historiografija.hr\/index.php?rest_route=%2Fwp%2Fv2%2Ftags&post=26087"}],"curies":[{"name":"wp","href":"https:\/\/api.w.org\/{rel}","templated":true}]}}