{"id":26063,"date":"2021-04-30T21:01:52","date_gmt":"2021-04-30T21:01:52","guid":{"rendered":"http:\/\/historiografija.hr\/?p=26063"},"modified":"2021-04-30T21:01:52","modified_gmt":"2021-04-30T21:01:52","slug":"poziv-za-prijavu-na-konferenciju-spustanje-arhivske-groznice-otvaranje-fotografskih-arhiva-i-zbirki-i-suradnja-u-radu-na-njima","status":"publish","type":"post","link":"https:\/\/historiografija.hr\/?p=26063","title":{"rendered":"Poziv za prijavu na konferenciju: Spu\u0161tanje arhivske groznice \u2013 otvaranje fotografskih arhiva i zbirki i suradnja u radu na njima"},"content":{"rendered":"\n<p><strong>Rok za prijavu:<\/strong> 1. lipnja 2021.<\/p>\n\n\n\n<p><strong>Konferenciju organiziraju: <\/strong><a href=\"https:\/\/www.ipu.hr\" target=\"_blank\" rel=\"noreferrer noopener\">Institut za povijest umjetnosti, Zagreb<\/a>; <a href=\"https:\/\/speos-photo.com\/en\/\" target=\"_blank\" rel=\"noreferrer noopener\">Sp\u00e9os International Photographic Institute, Pariz<\/a>; <a href=\"https:\/\/www.magnumphotos.com\/\" target=\"_blank\" rel=\"noreferrer noopener\">Magnum Photos Endowment Fund, Pariz<\/a>; <a href=\"https:\/\/croatian-photography.com\/en\/\" target=\"_blank\" rel=\"noreferrer noopener\">Ured za fotografiju, Zagreb<\/a>; <a href=\"https:\/\/www.deusto.es\/cs\/Satellite\/deusto\/es\/universidad-deusto\" target=\"_blank\" rel=\"noreferrer noopener\">Sveu\u010dili\u0161te Deusto, Bilbao<\/a><\/p>\n\n\n\n<p>Fotografski arhivi ne sastoje se samo od prikupljanja, pisanja i kuriranja. Recentne globalno ra\u0161irene rasprave prepoznaju arhive kao nositelje velikih promjena u razli\u010ditim diskursima \u2013 institucionalnim, obrazovnim, povijesnim. Oni omogu\u0107uju potrebne poticaje za umre\u017eavanje i podizanje svijesti o nu\u017enosti o\u010duvanja vrijedne dokumentacije (uzimaju\u0107i u obzir i onu koja jo\u0161 uvijek nije otkrivena), dok pritom kroz kontinuirano istra\u017eivanje i interpretaciju poti\u010du nova znanja. Arhivi su neizbje\u017eni za kriti\u010dko razmi\u0161ljanje o utjecaju povijesti na suvremeni trenutak. Fotografski arhivi nude va\u017eno kulturno svjedo\u010danstvo i strate\u0161ko su sredstvo pri podizanju svijesti i ponovnom razmatranju povijesti kroz prizmu civilizacijskih vrijednosti koje su kroz mnoga razdoblja bile ugro\u017eene. Posebno je to bitno na primjeru fotografkinja koje su nerijetko izostavljane iz arhivskog diskursa.<\/p>\n\n\n\n<p>Brojni arhivi postoje u institucijama diljem svijeta, ali na mnoge od njih nije skrenuta pozornost stru\u010dnjaka i \u0161ire javnosti. Osim toga, mnogi fotografi i\/ili \u010dlanovi njihovih obitelji nastavljaju s praksom privatnog \u010duvanja arhiva, \u010desto bez potrebnih osnovnih znanja o njihovu odr\u017eavanju, o otvaranju arhiva za javnost ili o na\u010dinima kako se barem djelomi\u010dno povezati s institucijama. Cilj ove konferencije je <strong>istra\u017eivanje na\u010dina na koje se fotografije arhiviraju i prikupljaju kao privatne ili javne; potraga za novim alatima i obradama arhivskog materijala koji pridonose podizanju svijesti o ulozi fotografskih arhiva te poticanju razvoja njihove dru\u0161tvene relevantnosti. <\/strong>Tako\u0111er prihva\u0107amo priloge povezane sa \u0161irokom mre\u017eom znanja i vje\u0161tina potrebnih u fotografskim praksama, istra\u017eivanjima, cirkulaciji i suradnji, nagla\u0161avaju\u0107i pritom dru\u0161tvene, politi\u010dke, reprezentacijske diskurse povijesti fotografije i njene sada\u0161njosti, kao i priloge iz perspektive povijesti, kriti\u010dke teorije, povijesti umjetnosti, vizualnih studija, arhivskih studija, antropologije i drugih humanisti\u010dkih i dru\u0161tvenih disciplina. Pozivamo istra\u017eiva\u010de, kustose, arhivske stru\u010dnjake i vlasnike privatnih arhiva da prevladaju neprisutnost te podignu glas margine stvaraju\u0107i na taj na\u010din veze izme\u0111u nedovoljno zastupljenih, migratornih, nepregledanih arhiva i institucija koje imaju bolji, privilegirani status.<\/p>\n\n\n\n<p>Predava\u010de se poti\u010de da odgovore na sljede\u0107a i sli\u010dna pitanja:<\/p>\n\n\n\n<p><strong>Izgradnja arhiva<\/strong><\/p>\n\n\n\n<ul class=\"wp-block-list\"><li>Mogu li arhivisti napustiti tradicionalne pristupe u obradi arhivskog gradiva u korist novih na\u010dina koji ubrzavaju pristup korisnika arhivskim zbirkama?<\/li><li>Koje bi se proceduralne i tehni\u010dke inovacije mogle primijeniti u obradi arhivskog gradiva kako bi se postiglo produktivnije i odr\u017eivije upravljanje fotografskim zbirkama te ve\u0107a mogu\u0107nost pristupa?<\/li><li>Je li fotografija \u201esamo\u201c tehnika za konstrukciju imaginarnog svijeta, a arhiv kulturni narativ realnosti?<\/li><li>Kako odr\u017eati \u201earhivsku groznicu\u201c?<\/li><li>Imaju\u0107i na umu Derridine rije\u010di, kako definirati objektivnost, pristup i mo\u0107 u suvremenim arhivima?<\/li><li>Koje je predznanje potrebno korisniku kako bi znao\/la \u0161to tra\u017ei i kako bi na temelju toga stvorio\/la novo znanje?<\/li><li>Na koji na\u010din arhivske institucije mogu u\u010dvrstiti svoj odnos s korisnicima i promovirati nove na\u010dine interakcije s ciljanim zajednicama?<\/li><li>Koje strategije, resursi i programi mogu pomo\u0107i organizacijama i privatnim osobama koje posjeduju fotografske arhive u razvijanju relevantnosti arhiva za op\u0107u javnost?<\/li><\/ul>\n\n\n\n<p><strong>Privatnost vs. javni interes<\/strong><\/p>\n\n\n\n<ul class=\"wp-block-list\"><li>Kako prona\u0107i ravnote\u017eu izme\u0111u privatnog prostora arhiva i javne znati\u017eelje?<\/li><li>Kako stvoriti pristupa\u010dne i \u010ditljive dokumente, a da se pritom po\u0161tuje ne\u010dije pravo na privatnost nad sadr\u017eajem koji se \u010duva u arhivu?<\/li><li>Kako se odnositi prema novim informacijama, kako ih predstaviti \u2013 na primjer, pozadinu fotografije (koja je svojevrsna \u201evremenska kapsula\u201c tog snimka)?<\/li><li>Koliko su va\u017ene osobne pri\u010de u interpretaciji arhiva? Trebaju li osobna svjedo\u010danstva i dalje biti isklju\u010dena iz institucionalnih metoda obrade?<\/li><li>Prepoznavanje zna\u010denja arhivskog predmeta uz pomo\u0107 interpretacije, klasifikacije i izlo\u017ebenog postava.<\/li><\/ul>\n\n\n\n<p><strong>\u201eMale\u201c europske povijesti u fotografskim arhivima<\/strong><\/p>\n\n\n\n<ul class=\"wp-block-list\"><li>Prilozi koji se bave odnosom i mogu\u0107im vezama iz perioda Hladnog rata tako\u0111er su dobrodo\u0161li.<\/li><li>Kako promovirati svijest o zajedni\u010dkoj europskoj povijesti i vrijednostima uz pomo\u0107 fotografskih arhiva?<\/li><li>Zaokret od povijesnog prema arhivskom diskursu \u2013 kako \u2018dodati\u2019 \u017eene u ve\u0107 postoje\u0107e narative?<\/li><\/ul>\n\n\n\n<p><strong>Fotoarhiv kao umjetni\u010dki aparat<\/strong><\/p>\n\n\n\n<ul class=\"wp-block-list\"><li>Interpretacije razli\u010ditih pozicija \u2013 fotograf kao umjetnik i\/ili arhivist.<\/li><li>Koriste li arhivi u potpunosti mogu\u0107nosti suvremenih umjetni\u010dkih projekata za istra\u017eivanja vlastitih zbirki?<\/li><\/ul>\n\n\n\n<p>Konferencija \u0107e se odr\u017eati u <strong>Zagrebu 21. i 22. listopada 2021.<\/strong> Dio je projekta <strong><a href=\"https:\/\/www.ipu.hr\/article\/en\/991\/the-cycle-photographic-legacy-management\">\u201eThe Cycle: European Training in Photographic Legacy Management\u201c <\/a><\/strong>koji se provodi uz financijsku podr\u0161ku programa Kreativna Europa. Forma konferencije (u\u017eivo, online ili hibridna) odredit \u0107e se po\u010detkom rujna 2021. ovisno o op\u0107oj epidemiolo\u0161koj situaciji.<\/p>\n\n\n\n<p>Molimo da Va\u0161 sa\u017eetak s naslovom predlo\u017eenog izlaganja (do 500 rije\u010di) i Va\u0161 \u017eivotopis (do 150 rije\u010di) po\u0161aljete na e-mail adresu Sandre Kri\u017ei\u0107 Roban (<a href=\"mailto:skrizic@ipu.hr\">skrizic@ipu.hr<\/a>) najkasnije do <strong>1. lipnja 2021. <\/strong>Jezik konferencije je engleski.<\/p>\n\n\n\n<p>&#8211;<br><br><strong>Va\u017eni datumi:<\/strong><\/p>\n\n\n\n<ul class=\"wp-block-list\"><li>Rok za predaju sa\u017eetaka: 1. 6. 2021.<\/li><li>Obavijest o prihva\u0107anju prijave: 30. 6. 2021.<\/li><li>Predaja PPT prezentacija: 20. 10. 2021.<\/li><\/ul>\n\n\n\n<hr class=\"wp-block-separator\"\/>\n\n\n\n<p>Izvor: <a href=\"https:\/\/www.ipu.hr\/article\/hr\/1030\/spustanje-arhivske-groznice\">https:\/\/www.ipu.hr\/article\/hr\/1030\/spustanje-arhivske-groznice<\/a><\/p>\n\n\n\n<hr class=\"wp-block-separator\"\/>\n","protected":false},"excerpt":{"rendered":"","protected":false},"author":2,"featured_media":26064,"comment_status":"open","ping_status":"open","sticky":false,"template":"","format":"standard","meta":{"_acf_changed":false,"jetpack_post_was_ever_published":false,"_jetpack_newsletter_access":"","_jetpack_dont_email_post_to_subs":false,"_jetpack_newsletter_tier_id":0,"_jetpack_memberships_contains_paywalled_content":false,"_jetpack_memberships_contains_paid_content":false,"footnotes":"","jetpack_publicize_message":"","jetpack_publicize_feature_enabled":true,"jetpack_social_post_already_shared":true,"jetpack_social_options":{"image_generator_settings":{"template":"highway","default_image_id":0,"font":"","enabled":false},"version":2}},"categories":[3,9],"tags":[],"class_list":["post-26063","post","type-post","status-publish","format-standard","has-post-thumbnail","hentry","category-novosti","category-skupovi"],"acf":{"facebook_opis":""},"jetpack_publicize_connections":[],"jetpack_featured_media_url":"https:\/\/i0.wp.com\/historiografija.hr\/wp-content\/uploads\/2021\/04\/cfp-cycle-conference-zagreb-scaled.jpg?fit=2560%2C1600&ssl=1","jetpack_sharing_enabled":true,"jetpack-related-posts":[],"_links":{"self":[{"href":"https:\/\/historiografija.hr\/index.php?rest_route=\/wp\/v2\/posts\/26063","targetHints":{"allow":["GET"]}}],"collection":[{"href":"https:\/\/historiografija.hr\/index.php?rest_route=\/wp\/v2\/posts"}],"about":[{"href":"https:\/\/historiografija.hr\/index.php?rest_route=\/wp\/v2\/types\/post"}],"author":[{"embeddable":true,"href":"https:\/\/historiografija.hr\/index.php?rest_route=\/wp\/v2\/users\/2"}],"replies":[{"embeddable":true,"href":"https:\/\/historiografija.hr\/index.php?rest_route=%2Fwp%2Fv2%2Fcomments&post=26063"}],"version-history":[{"count":1,"href":"https:\/\/historiografija.hr\/index.php?rest_route=\/wp\/v2\/posts\/26063\/revisions"}],"predecessor-version":[{"id":26065,"href":"https:\/\/historiografija.hr\/index.php?rest_route=\/wp\/v2\/posts\/26063\/revisions\/26065"}],"wp:featuredmedia":[{"embeddable":true,"href":"https:\/\/historiografija.hr\/index.php?rest_route=\/wp\/v2\/media\/26064"}],"wp:attachment":[{"href":"https:\/\/historiografija.hr\/index.php?rest_route=%2Fwp%2Fv2%2Fmedia&parent=26063"}],"wp:term":[{"taxonomy":"category","embeddable":true,"href":"https:\/\/historiografija.hr\/index.php?rest_route=%2Fwp%2Fv2%2Fcategories&post=26063"},{"taxonomy":"post_tag","embeddable":true,"href":"https:\/\/historiografija.hr\/index.php?rest_route=%2Fwp%2Fv2%2Ftags&post=26063"}],"curies":[{"name":"wp","href":"https:\/\/api.w.org\/{rel}","templated":true}]}}