{"id":26056,"date":"2021-04-30T20:36:07","date_gmt":"2021-04-30T20:36:07","guid":{"rendered":"http:\/\/historiografija.hr\/?p=26056"},"modified":"2021-04-30T20:42:33","modified_gmt":"2021-04-30T20:42:33","slug":"rosa-luxemburg-o-umjetnosti-i-knjizevnosti","status":"publish","type":"post","link":"https:\/\/historiografija.hr\/?p=26056","title":{"rendered":"Rosa Luxemburg, \u201cO umjetnosti i knji\u017eevnosti\u201d"},"content":{"rendered":"\n<p><strong>izdava\u010d:<\/strong> [BLOK] | Lokalna baza za osvje\u017eavanje kulture<br><br><strong>Biblioteka Tendencija<\/strong><br><br><strong>urednice biblioteke:<\/strong> Ana Kutle\u0161a, Ivana Hana\u010dek, Vesna Vukovi\u0107<br><br><strong>prijevod:<\/strong> Vesna Vukovi\u0107<br><br><strong>predgovor:<\/strong> Vesna Vukovi\u0107<br><br><strong>dizajn:<\/strong> Hrvoje \u017div\u010di\u0107<br><br><strong>jezik:<\/strong> hrvatski<br><br><strong>godina izdanja:<\/strong> 2020.<\/p>\n\n\n\n<hr class=\"wp-block-separator\"\/>\n\n\n\n<p>&#8220;Marksisti\u010dka filozofkinja, politi\u010dka ekonomistica, revolucionarna socijalistkinja Rosa Luxemburg, jedna od najranijih \u017ertava fa\u0161izma, koju je zajedno s Karlom Liebknechtom desni\u010darska Freikorps milicija pogubila u Berlinu 1919., bila je i strastvena \u010ditateljica i komentatorica knji\u017eevnih djela, o \u010demu najbolje svjedo\u010di njezina opse\u017ena epistolarna ostav\u0161tina. I ne samo pisma, Rosa Luxemburg je, kao i Karl Marx, i svoje teorijske tekstove &#8216;zapaprila&#8217; reakcijama i razmi\u0161ljanjima o knji\u017eevnim djelima razli\u010ditih autora, kako klasika tako i suvremenika, iz vi\u0161e nacionalnih knji\u017eevnosti: francuske, njema\u010dke, poljske, engleske i &#8211; prije svega &#8211; ruske.<\/p>\n\n\n\n<p>Ovo izdanje okuplja izbor iz njezinih \u010dlanaka o knji\u017eevnicima koji nadilaze portrete pojedina\u010dnih autora, ne samo smje\u0161taju\u0107i ih u \u0161ire historijske i politi\u010dke okvire, nego i \u0161ire\u0107i aspekte razmi\u0161ljanja o umjetnosti, ponajprije istra\u017euju\u0107i napeti odnos politike i knji\u017eevnosti. Njezin \u017ear za strukturnim zahva\u0107anjem knji\u017eevnosti ne proizlazi tek iz \u017eivog \u010ditala\u010dkog interesa, ve\u0107 i iz interesa za problematiku nacionalizma, a s njome i uloge koju je knji\u017eevnost u formiranju nacije i nacionalne kulture imala. Pisani u periodu od prvih godina 20. st. pa do pred smrt, oni prate i razdoblje njezinih neprestanih borbi te otkrivaju podjele u radni\u010dkom pokretu i razdore unutar Socijaldemokratske Partije Njema\u010dke (SPD) \u010dijem je lijevom krilu pripadala. Utoliko su va\u017ean materijal za razumijevanje estetike lijeve njema\u010dke socijaldemokracije, ali i zanimljiv uvod u rasprave (i sukobe) na ljevici koje su obilje\u017eili prvu polovicu pro\u0161log stolje\u0107a. Na koncu, \u010dinjenica da su se u okvirima radni\u010dkog pokreta vodile tako brojne i tako otvorene polemike o knji\u017eevnosti (i umjetnosti), govori o tome koliko je ta ljudska djelatnost bila va\u017ena u izgradnji pokreta, kao jedno od glavnih sredstava emancipacije radni\u0161tva.&#8221;<\/p>\n\n\n\n<p><strong>(iz Predgovora)<\/strong><\/p>\n\n\n\n<hr class=\"wp-block-separator\"\/>\n\n\n\n<p><strong>Izdavanje publikacije financijski podupire <a href=\"https:\/\/www.rosalux.rs\/\">Rosa Luxemburg Stiftung Southeast Europe <\/a>iz sredstava Ministarstva vanjskih poslova Savezne Republike Njema\u010dke.Ova publikacija ili njezini dijelovi mogu se koristiti bez naknade uz obavezno navo\u0111enje izvora. Sadr\u017eaj publikacije je isklju\u010diva odgovornost izdava\u010da i ne odra\u017eava stavove Rosa Luxemburg Stiftung Southeast Europe.<\/strong><\/p>\n\n\n\n<p><strong>PUBLIKACIJA SE MO\u017dE NABAVITI U BAZI.<\/strong><\/p>\n\n\n\n<p>Preuzmi <strong>pdf<\/strong><\/p>\n\n\n\n<hr class=\"wp-block-separator\"\/>\n\n\n\n<p>Izvor: <a href=\"http:\/\/www.blok.hr\/hr\/izdavastvo\/rosa-luxemburg-o-umjetnosti-i-knjizevnosti\">http:\/\/www.blok.hr\/hr\/izdavastvo\/rosa-luxemburg-o-umjetnosti-i-knjizevnosti<\/a><\/p>\n\n\n\n<hr class=\"wp-block-separator\"\/>\n\n\n\n<p>PROMOCIJA KNJIGE ROSE LUXEMBURG &#8220;O UMJETNOSTI I KNJI\u017dEVNOSTI&#8221;<\/p>\n\n\n\n<p><a href=\"http:\/\/www.blok.hr\/hr\/politicka-skola-za-umjetnike\/promocija-knjige-rose-luxemburg-o-umjetnosti-i-knjizevnosti\">http:\/\/www.blok.hr\/hr\/politicka-skola-za-umjetnike\/promocija-knjige-rose-luxemburg-o-umjetnosti-i-knjizevnosti<\/a><\/p>\n\n\n\n<figure class=\"wp-block-embed-youtube wp-block-embed is-type-video is-provider-youtube wp-embed-aspect-16-9 wp-has-aspect-ratio\"><div class=\"wp-block-embed__wrapper\">\n<span class=\"embed-youtube\" style=\"text-align:center; display: block;\"><iframe loading=\"lazy\" class=\"youtube-player\" width=\"860\" height=\"484\" src=\"https:\/\/www.youtube.com\/embed\/OVfrq-FSBBo?version=3&#038;rel=1&#038;showsearch=0&#038;showinfo=1&#038;iv_load_policy=1&#038;fs=1&#038;hl=hr&#038;autohide=2&#038;wmode=transparent\" allowfullscreen=\"true\" style=\"border:0;\" sandbox=\"allow-scripts allow-same-origin allow-popups allow-presentation allow-popups-to-escape-sandbox\"><\/iframe><\/span>\n<\/div><\/figure>\n\n\n\n<hr class=\"wp-block-separator\"\/>\n\n\n\n<p><strong>Estetika revolucije<\/strong><\/p>\n\n\n\n<p>U povodu 150. godi\u0161njice ro\u0111enja Rose Luxemburg i recentnog izdanja njezinih \u010dlanaka: Rosa Luxemburg duboko je bila povezana sa sudbinom njema\u010dkog radni\u010dkog pokreta, a u kulturi fascinirana fenomenom zaostatka. Kao teoreti\u010darku kulture i knji\u017eevnosti upoznajemo je u nedavno objavljenom izboru njezinih \u010dlanaka<\/p>\n\n\n\n<p><a href=\"https:\/\/www.portalnovosti.com\/estetika-revolucije\">https:\/\/www.portalnovosti.com\/estetika-revolucije<\/a><\/p>\n\n\n\n<hr class=\"wp-block-separator\"\/>\n","protected":false},"excerpt":{"rendered":"","protected":false},"author":2,"featured_media":26057,"comment_status":"open","ping_status":"open","sticky":false,"template":"","format":"standard","meta":{"_acf_changed":false,"jetpack_post_was_ever_published":false,"_jetpack_newsletter_access":"","_jetpack_dont_email_post_to_subs":false,"_jetpack_newsletter_tier_id":0,"_jetpack_memberships_contains_paywalled_content":false,"_jetpack_memberships_contains_paid_content":false,"footnotes":"","jetpack_publicize_message":"","jetpack_publicize_feature_enabled":true,"jetpack_social_post_already_shared":true,"jetpack_social_options":{"image_generator_settings":{"template":"highway","default_image_id":0,"font":"","enabled":false},"version":2}},"categories":[8,3],"tags":[],"class_list":["post-26056","post","type-post","status-publish","format-standard","has-post-thumbnail","hentry","category-knjige","category-novosti"],"acf":{"facebook_opis":""},"jetpack_publicize_connections":[],"jetpack_featured_media_url":"https:\/\/i0.wp.com\/historiografija.hr\/wp-content\/uploads\/2021\/04\/rosa_social.jpg?fit=475%2C475&ssl=1","jetpack_sharing_enabled":true,"jetpack-related-posts":[],"_links":{"self":[{"href":"https:\/\/historiografija.hr\/index.php?rest_route=\/wp\/v2\/posts\/26056","targetHints":{"allow":["GET"]}}],"collection":[{"href":"https:\/\/historiografija.hr\/index.php?rest_route=\/wp\/v2\/posts"}],"about":[{"href":"https:\/\/historiografija.hr\/index.php?rest_route=\/wp\/v2\/types\/post"}],"author":[{"embeddable":true,"href":"https:\/\/historiografija.hr\/index.php?rest_route=\/wp\/v2\/users\/2"}],"replies":[{"embeddable":true,"href":"https:\/\/historiografija.hr\/index.php?rest_route=%2Fwp%2Fv2%2Fcomments&post=26056"}],"version-history":[{"count":2,"href":"https:\/\/historiografija.hr\/index.php?rest_route=\/wp\/v2\/posts\/26056\/revisions"}],"predecessor-version":[{"id":26059,"href":"https:\/\/historiografija.hr\/index.php?rest_route=\/wp\/v2\/posts\/26056\/revisions\/26059"}],"wp:featuredmedia":[{"embeddable":true,"href":"https:\/\/historiografija.hr\/index.php?rest_route=\/wp\/v2\/media\/26057"}],"wp:attachment":[{"href":"https:\/\/historiografija.hr\/index.php?rest_route=%2Fwp%2Fv2%2Fmedia&parent=26056"}],"wp:term":[{"taxonomy":"category","embeddable":true,"href":"https:\/\/historiografija.hr\/index.php?rest_route=%2Fwp%2Fv2%2Fcategories&post=26056"},{"taxonomy":"post_tag","embeddable":true,"href":"https:\/\/historiografija.hr\/index.php?rest_route=%2Fwp%2Fv2%2Ftags&post=26056"}],"curies":[{"name":"wp","href":"https:\/\/api.w.org\/{rel}","templated":true}]}}