{"id":26053,"date":"2021-04-29T21:50:37","date_gmt":"2021-04-29T21:50:37","guid":{"rendered":"http:\/\/historiografija.hr\/?p=26053"},"modified":"2021-04-29T21:50:37","modified_gmt":"2021-04-29T21:50:37","slug":"online-symposium-counter-archive","status":"publish","type":"post","link":"https:\/\/historiografija.hr\/?p=26053","title":{"rendered":"Online Symposium \u201cCounter-Archive\u201d"},"content":{"rendered":"\n<p>A fascination with archives often entails a longing to return to sources, stories, and their beginnings. It is associated with a meticulous attention to detail, the uncovering of exciting connections, the collection of testimonies and reliable traces, accounts that corroborate a story, and contribute to the (re)construction of histories from below. However, at a time when the notion of the \u2018archive\u2019 threatens to become a dead metaphor or a cheap replacement for \u2018canon\u2019 or \u2018corpus\u2019, the symposium suggests to take a particularly contentious example \u2014 that of the Yugoslav Partisan \u2018counter-archive\u2019 \u2014 as a starting-point for its reconsideration of archival politics.<\/p>\n\n\n\n<p>The Yugoslav, socialist, and Partisan past was both demonized by the resurgent Balkan nationalist projects of the 1990s and commodified by Yugonostalgic memorialization, stylized as either heroic or droll. Against these versions of a \u2018frozen\u2019 past, a multiplicity of projects, cultural, artistic, or political, have sought to document and aggregate past fragments, diverse snapshots, artworks, political events \u2014 a diverse archive to be retrieved in order to unsettle current narratives and mobilize emancipatory changes. The term \u2018Partisan counter-archive\u2019 in particular builds on two recent publications, Gal Kirn\u2019s <em>Partisan Counter Archive <\/em>and Davor Konjuku\u0161i\u0107\u2019s<em> Red Light<\/em>, which tackle the return to the Yugoslav Partisan struggle and its after-life, going beyond both revisionism and nostalgia.<\/p>\n\n\n\n<p>Seeking to connect this particular example to wider revolutionary and decolonial histories, the symposium will also draw on some of the most advanced considerations of archival practices in radical modernist traditions and contemporary art. How can counter-archives connect the testimonies and legacies of past struggles with the victims of today\u2019s oppression? What kind of power struggles are produced by counter-archives, and how do they manage to draw attention to what has been lost, overlooked, reduced, suppressed, or omitted from national archives and established historiography?<\/p>\n\n\n\n<p>These questions and similar lines of inquiry will be discussed by researchers, artists, and filmmakers who have been working on (or with) the notion of counter-archive\/s, recombining and reinterpreting the legacy of the oppressed. Coming from various disciplines and dealing with different archival materials, participants of this symposium share a critical awareness that the work on and with archives is traversed by profound power struggles.<\/p>\n\n\n\n<p><strong>Organized by<\/strong><\/p>\n\n\n\n<p>Gal Kirn and Claudia Peppel<\/p>\n\n\n\n<p>This ICI event is organized in cooperation with the project R\u00e9.Part \u2013 Partisan Resistance(s): Visual culture, collective imagination and revolutionary memory (ANR-15-IDEX-02) of Laboratoire de Recherche Historique Rh\u00f4ne-Alpes (LARHRA) de l\u2019Universit\u00e9 Grenoble Alpes, with generous support of the Rosa-Luxemburg-Stiftung<\/p>\n\n\n\n<p><strong>With<\/strong><\/p>\n\n\n\n<p>Daniela Agostinho<br>Cristina Baldacci<br>Paula Barreiro L\u00f3pez<br>Omer Fast<br>Jacopo Galimberti<br>Sanja Horvatin\u010di\u0107<br>Davor Konjiku\u0161i\u0107<br>Alia Mossallam<br>Marta Popivoda<br>Elena Vogman<br>Ana Vujanovi\u0107<\/p>\n\n\n\n<p>Thursday, 29 April 2021<\/p>\n\n\n\n<p>Friday, 30 April 2021<\/p>\n\n\n\n<figure class=\"wp-block-embed-wordpress wp-block-embed is-type-wp-embed is-provider-ici-berlin\"><div class=\"wp-block-embed__wrapper\">\n<blockquote class=\"wp-embedded-content\" data-secret=\"0JZsOQrFm2\"><a href=\"https:\/\/www.ici-berlin.org\/events\/counter-archive\/\">Counter-Archive<\/a><\/blockquote><iframe loading=\"lazy\" class=\"wp-embedded-content\" sandbox=\"allow-scripts\" security=\"restricted\" style=\"position: absolute; clip: rect(1px, 1px, 1px, 1px);\" title=\"&#8220;Counter-&lt;br&gt;Archive&#8221; &#8212; ICI Berlin\" src=\"https:\/\/www.ici-berlin.org\/events\/counter-archive\/embed\/#?secret=0JZsOQrFm2\" data-secret=\"0JZsOQrFm2\" width=\"600\" height=\"338\" frameborder=\"0\" marginwidth=\"0\" marginheight=\"0\" scrolling=\"no\"><\/iframe>\n<\/div><\/figure>\n\n\n\n<p><a href=\"https:\/\/www.ici-berlin.org\/wp-content\/uploads\/2021\/02\/CounterArchives_Programme.pdf\">https:\/\/www.ici-berlin.org\/wp-content\/uploads\/2021\/02\/CounterArchives_Programme.pdf<\/a><\/p>\n\n\n\n<hr class=\"wp-block-separator\"\/>\n\n\n\n<p>Counter-Archive<\/p>\n\n\n\n<p>Dr. sc. Sanja Horvatin\u010di\u0107 sudjeluje s izlaganjem \u201ePartisan Dre\u017enica: Heritage from Below\u201c na me\u0111unarodnom online simpoziju \u201e<a href=\"https:\/\/www.ici-berlin.org\/events\/counter-archive\/\" target=\"_blank\" rel=\"noreferrer noopener\">Counter-Archive<\/a>\u201c, koji se 29. i 30. travnja 2021. odr\u017eava u organizaciji ICI \u2013 Institute for Cultural Inquiry u Berlinu.<\/p>\n\n\n\n<p>Program simpozija <a href=\"https:\/\/www.ici-berlin.org\/wp-content\/uploads\/2021\/02\/CounterArchives_Programme.pdf\" target=\"_blank\" rel=\"noreferrer noopener\">ovdje<\/a>.<\/p>\n\n\n\n<p>Izvor: <a href=\"https:\/\/www.ipu.hr\/article\/hr\/1050\/counter-archive\">https:\/\/www.ipu.hr\/article\/hr\/1050\/counter-archive<\/a><\/p>\n\n\n\n<hr class=\"wp-block-separator\"\/>\n","protected":false},"excerpt":{"rendered":"","protected":false},"author":2,"featured_media":26054,"comment_status":"open","ping_status":"open","sticky":false,"template":"","format":"standard","meta":{"_acf_changed":false,"jetpack_post_was_ever_published":false,"_jetpack_newsletter_access":"","_jetpack_dont_email_post_to_subs":false,"_jetpack_newsletter_tier_id":0,"_jetpack_memberships_contains_paywalled_content":false,"_jetpack_memberships_contains_paid_content":false,"footnotes":"","jetpack_publicize_message":"","jetpack_publicize_feature_enabled":true,"jetpack_social_post_already_shared":true,"jetpack_social_options":{"image_generator_settings":{"template":"highway","default_image_id":0,"font":"","enabled":false},"version":2}},"categories":[3,9],"tags":[],"class_list":["post-26053","post","type-post","status-publish","format-standard","has-post-thumbnail","hentry","category-novosti","category-skupovi"],"acf":{"facebook_opis":""},"jetpack_publicize_connections":[],"jetpack_featured_media_url":"https:\/\/i0.wp.com\/historiografija.hr\/wp-content\/uploads\/2021\/04\/KV2.jpg?fit=899%2C1200&ssl=1","jetpack_sharing_enabled":true,"jetpack-related-posts":[],"_links":{"self":[{"href":"https:\/\/historiografija.hr\/index.php?rest_route=\/wp\/v2\/posts\/26053","targetHints":{"allow":["GET"]}}],"collection":[{"href":"https:\/\/historiografija.hr\/index.php?rest_route=\/wp\/v2\/posts"}],"about":[{"href":"https:\/\/historiografija.hr\/index.php?rest_route=\/wp\/v2\/types\/post"}],"author":[{"embeddable":true,"href":"https:\/\/historiografija.hr\/index.php?rest_route=\/wp\/v2\/users\/2"}],"replies":[{"embeddable":true,"href":"https:\/\/historiografija.hr\/index.php?rest_route=%2Fwp%2Fv2%2Fcomments&post=26053"}],"version-history":[{"count":1,"href":"https:\/\/historiografija.hr\/index.php?rest_route=\/wp\/v2\/posts\/26053\/revisions"}],"predecessor-version":[{"id":26055,"href":"https:\/\/historiografija.hr\/index.php?rest_route=\/wp\/v2\/posts\/26053\/revisions\/26055"}],"wp:featuredmedia":[{"embeddable":true,"href":"https:\/\/historiografija.hr\/index.php?rest_route=\/wp\/v2\/media\/26054"}],"wp:attachment":[{"href":"https:\/\/historiografija.hr\/index.php?rest_route=%2Fwp%2Fv2%2Fmedia&parent=26053"}],"wp:term":[{"taxonomy":"category","embeddable":true,"href":"https:\/\/historiografija.hr\/index.php?rest_route=%2Fwp%2Fv2%2Fcategories&post=26053"},{"taxonomy":"post_tag","embeddable":true,"href":"https:\/\/historiografija.hr\/index.php?rest_route=%2Fwp%2Fv2%2Ftags&post=26053"}],"curies":[{"name":"wp","href":"https:\/\/api.w.org\/{rel}","templated":true}]}}