{"id":26040,"date":"2021-04-29T20:39:56","date_gmt":"2021-04-29T20:39:56","guid":{"rendered":"http:\/\/historiografija.hr\/?p=26040"},"modified":"2021-04-29T20:39:56","modified_gmt":"2021-04-29T20:39:56","slug":"ulicama-nasega-grada-pula-kroz-fotoobjektiv-alojza-orela-1950-1990-interaktivni-postav-fotografija","status":"publish","type":"post","link":"https:\/\/historiografija.hr\/?p=26040","title":{"rendered":"Ulicama na\u0161ega grada: Pula kroz fotoobjektiv Alojza Orela 1950. \u2013 1990. \u2013 interaktivni postav fotografija"},"content":{"rendered":"\n<p>Od ponedjeljka do petka, 3. \u2013 7. svibnja 2021., u prostorijama Memo muzeja u Puli (Scalierova ulica 4) mo\u0107i \u0107e se pogledati interaktivni postav fotografija naslovljen \u201cUlicama na\u0161ega grada: Pula kroz fotoobjektiv Alojza Orela 1950. \u2013 1990.\u201d. Autori postava su Milan Rado\u0161evi\u0107 i Filip Zori\u010di\u0107, a organizator Memo muzej.<\/p>\n\n\n\n<p>Postav je, u sklopu programa obilje\u017eavanja Dana grada Pule, nastao prigodnim izborom gradskih motiva iz bogatoga opusa znamenitoga pulskoga fotografa Alojza Orela. Izabrani motivi odnose se na pulske ulice, trgove i parkove u razdoblju od 1950. do 1990. godine, koje ujedno predstavljaju i najplodnije Orelove stvarala\u010dke godine.<\/p>\n\n\n\n<p>U&nbsp; gradske asfaltne i kamene \u201carterije\u201d, snabdijevane kisikom zelenih oaza,&nbsp; generacije Puljana utisnule su bezbroj nevidljivih stopa. Jedno od odredi\u0161ta bili su trgovi, okru\u017eeni ustanovama bez kojih je nemogu\u0107e zamisliti svakodnevni gradski \u017eivot. Protekom vremena i putovi i odredi\u0161ta postaju ne\u0161to vi\u0161e od prvotno namijenjene im svrhe \u2013 mjesta sje\u0107anja utkana u kolektivni identitet svih koji na ovaj ili onaj na\u010din vole ili \u017eive Pulu. Posjetitelji \u0107e mo\u0107i sami, ispod svake fotografije, dopisati svoja sje\u0107anja i utiske.<\/p>\n\n\n\n<p>U Muzeju je potrebno pridr\u017eavati se svih propisanih epidemiolo\u0161kih mjera. Istovremeno u Muzeju mo\u017ee biti prisutno&nbsp;maksimalno&nbsp;10 posjetitelja. Memo muzej posjeduje i nacionalnu oznaku sigurnosti Hrvatske turisti\u010dke zajednice \u201cStay safe in Croatia-Safe travels\u201d.<\/p>\n\n\n\n<p>Ulaz u Memo muzej tijekom postava je slobodan.<\/p>\n\n\n\n<hr class=\"wp-block-separator\"\/>\n\n\n\n<p>Izvor: <a href=\"https:\/\/ipd-ssi.hr\/?p=15615\">https:\/\/ipd-ssi.hr\/?p=15615<\/a><\/p>\n\n\n\n<hr class=\"wp-block-separator\"\/>\n","protected":false},"excerpt":{"rendered":"","protected":false},"author":2,"featured_media":26041,"comment_status":"open","ping_status":"open","sticky":false,"template":"","format":"standard","meta":{"_acf_changed":false,"jetpack_post_was_ever_published":false,"_jetpack_newsletter_access":"","_jetpack_dont_email_post_to_subs":false,"_jetpack_newsletter_tier_id":0,"_jetpack_memberships_contains_paywalled_content":false,"_jetpack_memberships_contains_paid_content":false,"footnotes":"","jetpack_publicize_message":"","jetpack_publicize_feature_enabled":true,"jetpack_social_post_already_shared":true,"jetpack_social_options":{"image_generator_settings":{"template":"highway","default_image_id":0,"font":"","enabled":false},"version":2}},"categories":[10,3],"tags":[],"class_list":["post-26040","post","type-post","status-publish","format-standard","has-post-thumbnail","hentry","category-izlozbe","category-novosti"],"acf":{"facebook_opis":""},"jetpack_publicize_connections":[],"jetpack_featured_media_url":"https:\/\/i0.wp.com\/historiografija.hr\/wp-content\/uploads\/2021\/04\/alojz-orel.jpg?fit=220%2C292&ssl=1","jetpack_sharing_enabled":true,"jetpack-related-posts":[],"_links":{"self":[{"href":"https:\/\/historiografija.hr\/index.php?rest_route=\/wp\/v2\/posts\/26040","targetHints":{"allow":["GET"]}}],"collection":[{"href":"https:\/\/historiografija.hr\/index.php?rest_route=\/wp\/v2\/posts"}],"about":[{"href":"https:\/\/historiografija.hr\/index.php?rest_route=\/wp\/v2\/types\/post"}],"author":[{"embeddable":true,"href":"https:\/\/historiografija.hr\/index.php?rest_route=\/wp\/v2\/users\/2"}],"replies":[{"embeddable":true,"href":"https:\/\/historiografija.hr\/index.php?rest_route=%2Fwp%2Fv2%2Fcomments&post=26040"}],"version-history":[{"count":1,"href":"https:\/\/historiografija.hr\/index.php?rest_route=\/wp\/v2\/posts\/26040\/revisions"}],"predecessor-version":[{"id":26042,"href":"https:\/\/historiografija.hr\/index.php?rest_route=\/wp\/v2\/posts\/26040\/revisions\/26042"}],"wp:featuredmedia":[{"embeddable":true,"href":"https:\/\/historiografija.hr\/index.php?rest_route=\/wp\/v2\/media\/26041"}],"wp:attachment":[{"href":"https:\/\/historiografija.hr\/index.php?rest_route=%2Fwp%2Fv2%2Fmedia&parent=26040"}],"wp:term":[{"taxonomy":"category","embeddable":true,"href":"https:\/\/historiografija.hr\/index.php?rest_route=%2Fwp%2Fv2%2Fcategories&post=26040"},{"taxonomy":"post_tag","embeddable":true,"href":"https:\/\/historiografija.hr\/index.php?rest_route=%2Fwp%2Fv2%2Ftags&post=26040"}],"curies":[{"name":"wp","href":"https:\/\/api.w.org\/{rel}","templated":true}]}}