{"id":26028,"date":"2021-04-28T20:46:16","date_gmt":"2021-04-28T20:46:16","guid":{"rendered":"http:\/\/historiografija.hr\/?p=26028"},"modified":"2021-05-10T19:47:28","modified_gmt":"2021-05-10T19:47:28","slug":"jugoslovenski-komunizam-u-meduratnom-periodu-naucni-skup-povodom-130-godina-od-rodenja-vladimira-copica","status":"publish","type":"post","link":"https:\/\/historiografija.hr\/?p=26028","title":{"rendered":"Jugoslovenski komunizam u me\u0111uratnom periodu: Nau\u010dni skup povodom 130 godina od ro\u0111enja Vladimira \u0106opi\u0107a"},"content":{"rendered":"\n<p>Konferencija &#8220;Jugoslovenski komunizam u me\u0111uratnom periodu: Nau\u010dni skup povodom 130 godina od ro\u0111enja Vladimira \u0106opi\u0107a&#8221;, koja \u0107e se odr\u017eati 30. travnja i 1. svibnja 2021. godine, bit \u0107e preno\u0161ena u\u017eivo na Youtubeu na sljede\u0107oj poveznici:<\/p>\n\n\n\n<p><a href=\"https:\/\/www.youtube.com\/watch?v=c3NTS4ldnco&amp;ab_channel=CulturalStudiesinSouthEastEurope\">https:\/\/www.youtube.com\/watch?v=c3NTS4ldnco&amp;ab_channel=CulturalStudiesinSouthEastEurope<\/a><\/p>\n\n\n\n<hr class=\"wp-block-separator\"\/>\n\n\n\n<p>Jugoslovenski komunizam u me\u0111uratnom periodu:<\/p>\n\n\n\n<p>Nau\u010dni skup povodom 130 godina od ro\u0111enja Vladimira \u0106opi\u0107a<\/p>\n\n\n\n<hr class=\"wp-block-separator\"\/>\n\n\n\n<p>Yugoslav Communism in the Interwar Period:<\/p>\n\n\n\n<p>A Conference Marking the 130th Anniversary of the Birth of Vladimir \u0106opi\u0107<\/p>\n\n\n\n<hr class=\"wp-block-separator\"\/>\n\n\n\n<p>30. april &#8211; 1. maj 2021.<\/p>\n\n\n\n<p>Satnica je ra\u0111ena po UTC+2 (Srednjoevropsko letnje vreme)<\/p>\n\n\n\n<p>All times are UTC+2 (Central European Summer Time)<\/p>\n\n\n\n<p>Paneli 2 i 5 su na engleskom, a 1, 3 i 4 na hrvatskom ili srpskom jeziku<\/p>\n\n\n\n<p>Panels 2 and 5 are to be held in English, and panels 1, 3, and 4 in the<\/p>\n\n\n\n<p>Croatian or Serbian language<\/p>\n\n\n\n<p>Vrijeme izlaganja je 15 minuta<\/p>\n\n\n\n<p>Exposition time is 15 minutes<\/p>\n\n\n\n<hr class=\"wp-block-separator\"\/>\n\n\n\n<p>Organizator: UNIRI projekt &#8220;Rije\u010dki krajobrazi sje\u0107anja&#8221;<\/p>\n\n\n\n<p>Organisation: UNIRI project &#8220;Rijeka Memoryscapes&#8221;<\/p>\n\n\n\n<hr class=\"wp-block-separator\"\/>\n\n\n\n<p><strong>30. april<\/strong><\/p>\n\n\n\n<p>Panel 1 Moderator: Ivan Jeli\u010di\u0107<\/p>\n\n\n\n<hr class=\"wp-block-separator\"\/>\n\n\n\n<p>14:00 Stjepan Matkovi\u0107<\/p>\n\n\n\n<p>(Sveu\u010dili\u0161te u Zagrebu, Zagreb, HR)<\/p>\n\n\n\n<p>\u201cMladohrvatski korijeni Vladimira \u0106opi\u0107a i put prema komunizmu\u201d<\/p>\n\n\n\n<hr class=\"wp-block-separator\"\/>\n\n\n\n<p>14:15 \u017deljko Karaula<\/p>\n\n\n\n<p>(Zavod HAZU Bjelovar, Bjelovar, HR)<\/p>\n\n\n\n<p>\u201cVladimir \u0106opi\u0107 i Miroslav Krle\u017ea &#8211; jedno dugo prijateljstvo\u201d<\/p>\n\n\n\n<hr class=\"wp-block-separator\"\/>\n\n\n\n<p>14:30 Stefan Gu\u017evica<\/p>\n\n\n\n<p>(Univerzitet u Regenzburgu, Regenzburg, DE)<\/p>\n\n\n\n<p>\u201cVladimir \u0106opi\u0107, Titova nesu\u0111ena desna ruka\u201d<\/p>\n\n\n\n<hr class=\"wp-block-separator\"\/>\n\n\n\n<p>14:45 Diskusija<\/p>\n\n\n\n<hr class=\"wp-block-separator\"\/>\n\n\n\n<p>15:15 Pauza<\/p>\n\n\n\n<hr class=\"wp-block-separator\"\/>\n\n\n\n<p>Panel 2 Moderator: Stefan Gu\u017evica<\/p>\n\n\n\n<hr class=\"wp-block-separator\"\/>\n\n\n\n<p>15:45 Ana Rajkovi\u0107<\/p>\n\n\n\n<p>(Hrvatski institut za povijest \u2013 Podru\u017enica za povijest Slavonije, Srijema i Baranje, Slavonski Brod, HR)<\/p>\n\n\n\n<p>\u201cThe Activism of Communist Women in Interwar Yugoslavia\u201d<\/p>\n\n\n\n<hr class=\"wp-block-separator\"\/>\n\n\n\n<p>16:00 Ivan Simi\u0107<\/p>\n\n\n\n<p>(Karlov univerzitet, Prag, CZ)<\/p>\n\n\n\n<p>\u201c\u2018The Only Road to a Full Liberation of Women\u2019: Yugoslav Communist Women and Their Soviet Mentors.\u201d<\/p>\n\n\n\n<hr class=\"wp-block-separator\"\/>\n\n\n\n<p>16:15 Minja Bujakovi\u0107<\/p>\n\n\n\n<p>(Centralnoevropski univerzitet, Budimpe\u0161ta\/Be\u010d, HU\/AT)<\/p>\n\n\n\n<p>\u201cNuances and Performances of Red: Communist Women\u2019s Activism in the Interwar Kingdom of Yugoslavia\u201d<\/p>\n\n\n\n<hr class=\"wp-block-separator\"\/>\n\n\n\n<p>16:30 Diskusija<\/p>\n\n\n\n<hr class=\"wp-block-separator\"\/>\n\n\n\n<p><strong>1. maj<\/strong><\/p>\n\n\n\n<p>Panel 3 Moderator(ka): Ana Rajkovi\u0107<\/p>\n\n\n\n<hr class=\"wp-block-separator\"\/>\n\n\n\n<p>11:00 Petar Marku\u0161<\/p>\n\n\n\n<p>(Sveu\u010dili\u0161te u Zagrebu, Zagreb, HR)<\/p>\n\n\n\n<p>\u201cEkonomska problematika u radovima \u010dlanova KPJ u me\u0111uratnom razdoblju\u201d<\/p>\n\n\n\n<hr class=\"wp-block-separator\"\/>\n\n\n\n<p>11:15 Aleksej Timofejev<\/p>\n\n\n\n<p>(Institut za noviju istoriju Srbije, Beograd, SRB)<\/p>\n\n\n\n<p>\u201cVojno-politi\u010dka nastava u Kominterni &#8211; evolucija ideje, degradacija ciljeva\u201d<\/p>\n\n\n\n<hr class=\"wp-block-separator\"\/>\n\n\n\n<p>11:30 Antonio Grgi\u0107<\/p>\n\n\n\n<p>(Tehni\u010dko sveu\u010dili\u0161te u Grazu, Graz, AT)<\/p>\n\n\n\n<p>\u201cNacionalno pitanje u me\u0111uratnoj KPJ i izgradnja spomenika u socijalisti\u010dkoj Jugoslaviji kao njezin produ\u017eetak\u201d<\/p>\n\n\n\n<hr class=\"wp-block-separator\"\/>\n\n\n\n<p>11:45 Diskusija<\/p>\n\n\n\n<hr class=\"wp-block-separator\"\/>\n\n\n\n<p>12:15 Pauza<\/p>\n\n\n\n<hr class=\"wp-block-separator\"\/>\n\n\n\n<p>Panel 4 Moderator(ka): Minja Bujakovi\u0107<\/p>\n\n\n\n<hr class=\"wp-block-separator\"\/>\n\n\n\n<p>12:45 Hrvoje Volner<\/p>\n\n\n\n<p>(Sveu\u010dili\u0161te u Osijeku, Osijek, HR)<\/p>\n\n\n\n<p>\u201cMilan Vinkovi\u0107 \u2013 politi\u010dka i sindikalna djelatnost u me\u0111uratnom razdoblju\u201d<\/p>\n\n\n\n<hr class=\"wp-block-separator\"\/>\n\n\n\n<p>13:00 Veljko Stani\u0107<\/p>\n\n\n\n<p>(Nezavisni istra\u017eiva\u010d, Beograd, SRB)<\/p>\n\n\n\n<p>\u201cBuntovna mladost: Mitra Mitrovi\u0107 o tridesetim godinama 20. veka\u201d<\/p>\n\n\n\n<hr class=\"wp-block-separator\"\/>\n\n\n\n<p>13:15 Rastko Lompar<\/p>\n\n\n\n<p>(Balkanolo\u0161ki institut SANU, Beograd, SRB)<\/p>\n\n\n\n<p>\u201cUticaj jugoslovenskih interbrigadista na politiku Kraljevine Jugoslavije prema \u0160panskom gra\u0111anskom ratu 1936-1939.\u201d<\/p>\n\n\n\n<hr class=\"wp-block-separator\"\/>\n\n\n\n<p>13:30 Diskusija<\/p>\n\n\n\n<hr class=\"wp-block-separator\"\/>\n\n\n\n<p>14:00 Pauza za ru\u010dak<\/p>\n\n\n\n<hr class=\"wp-block-separator\"\/>\n\n\n\n<p>Panel 5 Moderator: Vjeran Pavlakovi\u0107<\/p>\n\n\n\n<hr class=\"wp-block-separator\"\/>\n\n\n\n<p>15:30 Ioannis Lainas<\/p>\n\n\n\n<p>(University College London, London, UK)<\/p>\n\n\n\n<p>\u201cInterwar Crises and Socialist Response\u201d<\/p>\n\n\n\n<hr class=\"wp-block-separator\"\/>\n\n\n\n<p>15:45 John Kraljic<\/p>\n\n\n\n<p>(Nezavisni istra\u017eiva\u010d, New York, NY, USA)<\/p>\n\n\n\n<p>\u201cThe Importance of Yugoslav Communists in North America to the Communist Party of Yugoslavia during the Interwar Period\u201d<\/p>\n\n\n\n<hr class=\"wp-block-separator\"\/>\n\n\n\n<p>16:00 Ivana Hadjievska<\/p>\n\n\n\n<p>(Nezavisna istra\u017eiva\u010dica, Bitola, MK)<\/p>\n\n\n\n<p>\u201cForms of class solidarity, unionism and left political organizing among industrial workers in Vardar Macedonia (1918-1941)\u201d<\/p>\n\n\n\n<hr class=\"wp-block-separator\"\/>\n\n\n\n<p>16:15 Marta Harasimowicz<\/p>\n\n\n\n<p>(Karlov univerzitet, Prag, CZ)<\/p>\n\n\n\n<p>\u201cHeritage of the Pre-war History of Communist Parties in Contemporary Museums: Meanders of Public Discourse and Challenges\u201d<\/p>\n\n\n\n<hr class=\"wp-block-separator\"\/>\n\n\n\n<p>16:30 Diskusija<\/p>\n\n\n\n<hr class=\"wp-block-separator\"\/>\n\n\n\n<p>Kraj<\/p>\n\n\n\n<hr class=\"wp-block-separator\"\/>\n\n\n\n<div class=\"wp-block-file\"><a href=\"https:\/\/historiografija.hr\/wp-content\/uploads\/2021\/04\/Program.pdf\">Program<\/a><a href=\"https:\/\/historiografija.hr\/wp-content\/uploads\/2021\/04\/Program.pdf\" class=\"wp-block-file__button\" download>Preuzmi<\/a><\/div>\n\n\n\n<hr class=\"wp-block-separator\"\/>\n\n\n\n<p>Odjeci:<\/p>\n\n\n\n<p><a href=\"https:\/\/www.portalnovosti.com\/vladimir-copic-od-prijateljstva-s-milom-budakom-do-spanjolskog-rata\">https:\/\/www.portalnovosti.com\/vladimir-copic-od-prijateljstva-s-milom-budakom-do-spanjolskog-rata<\/a><\/p>\n\n\n\n<hr class=\"wp-block-separator\"\/>\n","protected":false},"excerpt":{"rendered":"","protected":false},"author":2,"featured_media":26029,"comment_status":"open","ping_status":"open","sticky":false,"template":"","format":"standard","meta":{"_acf_changed":false,"jetpack_post_was_ever_published":false,"_jetpack_newsletter_access":"","_jetpack_dont_email_post_to_subs":false,"_jetpack_newsletter_tier_id":0,"_jetpack_memberships_contains_paywalled_content":false,"_jetpack_memberships_contains_paid_content":false,"footnotes":"","jetpack_publicize_message":"","jetpack_publicize_feature_enabled":true,"jetpack_social_post_already_shared":true,"jetpack_social_options":{"image_generator_settings":{"template":"highway","default_image_id":0,"font":"","enabled":false},"version":2}},"categories":[3,9],"tags":[],"class_list":["post-26028","post","type-post","status-publish","format-standard","has-post-thumbnail","hentry","category-novosti","category-skupovi"],"acf":{"facebook_opis":""},"jetpack_publicize_connections":[],"jetpack_featured_media_url":"https:\/\/i0.wp.com\/historiografija.hr\/wp-content\/uploads\/2021\/04\/jugo.png?fit=1414%2C2000&ssl=1","jetpack_sharing_enabled":true,"jetpack-related-posts":[],"_links":{"self":[{"href":"https:\/\/historiografija.hr\/index.php?rest_route=\/wp\/v2\/posts\/26028","targetHints":{"allow":["GET"]}}],"collection":[{"href":"https:\/\/historiografija.hr\/index.php?rest_route=\/wp\/v2\/posts"}],"about":[{"href":"https:\/\/historiografija.hr\/index.php?rest_route=\/wp\/v2\/types\/post"}],"author":[{"embeddable":true,"href":"https:\/\/historiografija.hr\/index.php?rest_route=\/wp\/v2\/users\/2"}],"replies":[{"embeddable":true,"href":"https:\/\/historiografija.hr\/index.php?rest_route=%2Fwp%2Fv2%2Fcomments&post=26028"}],"version-history":[{"count":5,"href":"https:\/\/historiografija.hr\/index.php?rest_route=\/wp\/v2\/posts\/26028\/revisions"}],"predecessor-version":[{"id":26206,"href":"https:\/\/historiografija.hr\/index.php?rest_route=\/wp\/v2\/posts\/26028\/revisions\/26206"}],"wp:featuredmedia":[{"embeddable":true,"href":"https:\/\/historiografija.hr\/index.php?rest_route=\/wp\/v2\/media\/26029"}],"wp:attachment":[{"href":"https:\/\/historiografija.hr\/index.php?rest_route=%2Fwp%2Fv2%2Fmedia&parent=26028"}],"wp:term":[{"taxonomy":"category","embeddable":true,"href":"https:\/\/historiografija.hr\/index.php?rest_route=%2Fwp%2Fv2%2Fcategories&post=26028"},{"taxonomy":"post_tag","embeddable":true,"href":"https:\/\/historiografija.hr\/index.php?rest_route=%2Fwp%2Fv2%2Ftags&post=26028"}],"curies":[{"name":"wp","href":"https:\/\/api.w.org\/{rel}","templated":true}]}}