{"id":26025,"date":"2021-04-28T20:30:30","date_gmt":"2021-04-28T20:30:30","guid":{"rendered":"http:\/\/historiografija.hr\/?p=26025"},"modified":"2021-04-28T20:30:30","modified_gmt":"2021-04-28T20:30:30","slug":"xviii-dies-historiae-uloga-intelektualaca-u-oblikovanju-hrvatskog-nacionalnog-identiteta","status":"publish","type":"post","link":"https:\/\/historiografija.hr\/?p=26025","title":{"rendered":"XVIII. Dies historiae: &#8220;Uloga intelektualaca u oblikovanju hrvatskog nacionalnog identiteta&#8221;"},"content":{"rendered":"\n<p>Dru\u0161tvo studenata povijesti &#8220;Ivan Lu\u010di\u0107 &#8211; Lucius&#8221; organiziralo je 7. travnja 2021. godine XVIII. Dies historiae: &#8220;Uloga intelektualaca u oblikovanju hrvatskog nacionalnog identiteta&#8221;, \u010dija je snimka dostupna online.<\/p>\n\n\n\n<p>Doga\u0111aj je sponzoriran od strane Hrvatskog instituta za povijest, Arheolo\u0161kog muzeja u Zagrebu i izdava\u010dke ku\u0107e Profil Klet.<\/p>\n\n\n\n<hr class=\"wp-block-separator\"\/>\n\n\n\n<p>PROGRAM<\/p>\n\n\n\n<p>10:00 &#8211; otvorenje znanstveno-stru\u010dnog skupa<\/p>\n\n\n\n<p>10:00 &#8211; 10:15 &#8211; pozdravne rije\u010di, prof. dr. sc. Mirjana Matijevi\u0107 Sokol<\/p>\n\n\n\n<p>10:15 &#8211; 10:20 &#8211; uvodne rije\u010di, Katarina Dogan, univ. bacc. hist., predsjednica Dru\u0161tva studenata povijesti &#8220;Ivan Lu\u010di\u0107 &#8211; Lucius&#8221;<\/p>\n\n\n\n<p>10:20 &#8211; 10:40 &#8211; doc. dr. sc. Rudolf Bari\u0161i\u0107, Biti intelektualac u otomanskoj Bosni 1699.-1875.<\/p>\n\n\n\n<p>10:40 &#8211; 11:00 &#8211; doc. dr. sc. Maja Matasovi\u0107, Svijet u Hrvatskoj i Hrvatska u svijetu kroz prizmu obitelji Zrinski.<\/p>\n\n\n\n<p>11:00 &#8211; 11:20 &#8211; izv. prof. dr. sc. \u0160ime Demo, Ples s mrtvacem: Me\u0111uigra hrvatskoga i latinskoga u vrijeme razvitka modernih nacionalnih identiteta.<\/p>\n\n\n\n<p>11:20 &#8211; 11:30 &#8211; pauza<\/p>\n\n\n\n<p>11:30 &#8211; 11:50 &#8211; doc. dr. sc. Kristina Milkovi\u0107<\/p>\n\n\n\n<p>11:50 &#8211; 12:10 &#8211; mag. hist., Nikolina \u0160imetin \u0160egvi\u0107, Pojava arhitekata na hrvatskoj intelektualnoj sceni i rasprave o nacionalnom u arhitekturi u prvoj polovici 20. stolje\u0107a.<\/p>\n\n\n\n<p>12:10 &#8211; 12:30 &#8211; dr. sc. Tomislav Suni\u0107, Od intelektualca do demagoga.<\/p>\n\n\n\n<p>12:30 &#8211; 12:50 &#8211; rasprava<\/p>\n\n\n\n<p>12:50 &#8211; 13:00 &#8211; zavr\u0161ne rije\u010di i zatvaranje znanstveno-stru\u010dnog skupa<\/p>\n\n\n\n<hr class=\"wp-block-separator\"\/>\n\n\n\n<p>Izvor i dodatne informacije:<\/p>\n\n\n\n<p><a href=\"https:\/\/www.facebook.com\/events\/378181049843477\/\">https:\/\/www.facebook.com\/events\/378181049843477\/<\/a><\/p>\n\n\n\n<p><a href=\"https:\/\/www.facebook.com\/DSPLucius\">https:\/\/www.facebook.com\/DSPLucius<\/a><\/p>\n\n\n\n<hr class=\"wp-block-separator\"\/>\n","protected":false},"excerpt":{"rendered":"","protected":false},"author":2,"featured_media":26026,"comment_status":"open","ping_status":"open","sticky":false,"template":"","format":"standard","meta":{"_acf_changed":false,"jetpack_post_was_ever_published":false,"_jetpack_newsletter_access":"","_jetpack_dont_email_post_to_subs":false,"_jetpack_newsletter_tier_id":0,"_jetpack_memberships_contains_paywalled_content":false,"_jetpack_memberships_contains_paid_content":false,"footnotes":"","jetpack_publicize_message":"","jetpack_publicize_feature_enabled":true,"jetpack_social_post_already_shared":true,"jetpack_social_options":{"image_generator_settings":{"template":"highway","default_image_id":0,"font":"","enabled":false},"version":2}},"categories":[3,9],"tags":[],"class_list":["post-26025","post","type-post","status-publish","format-standard","has-post-thumbnail","hentry","category-novosti","category-skupovi"],"acf":{"facebook_opis":""},"jetpack_publicize_connections":[],"jetpack_featured_media_url":"https:\/\/i0.wp.com\/historiografija.hr\/wp-content\/uploads\/2021\/04\/Uloga-intelektualaca.jpg?fit=526%2C275&ssl=1","jetpack_sharing_enabled":true,"jetpack-related-posts":[],"_links":{"self":[{"href":"https:\/\/historiografija.hr\/index.php?rest_route=\/wp\/v2\/posts\/26025","targetHints":{"allow":["GET"]}}],"collection":[{"href":"https:\/\/historiografija.hr\/index.php?rest_route=\/wp\/v2\/posts"}],"about":[{"href":"https:\/\/historiografija.hr\/index.php?rest_route=\/wp\/v2\/types\/post"}],"author":[{"embeddable":true,"href":"https:\/\/historiografija.hr\/index.php?rest_route=\/wp\/v2\/users\/2"}],"replies":[{"embeddable":true,"href":"https:\/\/historiografija.hr\/index.php?rest_route=%2Fwp%2Fv2%2Fcomments&post=26025"}],"version-history":[{"count":1,"href":"https:\/\/historiografija.hr\/index.php?rest_route=\/wp\/v2\/posts\/26025\/revisions"}],"predecessor-version":[{"id":26027,"href":"https:\/\/historiografija.hr\/index.php?rest_route=\/wp\/v2\/posts\/26025\/revisions\/26027"}],"wp:featuredmedia":[{"embeddable":true,"href":"https:\/\/historiografija.hr\/index.php?rest_route=\/wp\/v2\/media\/26026"}],"wp:attachment":[{"href":"https:\/\/historiografija.hr\/index.php?rest_route=%2Fwp%2Fv2%2Fmedia&parent=26025"}],"wp:term":[{"taxonomy":"category","embeddable":true,"href":"https:\/\/historiografija.hr\/index.php?rest_route=%2Fwp%2Fv2%2Fcategories&post=26025"},{"taxonomy":"post_tag","embeddable":true,"href":"https:\/\/historiografija.hr\/index.php?rest_route=%2Fwp%2Fv2%2Ftags&post=26025"}],"curies":[{"name":"wp","href":"https:\/\/api.w.org\/{rel}","templated":true}]}}