{"id":26018,"date":"2021-04-28T20:00:11","date_gmt":"2021-04-28T20:00:11","guid":{"rendered":"http:\/\/historiografija.hr\/?p=26018"},"modified":"2021-04-28T20:00:11","modified_gmt":"2021-04-28T20:00:11","slug":"izlozba-frankopanski-gradovi-i-utvrde-s-podrucja-primorsko-goranske-zupanije-na-povijesnim-fotografijama-i-razglednicama","status":"publish","type":"post","link":"https:\/\/historiografija.hr\/?p=26018","title":{"rendered":"Izlo\u017eba \u201cFrankopanski gradovi i utvrde s podru\u010dja Primorsko-goranske \u017eupanije na povijesnim fotografijama i razglednicama\u201d"},"content":{"rendered":"\n<p>U sklopu programa obilje\u017eavanja 350. godi\u0161njice pogibije Petra Zrinskog i Frana Krste Frankopana koji su smaknuti 1671. u Be\u010dkom Novom Mjestu, Pomorski i povijesni muzej Hrvatskog primorja Rijeka danas je otvorio izlo\u017ebu \u2013 u prostoru svoga atrija i virtualnu \u2013 Frankopanski gradovi i utvrde s podru\u010dja Primorsko-goranske \u017eupanije na povijesnim fotografijama i razglednicama.<\/p>\n\n\n\n<hr class=\"wp-block-separator\"\/>\n\n\n\n<p>Autorice izlo\u017ebe su Tamara Mataija, Tea Perin\u010di\u0107, Antonella Vla\u0161e i Margita Cvijetinovi\u0107 koja je pripremila i on-line postav dostupan na poveznici <a href=\"https:\/\/l.facebook.com\/l.php?u=http%3A%2F%2Ffrankopani.ppmhp.hr%2F%3Ffbclid%3DIwAR1JtUoPc1R1Q1znoSeLnDnagFtwu1mWyaxrbSgY08GtwT2VdJv6SMMKw74&amp;h=AT29UnOt2wJnV9Y_35InzQgRa0E4dOAIpk613RPvWvplrApmB8iUhfHU3epfU0msanGqh6EQBy88pw7zgg4LJ791tqr-Mefjp_BpI5JbFbskYB3EXhThpYAiNEQ59w5JP08&amp;__tn__=-UK-R&amp;c%5b0%5d=AT3B9F0uMLmoDfBfLvTlPPowv0OQXXY_BEbTQPrYLuk5DUmutGvTxvN4HoOdBW07tpOytXKx8KqYO6s1lrmjomPQUkAEEoYrhCKQ7yP3jDS19AsZp3BPUMGKSnhCMEP_F5xa2QSDMenCq_xx41gw1wYQviuKfjhWkCdgIRT3JVKQEqK9TMu3dAa-O3YO\" target=\"_blank\" rel=\"noreferrer noopener\">http:\/\/frankopani.ppmhp.hr\/<\/a>.<\/p>\n\n\n\n<p>Izlo\u017eba je financirana sredstvima Ministarstva kulture i medija Republike Hrvatske, Primorsko-goranske \u017eupanije i Grada Rijeke.<\/p>\n\n\n\n<p>Frankopani (Frankapani) su kao jedna od najzna\u010dajnijih i najstarijih hrvatskih plemi\u0107kih obitelji ostavili&nbsp; mnogobrojna svjedo\u010danstva svojega djelovanja, pokretna i nepokretna kulturna dobra. Najvidljiviji su znak njihove vlasti mnogobrojni gradovi i utvrde koje su podigli. Zahvaljuju\u0107i projektu \u201cKulturno-turisti\u010dka ruta Putovima Frankopana\u201d, u organizaciji Primorsko-goranske \u017eupanije, povezujemo povijest dvadesetak dobro znanih mjesta, osobito na podru\u010dju otoka Krka, Vinodola i Gorskoga kotara uz tu slavnu obitelj, iako se mo\u017ee se re\u0107i kako gotovo da nema mjesta isto\u010dno od Rje\u010dine, ju\u017eno od Kupe i zapadno od Cetine, a da na neki na\u010din ne govori o Frankopanima.<\/p>\n\n\n\n<p>Vizualnom gra\u0111om iz fundusa Muzeja \u2013 zemljopisnim kartama, nacrtima, knjigama, razglednicama, povijesnim fotografijama i grafikama kao jednim od najzna\u010dajnijih izvora u prou\u010davanju ostataka nepokretne kulturne ba\u0161tine koja osim kulturno-povijesnog i umjetni\u010dkog ima i nemjerljivo dokumentarno zna\u010denje \u2013 predstavljamo frankopanske posjede s podru\u010dja Primorsko-goranske \u017eupanije i podsje\u0107amo na njihove mijene posljednjih stotinjak godina zabilje\u017eene objektivom fotoaparata i sa\u010duvane u brojnim reprodukcijama.<\/p>\n\n\n\n<p>Pozivamo vas da po\u0161tuju\u0107i pravila za\u0161tite od bolesti COVID-19 posjetite na\u0161u izlo\u017ebu u Muzeju, ali i virtualno, na poveznici <a href=\"http:\/\/frankopani.ppmhp.hr\/\">http:\/\/frankopani.ppmhp.hr\/<\/a> i vidite kako su nekad izgledali gradovi u kojima \u017eivimo te koliko je i kako vrijeme na njih utjecalo.<\/p>\n\n\n\n<hr class=\"wp-block-separator\"\/>\n\n\n\n<p>Izvori i dodatne informacije:<\/p>\n\n\n\n<figure class=\"wp-block-embed-wordpress wp-block-embed is-type-wp-embed is-provider-pomorski-i-povijesni-muzej-hrvatskog-primorja-rijeka\"><div class=\"wp-block-embed__wrapper\">\n<blockquote class=\"wp-embedded-content\" data-secret=\"dWBIFzeSiw\"><a href=\"https:\/\/ppmhp.hr\/podsjetnik-na-frankopane\/\">Podsjetnik na Frankopane<\/a><\/blockquote><iframe loading=\"lazy\" class=\"wp-embedded-content\" sandbox=\"allow-scripts\" security=\"restricted\" style=\"position: absolute; clip: rect(1px, 1px, 1px, 1px);\" title=\"&#8220;Podsjetnik na Frankopane&#8221; &#8212; Pomorski i povijesni muzej Hrvatskog primorja Rijeka\" src=\"https:\/\/ppmhp.hr\/podsjetnik-na-frankopane\/embed\/#?secret=dWBIFzeSiw\" data-secret=\"dWBIFzeSiw\" width=\"600\" height=\"338\" frameborder=\"0\" marginwidth=\"0\" marginheight=\"0\" scrolling=\"no\"><\/iframe>\n<\/div><\/figure>\n\n\n\n<p><a href=\"https:\/\/www.facebook.com\/ppmhp\/\">https:\/\/www.facebook.com\/ppmhp\/<\/a><\/p>\n\n\n\n<hr class=\"wp-block-separator\"\/>\n","protected":false},"excerpt":{"rendered":"","protected":false},"author":2,"featured_media":26019,"comment_status":"open","ping_status":"open","sticky":false,"template":"","format":"standard","meta":{"_acf_changed":false,"jetpack_post_was_ever_published":false,"_jetpack_newsletter_access":"","_jetpack_dont_email_post_to_subs":false,"_jetpack_newsletter_tier_id":0,"_jetpack_memberships_contains_paywalled_content":false,"_jetpack_memberships_contains_paid_content":false,"footnotes":"","jetpack_publicize_message":"","jetpack_publicize_feature_enabled":true,"jetpack_social_post_already_shared":true,"jetpack_social_options":{"image_generator_settings":{"template":"highway","default_image_id":0,"font":"","enabled":false},"version":2}},"categories":[10,3],"tags":[],"class_list":["post-26018","post","type-post","status-publish","format-standard","has-post-thumbnail","hentry","category-izlozbe","category-novosti"],"acf":{"facebook_opis":""},"jetpack_publicize_connections":[],"jetpack_featured_media_url":"https:\/\/i0.wp.com\/historiografija.hr\/wp-content\/uploads\/2021\/04\/Utvrde.jpg?fit=526%2C275&ssl=1","jetpack_sharing_enabled":true,"jetpack-related-posts":[],"_links":{"self":[{"href":"https:\/\/historiografija.hr\/index.php?rest_route=\/wp\/v2\/posts\/26018","targetHints":{"allow":["GET"]}}],"collection":[{"href":"https:\/\/historiografija.hr\/index.php?rest_route=\/wp\/v2\/posts"}],"about":[{"href":"https:\/\/historiografija.hr\/index.php?rest_route=\/wp\/v2\/types\/post"}],"author":[{"embeddable":true,"href":"https:\/\/historiografija.hr\/index.php?rest_route=\/wp\/v2\/users\/2"}],"replies":[{"embeddable":true,"href":"https:\/\/historiografija.hr\/index.php?rest_route=%2Fwp%2Fv2%2Fcomments&post=26018"}],"version-history":[{"count":1,"href":"https:\/\/historiografija.hr\/index.php?rest_route=\/wp\/v2\/posts\/26018\/revisions"}],"predecessor-version":[{"id":26020,"href":"https:\/\/historiografija.hr\/index.php?rest_route=\/wp\/v2\/posts\/26018\/revisions\/26020"}],"wp:featuredmedia":[{"embeddable":true,"href":"https:\/\/historiografija.hr\/index.php?rest_route=\/wp\/v2\/media\/26019"}],"wp:attachment":[{"href":"https:\/\/historiografija.hr\/index.php?rest_route=%2Fwp%2Fv2%2Fmedia&parent=26018"}],"wp:term":[{"taxonomy":"category","embeddable":true,"href":"https:\/\/historiografija.hr\/index.php?rest_route=%2Fwp%2Fv2%2Fcategories&post=26018"},{"taxonomy":"post_tag","embeddable":true,"href":"https:\/\/historiografija.hr\/index.php?rest_route=%2Fwp%2Fv2%2Ftags&post=26018"}],"curies":[{"name":"wp","href":"https:\/\/api.w.org\/{rel}","templated":true}]}}