{"id":26015,"date":"2021-04-27T21:50:57","date_gmt":"2021-04-27T21:50:57","guid":{"rendered":"http:\/\/historiografija.hr\/?p=26015"},"modified":"2021-04-27T21:50:57","modified_gmt":"2021-04-27T21:50:57","slug":"xxxi-krlezini-dani-u-osijeku-devedesete-u-hrvatskoj-knjizevnosti-i-kazalistu","status":"publish","type":"post","link":"https:\/\/historiografija.hr\/?p=26015","title":{"rendered":"XXXI. Krle\u017eini dani u Osijeku: \u201cDevedesete u hrvatskoj knji\u017eevnosti i kazali\u0161tu\u201d"},"content":{"rendered":"\n<p>U Osijeku \u0107e se od 28. do 30. travnja 2021. odr\u017eati XXXI. Krle\u017eini dani, u organizaciji Hrvatskog narodnog kazali\u0161ta u Osijeku, Filozofskog fakulteta Osijek i Odsjeka za povijest hrvatskog kazali\u0161ta Zavoda za povijest hrvatske knji\u017eevnosti, kazali\u0161ta i glazbe HAZU.<\/p>\n\n\n\n<p><br>Ova tradicionalna kazali\u0161no-teatrolo\u0161ka manifestacija trebala se po 31. put odr\u017eati u prosincu 2020., ali je zbog pandemije odgo\u0111ena te \u0107e se, uz sve mjere za\u0161tite, odr\u017eati naknadno, u Hrvatskom narodnom kazali\u0161tu u Osijeku i na Filozofskom fakultetu.<\/p>\n\n\n\n<p>Krle\u017eini dani po\u010dinju u srijedu 28. travnja u 18 sati&nbsp; otvaranjem izlo\u017ebe \u201cVI. biennala kazali\u0161noga plakata\u201d vara\u017edinskoga HNK u foayeru HNK Osijek te predstavom Damira Ma\u0111ari\u0107a \u201cDje\u010dak koji je govorio Bogu\u201d redatelja Sama M. Streleca u 19 sati.<\/p>\n\n\n\n<p>U \u010detvrtak 29. travnja&nbsp; s po\u010detkom u 9 sati na Filozofskom fakultetu u Osijeku odr\u017eava se&nbsp; znanstveni skup \u201c<em>Devedesete u hrvatskoj knji\u017eevnosti i kazali\u0161tu<\/em>\u201d u suorganizaciji HNK u Osijeku, Filozofskog fakulteta Osijek i Odsjeka za povijest hrvatskog kazali\u0161ta Zavoda za povijest hrvatske knji\u017eevnosti, kazali\u0161ta i glazbe HAZU. U sklopu skupa bit \u0107e predstavljen i zbornik \u201c<em>Krle\u017eini dani u Osijeku. Tri desetlje\u0107a Krle\u017einih Dana u Osijeku<\/em>\u201c. Ovo je prvi u nizu tematski povezanih skupova kojim \u0107e se, na poticaj Odsjeka za povijest hrvatskog kazali\u0161ta HAZU, u sljede\u0107ih nekoliko godina obraditi kazali\u0161te u protekla tri desetlje\u0107a (1991.-2020.) te tako pripremiti gra\u0111a za skupnu povijest suvremenog hrvatskog kazali\u0161ta.<\/p>\n\n\n\n<p>U sklopu manifestacije u \u010detvrtak se u HNK Osijek s po\u010detkom u 16.30 sati odr\u017eava predstavljanje niza teatrologijskih knjiga (me\u0111u kojima i drugo izdanje knjige N. Batu\u0161i\u0107a \u201cPovijest hrvatskoga kazali\u0161ta\u201d, a <em>Gradsko kazali\u0161te Joza Ivaki\u0107<\/em> iz Vinkovaca&nbsp; u 19 sati izvodi predstavu Ivane \u0160ojat \u201c\u0160tajga\u201d u re\u017eiji Jasmina Novljakovi\u0107a.<\/p>\n\n\n\n<p><a href=\"https:\/\/www.info.hazu.hr\/wp-content\/uploads\/2021\/04\/XXXI.-Krlezini-dani-program.pdf\">XXXI. Krle\u017eini dani \u2013 program<\/a><\/p>\n\n\n\n<hr class=\"wp-block-separator\"\/>\n\n\n\n<p>Izvor: \u00a0<a href=\"https:\/\/www.info.hazu.hr\/events\/krlezini-dani\/\">https:\/\/www.info.hazu.hr\/events\/krlezini-dani\/<\/a><\/p>\n\n\n\n<hr class=\"wp-block-separator\"\/>\n","protected":false},"excerpt":{"rendered":"","protected":false},"author":2,"featured_media":26016,"comment_status":"open","ping_status":"open","sticky":false,"template":"","format":"standard","meta":{"_acf_changed":false,"jetpack_post_was_ever_published":false,"_jetpack_newsletter_access":"","_jetpack_dont_email_post_to_subs":false,"_jetpack_newsletter_tier_id":0,"_jetpack_memberships_contains_paywalled_content":false,"_jetpack_memberships_contains_paid_content":false,"footnotes":"","jetpack_publicize_message":"","jetpack_publicize_feature_enabled":true,"jetpack_social_post_already_shared":true,"jetpack_social_options":{"image_generator_settings":{"template":"highway","default_image_id":0,"font":"","enabled":false},"version":2}},"categories":[3,9],"tags":[],"class_list":["post-26015","post","type-post","status-publish","format-standard","has-post-thumbnail","hentry","category-novosti","category-skupovi"],"acf":{"facebook_opis":""},"jetpack_publicize_connections":[],"jetpack_featured_media_url":"https:\/\/i0.wp.com\/historiografija.hr\/wp-content\/uploads\/2021\/04\/krleza.jpg?fit=390%2C330&ssl=1","jetpack_sharing_enabled":true,"jetpack-related-posts":[],"_links":{"self":[{"href":"https:\/\/historiografija.hr\/index.php?rest_route=\/wp\/v2\/posts\/26015","targetHints":{"allow":["GET"]}}],"collection":[{"href":"https:\/\/historiografija.hr\/index.php?rest_route=\/wp\/v2\/posts"}],"about":[{"href":"https:\/\/historiografija.hr\/index.php?rest_route=\/wp\/v2\/types\/post"}],"author":[{"embeddable":true,"href":"https:\/\/historiografija.hr\/index.php?rest_route=\/wp\/v2\/users\/2"}],"replies":[{"embeddable":true,"href":"https:\/\/historiografija.hr\/index.php?rest_route=%2Fwp%2Fv2%2Fcomments&post=26015"}],"version-history":[{"count":1,"href":"https:\/\/historiografija.hr\/index.php?rest_route=\/wp\/v2\/posts\/26015\/revisions"}],"predecessor-version":[{"id":26017,"href":"https:\/\/historiografija.hr\/index.php?rest_route=\/wp\/v2\/posts\/26015\/revisions\/26017"}],"wp:featuredmedia":[{"embeddable":true,"href":"https:\/\/historiografija.hr\/index.php?rest_route=\/wp\/v2\/media\/26016"}],"wp:attachment":[{"href":"https:\/\/historiografija.hr\/index.php?rest_route=%2Fwp%2Fv2%2Fmedia&parent=26015"}],"wp:term":[{"taxonomy":"category","embeddable":true,"href":"https:\/\/historiografija.hr\/index.php?rest_route=%2Fwp%2Fv2%2Fcategories&post=26015"},{"taxonomy":"post_tag","embeddable":true,"href":"https:\/\/historiografija.hr\/index.php?rest_route=%2Fwp%2Fv2%2Ftags&post=26015"}],"curies":[{"name":"wp","href":"https:\/\/api.w.org\/{rel}","templated":true}]}}