{"id":25960,"date":"2021-04-23T17:14:57","date_gmt":"2021-04-23T17:14:57","guid":{"rendered":"http:\/\/historiografija.hr\/?p=25960"},"modified":"2021-04-23T17:17:02","modified_gmt":"2021-04-23T17:17:02","slug":"izlozba-knjiga-zarazeni-povijescu","status":"publish","type":"post","link":"https:\/\/historiografija.hr\/?p=25960","title":{"rendered":"Izlo\u017eba knjiga \u201cZara\u017eeni povije\u0161\u0107u\u201d"},"content":{"rendered":"\n<p>Zbirka za povijest Knji\u017enice Filozofskog fakulteta u Zagrebu postavlja izlo\u017ebu \u201eZara\u017eeni povije\u0161\u0107u\u201c povodom manifestacije No\u0107 knjige i u sklopu obilje\u017eavanja 135 godi\u0161njice. Na drugom katu Knji\u017enice Filozofskog fakulteta pogledajte izbor knjiga Zbirke za povijest o pandemijama, bolestima, povijesti medicine i ljekaru\u0161a. Popratite nas i u virtualnom svijetu na Facebook doga\u0111anju &#8220;135 godina Zbirke za povijest&#8221;.<\/p>\n\n\n\n<hr class=\"wp-block-separator\"\/>\n\n\n\n<p>Izlo\u017eba <strong>Zara\u017eeni povije\u0161\u0107u<\/strong><\/p>\n\n\n\n<p><a href=\"https:\/\/www.facebook.com\/events\/501432607539194\">https:\/\/www.facebook.com\/events\/501432607539194<\/a><\/p>\n\n\n\n<figure class=\"wp-block-image size-large\"><img data-recalc-dims=\"1\" loading=\"lazy\" decoding=\"async\" width=\"694\" height=\"960\" data-attachment-id=\"25963\" data-permalink=\"https:\/\/historiografija.hr\/?attachment_id=25963\" data-orig-file=\"https:\/\/i0.wp.com\/historiografija.hr\/wp-content\/uploads\/2021\/04\/Arsen.jpg?fit=694%2C960&amp;ssl=1\" data-orig-size=\"694,960\" data-comments-opened=\"1\" data-image-meta=\"{&quot;aperture&quot;:&quot;0&quot;,&quot;credit&quot;:&quot;&quot;,&quot;camera&quot;:&quot;&quot;,&quot;caption&quot;:&quot;&quot;,&quot;created_timestamp&quot;:&quot;0&quot;,&quot;copyright&quot;:&quot;&quot;,&quot;focal_length&quot;:&quot;0&quot;,&quot;iso&quot;:&quot;0&quot;,&quot;shutter_speed&quot;:&quot;0&quot;,&quot;title&quot;:&quot;&quot;,&quot;orientation&quot;:&quot;0&quot;}\" data-image-title=\"Arsen\" data-image-description=\"\" data-image-caption=\"\" data-large-file=\"https:\/\/i0.wp.com\/historiografija.hr\/wp-content\/uploads\/2021\/04\/Arsen.jpg?fit=694%2C960&amp;ssl=1\" src=\"https:\/\/i0.wp.com\/historiografija.hr\/wp-content\/uploads\/2021\/04\/Arsen.jpg?resize=694%2C960&#038;ssl=1\" alt=\"\" class=\"wp-image-25963\" srcset=\"https:\/\/i0.wp.com\/historiografija.hr\/wp-content\/uploads\/2021\/04\/Arsen.jpg?w=694&amp;ssl=1 694w, https:\/\/i0.wp.com\/historiografija.hr\/wp-content\/uploads\/2021\/04\/Arsen.jpg?resize=217%2C300&amp;ssl=1 217w\" sizes=\"auto, (max-width: 694px) 100vw, 694px\" \/><\/figure>\n\n\n\n<hr class=\"wp-block-separator\"\/>\n\n\n\n<p><strong>Zbirka za povijest<\/strong> FFZG<\/p>\n\n\n\n<p>135 godina Zbirke za povijest<\/p>\n\n\n\n<p><a href=\"https:\/\/www.facebook.com\/drugi.kat.sna\">https:\/\/www.facebook.com\/drugi.kat.sna<\/a><\/p>\n\n\n\n<hr class=\"wp-block-separator\"\/>\n","protected":false},"excerpt":{"rendered":"","protected":false},"author":2,"featured_media":25961,"comment_status":"open","ping_status":"open","sticky":false,"template":"","format":"standard","meta":{"_acf_changed":false,"jetpack_post_was_ever_published":false,"_jetpack_newsletter_access":"","_jetpack_dont_email_post_to_subs":false,"_jetpack_newsletter_tier_id":0,"_jetpack_memberships_contains_paywalled_content":false,"_jetpack_memberships_contains_paid_content":false,"footnotes":"","jetpack_publicize_message":"","jetpack_publicize_feature_enabled":true,"jetpack_social_post_already_shared":true,"jetpack_social_options":{"image_generator_settings":{"template":"highway","default_image_id":0,"font":"","enabled":false},"version":2}},"categories":[10,3],"tags":[],"class_list":["post-25960","post","type-post","status-publish","format-standard","has-post-thumbnail","hentry","category-izlozbe","category-novosti"],"acf":{"facebook_opis":""},"jetpack_publicize_connections":[],"jetpack_featured_media_url":"https:\/\/i0.wp.com\/historiografija.hr\/wp-content\/uploads\/2021\/04\/Izlozba-knjige.jpg?fit=1383%2C922&ssl=1","jetpack_sharing_enabled":true,"jetpack-related-posts":[],"_links":{"self":[{"href":"https:\/\/historiografija.hr\/index.php?rest_route=\/wp\/v2\/posts\/25960","targetHints":{"allow":["GET"]}}],"collection":[{"href":"https:\/\/historiografija.hr\/index.php?rest_route=\/wp\/v2\/posts"}],"about":[{"href":"https:\/\/historiografija.hr\/index.php?rest_route=\/wp\/v2\/types\/post"}],"author":[{"embeddable":true,"href":"https:\/\/historiografija.hr\/index.php?rest_route=\/wp\/v2\/users\/2"}],"replies":[{"embeddable":true,"href":"https:\/\/historiografija.hr\/index.php?rest_route=%2Fwp%2Fv2%2Fcomments&post=25960"}],"version-history":[{"count":3,"href":"https:\/\/historiografija.hr\/index.php?rest_route=\/wp\/v2\/posts\/25960\/revisions"}],"predecessor-version":[{"id":25965,"href":"https:\/\/historiografija.hr\/index.php?rest_route=\/wp\/v2\/posts\/25960\/revisions\/25965"}],"wp:featuredmedia":[{"embeddable":true,"href":"https:\/\/historiografija.hr\/index.php?rest_route=\/wp\/v2\/media\/25961"}],"wp:attachment":[{"href":"https:\/\/historiografija.hr\/index.php?rest_route=%2Fwp%2Fv2%2Fmedia&parent=25960"}],"wp:term":[{"taxonomy":"category","embeddable":true,"href":"https:\/\/historiografija.hr\/index.php?rest_route=%2Fwp%2Fv2%2Fcategories&post=25960"},{"taxonomy":"post_tag","embeddable":true,"href":"https:\/\/historiografija.hr\/index.php?rest_route=%2Fwp%2Fv2%2Ftags&post=25960"}],"curies":[{"name":"wp","href":"https:\/\/api.w.org\/{rel}","templated":true}]}}