{"id":25934,"date":"2021-04-22T16:05:34","date_gmt":"2021-04-22T16:05:34","guid":{"rendered":"http:\/\/historiografija.hr\/?p=25934"},"modified":"2021-04-22T16:24:33","modified_gmt":"2021-04-22T16:24:33","slug":"umro-marc-ferro","status":"publish","type":"post","link":"https:\/\/historiografija.hr\/?p=25934","title":{"rendered":"Umro Marc Ferro"},"content":{"rendered":"\n<p>U 96. godini umro je istaknuti francuski povjesni\u010dar Marc Ferro (1924-2021) koji je bio prevo\u0111en i o kojem je pisano i u hrvatskoj historiografiji.<\/p>\n\n\n\n<hr class=\"wp-block-separator\"\/>\n\n\n\n<p>Prevedena je 2008. godine njegova knjiga \u201cSedmorica zara\u0107enih 1918.-1945. Usporedna povijest\u201d, a 2013. godine objavljena je knjiga \u201cSlika u povijesti, povijest u slici: &#8220;pokretna&#8221; historija\u201d (Dijalog s povodom 7) \u2013 s opse\u017enim razgovorom sa Marcom Ferrom, prijevodima njegovih tekstova i drugim prilozima \u2013 koja je dostupna i kao e-izdanje (<a href=\"http:\/\/ckhis.ffzg.unizg.hr\/hr\/virtualna-knjiznica\/dijalog-s-povodom\">http:\/\/ckhis.ffzg.unizg.hr\/hr\/virtualna-knjiznica\/dijalog-s-povodom<\/a>).<\/p>\n\n\n\n<hr class=\"wp-block-separator\"\/>\n\n\n\n<p>Objavljeno je i nekoliko prikaza njegovih knjiga, tako\u0111er dostupnih online:<\/p>\n\n\n\n<hr class=\"wp-block-separator\"\/>\n\n\n\n<p>Nikolina \u0160imetin \u0160egvi\u0107<\/p>\n\n\n\n<p><strong>Jedno netipi\u010dno djelo o vode\u0107im protagonistima Drugog svjetskog rata. Marc Ferro, Sedmorica zara\u0107enih. Usporedna povijest Zagreb: FPZ, 2008.<\/strong><\/p>\n\n\n\n<p><a href=\"https:\/\/hrcak.srce.hr\/63349\">https:\/\/hrcak.srce.hr\/63349<\/a><\/p>\n\n\n\n<hr class=\"wp-block-separator\"\/>\n\n\n\n<p>Filip \u0160imetin \u0160egvi\u0107<\/p>\n\n\n\n<p><strong>Marc Ferro, The use and abuse of history, London and New York: Routledge, 2005.<\/strong><\/p>\n\n\n\n<p><a href=\"https:\/\/hrcak.srce.hr\/185793\">https:\/\/hrcak.srce.hr\/185793<\/a><\/p>\n\n\n\n<hr class=\"wp-block-separator\"\/>\n\n\n\n<p>Filip \u0160imetin \u0160egvi\u0107<\/p>\n\n\n\n<p><strong>Povijest jednog mra\u010dnog osje\u0107aja. Marc Ferro, Resentment in History. Preveo na engleski Steven Rendall, Cambridge: Polity Press, 2010.<\/strong><\/p>\n\n\n\n<p><a href=\"https:\/\/hrcak.srce.hr\/76412\">https:\/\/hrcak.srce.hr\/76412<\/a><\/p>\n\n\n\n<hr class=\"wp-block-separator\"\/>\n\n\n\n<p><strong>Obavijesti o smrti Marca Ferroa:<\/strong><\/p>\n\n\n\n<p><a href=\"https:\/\/news.in-24.com\/news\/7203\/French-historian-Marc-Ferro-specialist-in-Russia-and-the-USSR-died-at-96.html\">https:\/\/news.in-24.com\/news\/7203\/French-historian-Marc-Ferro-specialist-in-Russia-and-the-USSR-died-at-96.html<\/a><\/p>\n\n\n\n<p><a href=\"https:\/\/www.lemonde.fr\/disparitions\/article\/2021\/04\/22\/l-historien-francais-marc-ferro-est-mort_6077641_3382.html\">https:\/\/www.lemonde.fr\/disparitions\/article\/2021\/04\/22\/l-historien-francais-marc-ferro-est-mort_6077641_3382.html<\/a><\/p>\n\n\n\n<p><a href=\"https:\/\/www.lefigaro.fr\/culture\/mort-de-l-historien-marc-ferro-specialiste-de-l-histoire-du-xxe-siecle-a-96-ans-20210422\">https:\/\/www.lefigaro.fr\/culture\/mort-de-l-historien-marc-ferro-specialiste-de-l-histoire-du-xxe-siecle-a-96-ans-20210422<\/a><\/p>\n\n\n\n<hr class=\"wp-block-separator\"\/>\n\n\n\n<p><\/p>\n","protected":false},"excerpt":{"rendered":"","protected":false},"author":2,"featured_media":25940,"comment_status":"open","ping_status":"open","sticky":false,"template":"","format":"standard","meta":{"_acf_changed":false,"jetpack_post_was_ever_published":false,"_jetpack_newsletter_access":"","_jetpack_dont_email_post_to_subs":false,"_jetpack_newsletter_tier_id":0,"_jetpack_memberships_contains_paywalled_content":false,"_jetpack_memberships_contains_paid_content":false,"footnotes":"","jetpack_publicize_message":"","jetpack_publicize_feature_enabled":true,"jetpack_social_post_already_shared":true,"jetpack_social_options":{"image_generator_settings":{"template":"highway","default_image_id":0,"font":"","enabled":false},"version":2}},"categories":[3,20],"tags":[],"class_list":["post-25934","post","type-post","status-publish","format-standard","has-post-thumbnail","hentry","category-novosti","category-obavijesti-o-smrti-i-nekrolozi"],"acf":{"facebook_opis":""},"jetpack_publicize_connections":[],"jetpack_featured_media_url":"https:\/\/i0.wp.com\/historiografija.hr\/wp-content\/uploads\/2021\/04\/M_Ferro.jpg?fit=786%2C441&ssl=1","jetpack_sharing_enabled":true,"jetpack-related-posts":[],"_links":{"self":[{"href":"https:\/\/historiografija.hr\/index.php?rest_route=\/wp\/v2\/posts\/25934","targetHints":{"allow":["GET"]}}],"collection":[{"href":"https:\/\/historiografija.hr\/index.php?rest_route=\/wp\/v2\/posts"}],"about":[{"href":"https:\/\/historiografija.hr\/index.php?rest_route=\/wp\/v2\/types\/post"}],"author":[{"embeddable":true,"href":"https:\/\/historiografija.hr\/index.php?rest_route=\/wp\/v2\/users\/2"}],"replies":[{"embeddable":true,"href":"https:\/\/historiografija.hr\/index.php?rest_route=%2Fwp%2Fv2%2Fcomments&post=25934"}],"version-history":[{"count":5,"href":"https:\/\/historiografija.hr\/index.php?rest_route=\/wp\/v2\/posts\/25934\/revisions"}],"predecessor-version":[{"id":25944,"href":"https:\/\/historiografija.hr\/index.php?rest_route=\/wp\/v2\/posts\/25934\/revisions\/25944"}],"wp:featuredmedia":[{"embeddable":true,"href":"https:\/\/historiografija.hr\/index.php?rest_route=\/wp\/v2\/media\/25940"}],"wp:attachment":[{"href":"https:\/\/historiografija.hr\/index.php?rest_route=%2Fwp%2Fv2%2Fmedia&parent=25934"}],"wp:term":[{"taxonomy":"category","embeddable":true,"href":"https:\/\/historiografija.hr\/index.php?rest_route=%2Fwp%2Fv2%2Fcategories&post=25934"},{"taxonomy":"post_tag","embeddable":true,"href":"https:\/\/historiografija.hr\/index.php?rest_route=%2Fwp%2Fv2%2Ftags&post=25934"}],"curies":[{"name":"wp","href":"https:\/\/api.w.org\/{rel}","templated":true}]}}