{"id":25918,"date":"2021-04-21T18:16:50","date_gmt":"2021-04-21T18:16:50","guid":{"rendered":"http:\/\/historiografija.hr\/?p=25918"},"modified":"2021-04-21T18:16:50","modified_gmt":"2021-04-21T18:16:50","slug":"izlozba-umjetnost-slavonskog-plemstva-vrhunska-djela-europske-bastine","status":"publish","type":"post","link":"https:\/\/historiografija.hr\/?p=25918","title":{"rendered":"Izlo\u017eba \u201eUmjetnost slavonskog plemstva \u2013 vrhunska djela europske ba\u0161tine\u201c"},"content":{"rendered":"\n<p>Izlo\u017eba \u201eUmjetnost slavonskog plemstva \u2013 vrhunska djela europske ba\u0161tine\u201c otvorit \u0107e se u \u010detvrtak 22. travnja u Galeriji Klovi\u0107evi dvori, a od idu\u0107eg dana (23. travnja) \u0107e biti dostupna za javnost.<\/p>\n\n\n\n<p>Izlo\u017eba je realizirana u partnerskoj suradnji s Muzejom likovnih umjetnosti u Osijeku i Muzejom Slavonije u Osijeku.<\/p>\n\n\n\n<p>Na izlo\u017ebi \u0107e se predstaviti likovne zbirke i djela likovne umjetnosti vezana uz najzna\u010dajnije plemi\u0107ke obitelji isto\u010dne Hrvatske (npr. Adamovi\u0107, Eltz, Odescalchi, Peja\u010devi\u0107, Hilleprand von Prandau, Normann-Ehrenfels, Mihalovi\u0107, Jankovi\u0107 Vo\u0107inski, Jankovi\u0107 Daruvarski\u2026) koje su odigrale va\u017enu ulogu na gospodarskom, politi\u010dkom i kulturnom planu prostora dana\u0161nje isto\u010dne Hrvatske. Njihove bogate zbirke umjetnina korespondiraju s najkvalitetnijim onodobnim kolekcijama i postavljaju na\u0161u povijest umjetnosti i kulture u direktan odnos s centrima kulturne i umjetni\u010dke produkcije Europe. Veliki broj predmeta iz ostav\u0161tine ovih obitelji \u010duva se ponajvi\u0161e u hrvatskim muzejima, ali i u inozemnim privatnim i javnim kolekcijama. Na izlo\u017ebi \u0107e prvenstveno biti izlo\u017een materijal hrvatskih muzejskih ustanova, ali i ne\u0161to djela iz privatnih, pa i inozemnih kolekcija.<\/p>\n\n\n\n<p>Sveukupno \u0107e se mo\u0107i razgledati preko 200 izlo\u017eaka \u2013 najve\u0107i broj slika, skulptura, ne\u0161to minijatura, grafika te predmeta umjetni\u010dkog obrta. Izlo\u017eba \u0107e biti otvorena do 18. srpnja 2021.&nbsp;<\/p>\n\n\n\n<p>Autorice izlo\u017ebe: doc. dr. sc. Jasminka Najcer Sabljak i Silvija Lu\u010devnjak.<\/p>\n\n\n\n<p>Kustosice izlo\u017ebe: Valentina Galovi\u0107 i Iva Sudec Andreis.<\/p>\n\n\n\n<hr class=\"wp-block-separator\"\/>\n\n\n\n<p>Izvori i dodatne informacije:<\/p>\n\n\n\n<figure class=\"wp-block-embed-wordpress wp-block-embed is-type-wp-embed is-provider-galerija-klovicevi-dvori\"><div class=\"wp-block-embed__wrapper\">\n<blockquote class=\"wp-embedded-content\" data-secret=\"pDjhvd4c5R\"><a href=\"https:\/\/gkd.hr\/izlozba\/umjetnost-slavonskog-plemstva-vrhunska-djela-europske-bastine\/\">Umjetnost slavonskog plemstva \u2013 vrhunska djela europske ba\u0161tine<\/a><\/blockquote><iframe loading=\"lazy\" class=\"wp-embedded-content\" sandbox=\"allow-scripts\" security=\"restricted\" style=\"position: absolute; clip: rect(1px, 1px, 1px, 1px);\" title=\"&#8220;Umjetnost slavonskog plemstva \u2013 vrhunska djela europske ba\u0161tine&#8221; &#8212; Galerija Klovi\u0107evi dvori\" src=\"https:\/\/gkd.hr\/izlozba\/umjetnost-slavonskog-plemstva-vrhunska-djela-europske-bastine\/embed\/#?secret=pDjhvd4c5R\" data-secret=\"pDjhvd4c5R\" width=\"600\" height=\"338\" frameborder=\"0\" marginwidth=\"0\" marginheight=\"0\" scrolling=\"no\"><\/iframe>\n<\/div><\/figure>\n\n\n\n<p><a href=\"https:\/\/www.mdc.hr\/\">https:\/\/www.mdc.hr\/<\/a><\/p>\n\n\n\n<p><a href=\"https:\/\/www.culturenet.hr\/\">https:\/\/www.culturenet.hr\/<\/a><\/p>\n\n\n\n<hr class=\"wp-block-separator\"\/>\n","protected":false},"excerpt":{"rendered":"","protected":false},"author":2,"featured_media":25919,"comment_status":"open","ping_status":"open","sticky":false,"template":"","format":"standard","meta":{"_acf_changed":false,"jetpack_post_was_ever_published":false,"_jetpack_newsletter_access":"","_jetpack_dont_email_post_to_subs":false,"_jetpack_newsletter_tier_id":0,"_jetpack_memberships_contains_paywalled_content":false,"_jetpack_memberships_contains_paid_content":false,"footnotes":"","jetpack_publicize_message":"","jetpack_publicize_feature_enabled":true,"jetpack_social_post_already_shared":true,"jetpack_social_options":{"image_generator_settings":{"template":"highway","default_image_id":0,"font":"","enabled":false},"version":2}},"categories":[10,3],"tags":[],"class_list":["post-25918","post","type-post","status-publish","format-standard","has-post-thumbnail","hentry","category-izlozbe","category-novosti"],"acf":{"facebook_opis":""},"jetpack_publicize_connections":[],"jetpack_featured_media_url":"https:\/\/i0.wp.com\/historiografija.hr\/wp-content\/uploads\/2021\/04\/HPMPMH.jpg?fit=1024%2C687&ssl=1","jetpack_sharing_enabled":true,"jetpack-related-posts":[],"_links":{"self":[{"href":"https:\/\/historiografija.hr\/index.php?rest_route=\/wp\/v2\/posts\/25918","targetHints":{"allow":["GET"]}}],"collection":[{"href":"https:\/\/historiografija.hr\/index.php?rest_route=\/wp\/v2\/posts"}],"about":[{"href":"https:\/\/historiografija.hr\/index.php?rest_route=\/wp\/v2\/types\/post"}],"author":[{"embeddable":true,"href":"https:\/\/historiografija.hr\/index.php?rest_route=\/wp\/v2\/users\/2"}],"replies":[{"embeddable":true,"href":"https:\/\/historiografija.hr\/index.php?rest_route=%2Fwp%2Fv2%2Fcomments&post=25918"}],"version-history":[{"count":1,"href":"https:\/\/historiografija.hr\/index.php?rest_route=\/wp\/v2\/posts\/25918\/revisions"}],"predecessor-version":[{"id":25920,"href":"https:\/\/historiografija.hr\/index.php?rest_route=\/wp\/v2\/posts\/25918\/revisions\/25920"}],"wp:featuredmedia":[{"embeddable":true,"href":"https:\/\/historiografija.hr\/index.php?rest_route=\/wp\/v2\/media\/25919"}],"wp:attachment":[{"href":"https:\/\/historiografija.hr\/index.php?rest_route=%2Fwp%2Fv2%2Fmedia&parent=25918"}],"wp:term":[{"taxonomy":"category","embeddable":true,"href":"https:\/\/historiografija.hr\/index.php?rest_route=%2Fwp%2Fv2%2Fcategories&post=25918"},{"taxonomy":"post_tag","embeddable":true,"href":"https:\/\/historiografija.hr\/index.php?rest_route=%2Fwp%2Fv2%2Ftags&post=25918"}],"curies":[{"name":"wp","href":"https:\/\/api.w.org\/{rel}","templated":true}]}}