{"id":25908,"date":"2021-04-21T17:51:15","date_gmt":"2021-04-21T17:51:15","guid":{"rendered":"http:\/\/historiografija.hr\/?p=25908"},"modified":"2021-04-21T17:58:43","modified_gmt":"2021-04-21T17:58:43","slug":"ivo-misur-narodna-crkva-boze-milosevica-1919-1921","status":"publish","type":"post","link":"https:\/\/historiografija.hr\/?p=25908","title":{"rendered":"Ivo Mi\u0161ur, &#8221;Narodna crkva Bo\u017ee Milo\u0161evi\u0107a 1919-1921.&#8221;"},"content":{"rendered":"\n<p>Iz tiska je pro\u0161le godine iza\u0161la knjiga <em>Narodna crkva Bo\u017ee Milo\u0161evi\u0107a 1919-1921<\/em>. \u010diji je autor Ivo Mi\u0161ur. Knjiga prikazuje povijesnu kronologiju pokreta za Narodnu crkve koji se javio nakon Prvog svjetskog rata. Njezin osniva\u010d bio je dalmatinski franjevac Bo\u017eo Milo\u0161evi\u0107, \u010dovjek velike karizme i nevjerojatne energije koji je nakon jednog isuvi\u0161e kriti\u010dnog predavanja naspram Katoli\u010dke crkve u splitskom kazali\u0161tu suspendiran iz reda. U knjizi je analizirana politi\u010dka pozadina reformnih strujanja unutar Crkve u Hrvatskoj 1919. godine. Iz katoli\u010dke perspektive Narodna crkva Bo\u017ee Milo\u0161evi\u0107a bila je samo &#8221;lijevo krilo&#8221; reformnog pokreta ni\u017eeg klera koji se pojavio u isto vrijeme. U knjizi je dokazano da je rije\u010d o dva posve razli\u010dita pokreta koji nisu imali isti nauk niti ciljeve te ovaj rad daje va\u017ean doprinos i prou\u010davanju rane povijesti Starokatoli\u010dke crkve u Hrvatskoj. Istra\u017eene su veze Milo\u0161evi\u0107eve Narodne crkve i Demokratske stranke Svetozara Pribi\u0107evi\u0107a te pojedinaca iz tada\u0161njih masonskih lo\u017ea. Knjiga donosi imena narodnih sve\u0107enika kao i najistaknutijih prista\u0161a Narodne crkve kao \u0161to su npr. Davorin Trstenjak, Dragutin Prohaska, Krsto Bulat i drugi. Teolo\u0161ko-filozofski nauk koji je Milo\u0161evi\u0107 u kratkom razdoblju razvio i predstavljao u vlastitom \u010dasopisu je obra\u0111en u zasebnom poglavlju. Na kraju su detaljno analizirani uzroci propasti ove zajednice.<\/p>\n\n\n\n<p>Autor je tako\u0111er obradio Milo\u0161evi\u0107evo djelovanje u SAD-u od 1921. do 1949. godine. Bo\u017eo Milo\u0161evi\u0107 je nakon selidbe u Ameriku pristupio Metodisti\u010dkoj episkopalnoj crkvi te je bio prvi Hrvat koji je postao njen propovjednik. Za pisanje knjige je kori\u0161tena obimna arhivska gra\u0111a i tada\u0161nje publikacije koje su pomno citirane.<\/p>\n\n\n\n<p>Za razliku od reformnog pokreta ni\u017eeg klera, koji se aktivirao istovremeno kad i Milo\u0161evi\u0107, Narodna crkva je slabo obra\u0111ena u historiografiji. Razlog je taj \u0161to je Milo\u0161evi\u0107ev pokret bio kratkotrajan te nije imao velikog utjecaja na Katoli\u010dku crkvu u Hrvatskoj. U ovoj knjizi pokazati \u0107e se da su Narodna crkva i njen osniva\u010d, Bo\u017eo Milo\u0161evi\u0107, bili <em>unikum, kakvog po svoj prilici nema vi\u0161e ni u na\u0161oj zemlji ni izvan nje <\/em>kako su svojedobno pisali njegovi suvremenici.<\/p>\n\n\n\n<hr class=\"wp-block-separator\"\/>\n\n\n\n<figure class=\"wp-block-image size-large\"><img data-recalc-dims=\"1\" loading=\"lazy\" decoding=\"async\" width=\"720\" height=\"955\" data-attachment-id=\"25911\" data-permalink=\"https:\/\/historiografija.hr\/?attachment_id=25911\" data-orig-file=\"https:\/\/i0.wp.com\/historiografija.hr\/wp-content\/uploads\/2021\/04\/Naslovnica.png?fit=720%2C955&amp;ssl=1\" data-orig-size=\"720,955\" data-comments-opened=\"1\" data-image-meta=\"{&quot;aperture&quot;:&quot;0&quot;,&quot;credit&quot;:&quot;&quot;,&quot;camera&quot;:&quot;&quot;,&quot;caption&quot;:&quot;&quot;,&quot;created_timestamp&quot;:&quot;0&quot;,&quot;copyright&quot;:&quot;&quot;,&quot;focal_length&quot;:&quot;0&quot;,&quot;iso&quot;:&quot;0&quot;,&quot;shutter_speed&quot;:&quot;0&quot;,&quot;title&quot;:&quot;&quot;,&quot;orientation&quot;:&quot;0&quot;}\" data-image-title=\"Naslovnica\" data-image-description=\"\" data-image-caption=\"\" data-large-file=\"https:\/\/i0.wp.com\/historiografija.hr\/wp-content\/uploads\/2021\/04\/Naslovnica.png?fit=720%2C955&amp;ssl=1\" src=\"https:\/\/i0.wp.com\/historiografija.hr\/wp-content\/uploads\/2021\/04\/Naslovnica.png?resize=720%2C955&#038;ssl=1\" alt=\"\" class=\"wp-image-25911\" srcset=\"https:\/\/i0.wp.com\/historiografija.hr\/wp-content\/uploads\/2021\/04\/Naslovnica.png?w=720&amp;ssl=1 720w, https:\/\/i0.wp.com\/historiografija.hr\/wp-content\/uploads\/2021\/04\/Naslovnica.png?resize=226%2C300&amp;ssl=1 226w\" sizes=\"auto, (max-width: 720px) 100vw, 720px\" \/><\/figure>\n\n\n\n<hr class=\"wp-block-separator\"\/>\n","protected":false},"excerpt":{"rendered":"","protected":false},"author":2,"featured_media":25911,"comment_status":"open","ping_status":"open","sticky":false,"template":"","format":"standard","meta":{"_acf_changed":false,"jetpack_post_was_ever_published":false,"_jetpack_newsletter_access":"","_jetpack_dont_email_post_to_subs":false,"_jetpack_newsletter_tier_id":0,"_jetpack_memberships_contains_paywalled_content":false,"_jetpack_memberships_contains_paid_content":false,"footnotes":"","jetpack_publicize_message":"","jetpack_publicize_feature_enabled":true,"jetpack_social_post_already_shared":true,"jetpack_social_options":{"image_generator_settings":{"template":"highway","default_image_id":0,"font":"","enabled":false},"version":2}},"categories":[8,3],"tags":[],"class_list":["post-25908","post","type-post","status-publish","format-standard","has-post-thumbnail","hentry","category-knjige","category-novosti"],"acf":{"facebook_opis":""},"jetpack_publicize_connections":[],"jetpack_featured_media_url":"https:\/\/i0.wp.com\/historiografija.hr\/wp-content\/uploads\/2021\/04\/Naslovnica.png?fit=720%2C955&ssl=1","jetpack_sharing_enabled":true,"jetpack-related-posts":[],"_links":{"self":[{"href":"https:\/\/historiografija.hr\/index.php?rest_route=\/wp\/v2\/posts\/25908","targetHints":{"allow":["GET"]}}],"collection":[{"href":"https:\/\/historiografija.hr\/index.php?rest_route=\/wp\/v2\/posts"}],"about":[{"href":"https:\/\/historiografija.hr\/index.php?rest_route=\/wp\/v2\/types\/post"}],"author":[{"embeddable":true,"href":"https:\/\/historiografija.hr\/index.php?rest_route=\/wp\/v2\/users\/2"}],"replies":[{"embeddable":true,"href":"https:\/\/historiografija.hr\/index.php?rest_route=%2Fwp%2Fv2%2Fcomments&post=25908"}],"version-history":[{"count":4,"href":"https:\/\/historiografija.hr\/index.php?rest_route=\/wp\/v2\/posts\/25908\/revisions"}],"predecessor-version":[{"id":25913,"href":"https:\/\/historiografija.hr\/index.php?rest_route=\/wp\/v2\/posts\/25908\/revisions\/25913"}],"wp:featuredmedia":[{"embeddable":true,"href":"https:\/\/historiografija.hr\/index.php?rest_route=\/wp\/v2\/media\/25911"}],"wp:attachment":[{"href":"https:\/\/historiografija.hr\/index.php?rest_route=%2Fwp%2Fv2%2Fmedia&parent=25908"}],"wp:term":[{"taxonomy":"category","embeddable":true,"href":"https:\/\/historiografija.hr\/index.php?rest_route=%2Fwp%2Fv2%2Fcategories&post=25908"},{"taxonomy":"post_tag","embeddable":true,"href":"https:\/\/historiografija.hr\/index.php?rest_route=%2Fwp%2Fv2%2Ftags&post=25908"}],"curies":[{"name":"wp","href":"https:\/\/api.w.org\/{rel}","templated":true}]}}