{"id":25904,"date":"2021-04-21T17:29:31","date_gmt":"2021-04-21T17:29:31","guid":{"rendered":"http:\/\/historiografija.hr\/?p=25904"},"modified":"2021-04-26T20:06:00","modified_gmt":"2021-04-26T20:06:00","slug":"luka-ilic-teoloska-biografija-matije-vlacica-ilirika-proces-radikalizacije-u-flaciusovoj-misli","status":"publish","type":"post","link":"https:\/\/historiografija.hr\/?p=25904","title":{"rendered":"Luka Ili\u0107, \u201cTeolo\u0161ka biografija Matije Vla\u010di\u0107a Ilirika: Proces radikalizacije u Flaciusovoj misli\u201d"},"content":{"rendered":"\n<p>U nakladi Teolo\u0161kog fakulteta Matija Vla\u010di\u0107 Ilirik objavljen je 5. svezak niza <a href=\"https:\/\/www.tfmvi.hr\/biblioteka\/folia-protestantica-croatica\/\">Folia Protestantica Croatica<\/a>: <em>Teolo\u0161ka biografija Matije Vla\u010di\u0107a Ilirika: Proces radikalizacije u Flaciusovoj misli<\/em> autora Luke Ili\u0107a.<\/p>\n\n\n\n<p>Kako sam naslov knjige navodi, radi se o \u00bbteolo\u0161koj biografiji\u00ab usredoto\u010denoj na glavne prijelomne to\u010dke poput brojnih selidbi i progonstva iz razli\u010ditih gradova, pri \u010demu se uo\u010davaju tri osnovne faze u Vla\u010di\u0107evoj radikalizaciji kao rezultat izvanjskih \u010dimbenika i turbulencija u njegovu osobnom akademskom \u017eivotu i teolo\u0161koj karijeri. No na sre\u0107u tu se nipo\u0161to ne radi o hagiografiji. Iako je Ili\u0107 s pravom ponosan na va\u017ena dostignu\u0107a svoga zemljaka, ne ustru\u010dava se kritizirati njegovu nepopustljivost. Rezultat je kvalitetna teolo\u0161ka biografija koja \u0107e znatno pridonijeti poznavanju ovog briljantnog i kontroverznog reformatora.<\/p>\n\n\n\n<p>Doti\u010dnu knjigu autor Luka Ili\u0107 predstavio je u subotu, 13.3.2021. godine u HRT-ovoj emisiji Zajedno u duhu. Emisiju u cijelosti mo\u017eete pogledati <a href=\"https:\/\/hrti.hrt.hr\/videostore\" target=\"_blank\" rel=\"noreferrer noopener\">na stranici HRT-a<\/a>.<\/p>\n\n\n\n<p>Sve informacije o knjizi i narud\u017ebama mo\u017eete prona\u0107i:<\/p>\n\n\n\n<p><a href=\"https:\/\/www.tfmvi.hr\/nasa-izdanja\/luka-ilic-teoloska-biografija-matije-vlacica-ilirika-proces-radikalizacije-u-flaciusovoj-misli\/\">https:\/\/www.tfmvi.hr\/nasa-izdanja\/luka-ilic-teoloska-biografija-matije-vlacica-ilirika-proces-radikalizacije-u-flaciusovoj-misli\/<\/a><\/p>\n\n\n\n<hr class=\"wp-block-separator\"\/>\n\n\n\n<p>Izvor:<\/p>\n\n\n\n<p><a href=\"https:\/\/www.tfmvi.hr\/luka-ilic-teoloska-biografija-matije-vlacica-ilirika\/\">https:\/\/www.tfmvi.hr\/luka-ilic-teoloska-biografija-matije-vlacica-ilirika\/<\/a><\/p>\n\n\n\n<hr class=\"wp-block-separator\"\/>\n\n\n\n<p>Iz medija:<\/p>\n\n\n\n<p><a href=\"https:\/\/www.glasistre.hr\/knjizevnost\/prevedena-knjiga-luke-ilica-vrlo-vrijedno-znanstveno-djelo-714134\">https:\/\/www.glasistre.hr\/knjizevnost\/prevedena-knjiga-luke-ilica-vrlo-vrijedno-znanstveno-djelo-714134<\/a><\/p>\n\n\n\n<hr class=\"wp-block-separator\"\/>\n\n\n\n<p><strong>Prethodna izdanja:<\/strong><\/p>\n\n\n\n<p>Marina Schumann: Matija Vla\u010di\u0107 Ilirik \u2013 Historiograf s predumi\u0161ljajem (2017)<\/p>\n\n\n\n<p><a href=\"https:\/\/www.tfmvi.hr\/nasa-izdanja\/marina-schumann-matija-vlacic-ilirik-historiograf-s-predumisljajem\/\">https:\/\/www.tfmvi.hr\/nasa-izdanja\/marina-schumann-matija-vlacic-ilirik-historiograf-s-predumisljajem\/<\/a><\/p>\n\n\n\n<hr class=\"wp-block-separator\"\/>\n","protected":false},"excerpt":{"rendered":"","protected":false},"author":2,"featured_media":25905,"comment_status":"open","ping_status":"open","sticky":false,"template":"","format":"standard","meta":{"_acf_changed":false,"jetpack_post_was_ever_published":false,"_jetpack_newsletter_access":"","_jetpack_dont_email_post_to_subs":false,"_jetpack_newsletter_tier_id":0,"_jetpack_memberships_contains_paywalled_content":false,"_jetpack_memberships_contains_paid_content":false,"footnotes":"","jetpack_publicize_message":"","jetpack_publicize_feature_enabled":true,"jetpack_social_post_already_shared":true,"jetpack_social_options":{"image_generator_settings":{"template":"highway","default_image_id":0,"font":"","enabled":false},"version":2}},"categories":[8,3],"tags":[],"class_list":["post-25904","post","type-post","status-publish","format-standard","has-post-thumbnail","hentry","category-knjige","category-novosti"],"acf":{"facebook_opis":""},"jetpack_publicize_connections":[],"jetpack_featured_media_url":"https:\/\/i0.wp.com\/historiografija.hr\/wp-content\/uploads\/2021\/04\/ilic-naslovnica.jpg?fit=581%2C844&ssl=1","jetpack_sharing_enabled":true,"jetpack-related-posts":[],"_links":{"self":[{"href":"https:\/\/historiografija.hr\/index.php?rest_route=\/wp\/v2\/posts\/25904","targetHints":{"allow":["GET"]}}],"collection":[{"href":"https:\/\/historiografija.hr\/index.php?rest_route=\/wp\/v2\/posts"}],"about":[{"href":"https:\/\/historiografija.hr\/index.php?rest_route=\/wp\/v2\/types\/post"}],"author":[{"embeddable":true,"href":"https:\/\/historiografija.hr\/index.php?rest_route=\/wp\/v2\/users\/2"}],"replies":[{"embeddable":true,"href":"https:\/\/historiografija.hr\/index.php?rest_route=%2Fwp%2Fv2%2Fcomments&post=25904"}],"version-history":[{"count":3,"href":"https:\/\/historiografija.hr\/index.php?rest_route=\/wp\/v2\/posts\/25904\/revisions"}],"predecessor-version":[{"id":25997,"href":"https:\/\/historiografija.hr\/index.php?rest_route=\/wp\/v2\/posts\/25904\/revisions\/25997"}],"wp:featuredmedia":[{"embeddable":true,"href":"https:\/\/historiografija.hr\/index.php?rest_route=\/wp\/v2\/media\/25905"}],"wp:attachment":[{"href":"https:\/\/historiografija.hr\/index.php?rest_route=%2Fwp%2Fv2%2Fmedia&parent=25904"}],"wp:term":[{"taxonomy":"category","embeddable":true,"href":"https:\/\/historiografija.hr\/index.php?rest_route=%2Fwp%2Fv2%2Fcategories&post=25904"},{"taxonomy":"post_tag","embeddable":true,"href":"https:\/\/historiografija.hr\/index.php?rest_route=%2Fwp%2Fv2%2Ftags&post=25904"}],"curies":[{"name":"wp","href":"https:\/\/api.w.org\/{rel}","templated":true}]}}