{"id":25901,"date":"2021-04-20T11:49:37","date_gmt":"2021-04-20T11:49:37","guid":{"rendered":"http:\/\/historiografija.hr\/?p=25901"},"modified":"2021-04-20T11:49:37","modified_gmt":"2021-04-20T11:49:37","slug":"vesna-lamza-posavec-metodologija-drustvenih-istrazivanja-temeljni-uvidi","status":"publish","type":"post","link":"https:\/\/historiografija.hr\/?p=25901","title":{"rendered":"Vesna Lamza Posavec, \u201cMetodologija dru\u0161tvenih istra\u017eivanja: temeljni uvidi\u201d"},"content":{"rendered":"\n<p>U Biblioteci POSEBNA IZDANJA Instituta dru\u0161tvenih znanosti Ivo Pilar objavljena je knjiga dr. sc. Vesne Lamza Posavec METODOLOGIJA DRU\u0160TVENIH ISTRA\u017dIVANJA: TEMELJNI UVIDI \u2013 \u201esuvremen metodolo\u0161ki priru\u010dnik koji pru\u017ea iscrpan i temeljit prikaz naj\u010de\u0161\u0107e primjenjivanih istra\u017eiva\u010dkih metoda u dru\u0161tvenim znanostima\u201c.<\/p>\n\n\n\n<hr class=\"wp-block-separator\"\/>\n\n\n\n<p><strong>Vesna Lamza Posavec<\/strong><br><strong>METODOLOGIJA DRU\u0160TVENIH ISTRA\u017dIVANJA: TEMELJNI UVIDI<\/strong><br><strong>Biblioteka POSEBNA IZDANJA<\/strong><br><strong>Instituta dru\u0161tvenih znanosti Ivo Pilar<\/strong><br><strong>Zagreb, 2021. \u2013 336 str.<\/strong><br><strong>ISBN 978-953-7964-75-7<\/strong><\/p>\n\n\n\n<p>Iz sadr\u017eaja<\/p>\n\n\n\n<p>\u2013 <a href=\"https:\/\/www.pilar.hr\/wp-content\/uploads\/2021\/04\/mdi_omot.pdf\">Omot<\/a> | <a href=\"https:\/\/www.pilar.hr\/wp-content\/uploads\/2021\/04\/mdi_impresum.pdf\">Impresum<\/a> | <a href=\"https:\/\/www.pilar.hr\/wp-content\/uploads\/2021\/04\/mdi_sadrzaj.pdf\">Sadr\u017eaj<\/a><\/p>\n\n\n\n<p><a href=\"https:\/\/www.pilar.hr\/wp-content\/uploads\/2021\/04\/mdi_predgovor.pdf\">Predgovor<\/a><\/p>\n\n\n\n<p><strong>ZNANSTVENO ISTRA\u017dIVANJE DRU\u0160TVENIH POJAVA<\/strong><br>Zna\u010dajke znanstvenog istra\u017eivanja<br>Povezanost teorije i znanstvenog istra\u017eivanja<br>Vrste istra\u017eivanja<br><strong>FAZE ISTRA\u017dIVANJA<\/strong><br><strong>Konceptualizacija<\/strong><br><strong>Operacionalizacija<\/strong><br>Kvalitativne i kvantitativne metode<br><em>Field<\/em>-metode<br>Opa\u017eanje<br>Intervju<br>Individualni intervju<br>Fokus-grupe<br>Anketa<br>Anketni upitnik<br>Uzorak<br>Tehnike anketiranja<br>Eksperiment<br>Desk-metode<br>Analiza arhivske gra\u0111e<br>Analiza sadr\u017eaja<br><strong>Realizacija<\/strong><br><strong>VREDNOVANJE REZULTATA ISTRA\u017dIVANJA<\/strong><br><strong>ETIKA ISTRA\u017dIVANJA<\/strong><\/p>\n\n\n\n<p><a href=\"https:\/\/www.pilar.hr\/wp-content\/uploads\/2021\/04\/mdi_literatura.pdf\">Literatura<\/a><br><a href=\"https:\/\/www.pilar.hr\/wp-content\/uploads\/2021\/04\/mdi_autor.pdf\">O autorici<\/a><\/p>\n\n\n\n<hr class=\"wp-block-separator\"\/>\n\n\n\n<p><br>O autorici<\/p>\n\n\n\n<p><strong>Vesna Lamza Posavec<\/strong> zavr\u0161ila je studij psihologije i doktorirala u polju informacijskih i komunikacijskih znanosti na Sveu\u010dili\u0161tu u Zagrebu. Izabrana je u trajno zvanje znanstvenoga savjetnika i znanstveno-nastavno zvanje redovitoga profesora. Glavno je podru\u010dje njezina znanstvenog interesa istra\u017eivanje javnoga mnijenja i masovnih medija te metodologija dru\u0161tvenih istra\u017eivanja. Bila je dugogodi\u0161nja voditeljica Slu\u017ebe novinskog istra\u017eivanja u novinskoj ku\u0107i Vjesnik, gdje je provela mnogobrojna istra\u017eivanja tiskanih medija. Nakon zapo\u0161ljavanja u Institutu dru\u0161tvenih znanosti Ivo Pilar vodila je dugogodi\u0161nji znanstveni projekt istra\u017eivanja javnoga mnijenja i masovnih medija. Predavala je metodologijske predmete na Hrvatskim studijima, Fakultetu politi\u010dkih znanosti i Filozofskom fakultetu Sveu\u010dili\u0161ta u Zagrebu. Objavila je devet knjiga\/monografija (tri u suautorstvu) te mnoge znanstvene i stru\u010dne radove, istra\u017eiva\u010dka izvje\u0161\u0107a i studije. Dobitnica je Dr\u017eavne nagrade za znanost i nagrade Hrvatskog psiholo\u0161kog dru\u0161tva.<\/p>\n\n\n\n<hr class=\"wp-block-separator\"\/>\n\n\n\n<p><br>Iz recenzija<\/p>\n\n\n\n<p>Knjiga Vesne Lamze Posavec suvremen je metodolo\u0161ki priru\u010dnik koji pru\u017ea iscrpan i temeljit prikaz naj\u010de\u0161\u0107e primjenjivanih istra\u017eiva\u010dkih metoda u dru\u0161tvenim znanostima. Zastupljene metode su podrobno opisane i potkrijepljene primjerima iz istra\u017eiva\u010dke prakse pa \u010ditatelj mo\u017ee ste\u0107i izvrstan uvid u metodologiju dru\u0161tvenih znanosti i poslu\u017eiti se knjigom kao priru\u010dnikom za vlastite istra\u017eiva\u010dke projekte. Knjiga je pisana vrhunskim stilom i na pristupa\u010dan na\u010din obja\u0161njava slo\u017eena metodolo\u0161ka pitanja pribli\u017eavaju\u0107i ih \u010dak i neupu\u0107enom \u010ditatelju, tako da vjerujem da \u0107e privu\u0107i \u0161iroku publiku, od laika i studenata do istra\u017eiva\u010da. Posebno bih istaknuo odjeljak posve\u0107en anketnom istra\u017eivanju u kojem autorica suvereno izla\u017ee problematiku ove, za mnoge, klju\u010dne istra\u017eiva\u010dke metode u dru\u0161tvenim znanostima, temelje\u0107i iznesene spoznaje na desetlje\u0107ima istra\u017eiva\u010dke prakse i metodolo\u0161kih analiza. Knjigu bez rezerve preporu\u010dujem svima koji \u017eele ste\u0107i po\u010detno znanje iz metodologije dru\u0161tvenih znanosti, jednako kao i onima koji to znanje \u017eele pro\u0161iriti i nadograditi.<br><em>Prof. dr. sc. Goran Milas<\/em><\/p>\n\n\n\n<p>Knjiga objedinjuje nekoliko prednosti dobrog ud\u017ebenika i priru\u010dnika iz metoda dru\u0161tvenih istra\u017eivanja: rije\u010d je o sveobuhvatnom priru\u010dniku koji obra\u0111uje glavne vrste metoda i sve faze istra\u017eiva\u010dkoga procesa; pisana je transdisciplinarno, te je jednako primjenjiva bez obzira na podru\u010dje u kojem se istra\u017eivanja provode; pisana je iz perspektive znanstvenika koji ima bogato teorijsko ali i prakti\u010dno iskustvo provo\u0111enja istra\u017eivanja; sumira vlastiti znanstveni doprinos autorice razvoju i kriti\u010dkomu vrednovanju metoda i postupaka u dru\u0161tveni istra\u017eivanjima. U cjelini, ovu knjigu dr\u017eim korisnom za razli\u010dite dionike i ciljne skupine. Klju\u010dna su ciljna skupina studenti razli\u010ditih vrsta studija i smjerova dru\u0161tvenih znanosti koji moraju svladati osnove provo\u0111enja istra\u017eivanja i njihova kori\u0161tenja u dru\u0161tvenim znanostima. Samim time bit \u0107e od velike koristi mnogim nastavnicima koji podu\u010davaju te studente. Od koristi \u0107e, kao priru\u010dnik, biti zasigurno i istra\u017eiva\u010dima-prakti\u010darima u privatnome sektoru.<br><em>Dr. sc. Dragan Bagi\u0107, izv. prof.<\/em> <\/p>\n\n\n\n<hr class=\"wp-block-separator\"\/>\n\n\n\n<p>Izvor: <a href=\"https:\/\/www.pilar.hr\/2021\/04\/objavljena-knjiga-dr-sc-vesne-lamza-posavec-metodologija-drustvenih-istrazivanja-temeljni-uvidi\/\">https:\/\/www.pilar.hr\/2021\/04\/objavljena-knjiga-dr-sc-vesne-lamza-posavec-metodologija-drustvenih-istrazivanja-temeljni-uvidi\/<\/a><\/p>\n\n\n\n<hr class=\"wp-block-separator\"\/>\n","protected":false},"excerpt":{"rendered":"","protected":false},"author":2,"featured_media":25902,"comment_status":"open","ping_status":"open","sticky":false,"template":"","format":"standard","meta":{"_acf_changed":false,"jetpack_post_was_ever_published":false,"_jetpack_newsletter_access":"","_jetpack_dont_email_post_to_subs":false,"_jetpack_newsletter_tier_id":0,"_jetpack_memberships_contains_paywalled_content":false,"_jetpack_memberships_contains_paid_content":false,"footnotes":"","jetpack_publicize_message":"","jetpack_publicize_feature_enabled":true,"jetpack_social_post_already_shared":true,"jetpack_social_options":{"image_generator_settings":{"template":"highway","default_image_id":0,"font":"","enabled":false},"version":2}},"categories":[8,3],"tags":[],"class_list":["post-25901","post","type-post","status-publish","format-standard","has-post-thumbnail","hentry","category-knjige","category-novosti"],"acf":{"facebook_opis":""},"jetpack_publicize_connections":[],"jetpack_featured_media_url":"https:\/\/i0.wp.com\/historiografija.hr\/wp-content\/uploads\/2021\/04\/mdi_naslovnica.jpg?fit=1092%2C1530&ssl=1","jetpack_sharing_enabled":true,"jetpack-related-posts":[{"id":52499,"url":"https:\/\/historiografija.hr\/?p=52499","url_meta":{"origin":25901,"position":0},"title":"POTPISAN UGOVOR O ZNANSTVENO-ISTRA\u017dIVA\u010cKOJ SURADNJI: PROJEKT \u201eTEMELJI HRVATSKE SAMOSTALNOSTI\u201d","author":"Branimir Jankovi\u0107","date":"17. travnja 2026.","format":false,"excerpt":"Hrvatski institut za povijest, Sveu\u010dili\u0161te obrane i sigurnosti \u201eDr. Franjo Tu\u0111man\u201d, Institut dru\u0161tvenih znanosti Ivo Pilar i Hrvatski dr\u017eavni arhiv\u00a0potpisali su 23. o\u017eujka 2026.\u00a0Ugovor o znanstveno-istra\u017eiva\u010dkoj suradnji s ciljem provedbe projekta \u201eTemelji hrvatske samostalnosti\u201d. Tim projektom obuhva\u0107a se istra\u017eivanje arhivskoga gradiva, priprema znanstvenih publikacija, digitalizacija i javna prezentacija rezultata istra\u017eivanja\u2026","rel":"","context":"U &quot;Novosti&quot;","block_context":{"text":"Novosti","link":"https:\/\/historiografija.hr\/?cat=3"},"img":{"alt_text":"","src":"https:\/\/i0.wp.com\/historiografija.hr\/wp-content\/uploads\/2026\/04\/THS_sporazum.jpg?fit=1200%2C583&ssl=1&resize=350%2C200","width":350,"height":200,"srcset":"https:\/\/i0.wp.com\/historiografija.hr\/wp-content\/uploads\/2026\/04\/THS_sporazum.jpg?fit=1200%2C583&ssl=1&resize=350%2C200 1x, https:\/\/i0.wp.com\/historiografija.hr\/wp-content\/uploads\/2026\/04\/THS_sporazum.jpg?fit=1200%2C583&ssl=1&resize=525%2C300 1.5x, https:\/\/i0.wp.com\/historiografija.hr\/wp-content\/uploads\/2026\/04\/THS_sporazum.jpg?fit=1200%2C583&ssl=1&resize=700%2C400 2x, https:\/\/i0.wp.com\/historiografija.hr\/wp-content\/uploads\/2026\/04\/THS_sporazum.jpg?fit=1200%2C583&ssl=1&resize=1050%2C600 3x"},"classes":[]},{"id":52657,"url":"https:\/\/historiografija.hr\/?p=52657","url_meta":{"origin":25901,"position":1},"title":"[Predavanje] Jezik i drugost u (post)socijalisti\u010dkoj Srbiji: diskurzivne politike identiteta (YugoLab)","author":"Branimir Jankovi\u0107","date":"24. travnja 2026.","format":false,"excerpt":"U sklopu projekta Prizma \/ IMAGINATION (\u201eZami\u0161ljanje nacije: srpski nacionalni narativi u sporu (XX\u2013XXI vek)\u201c), koji se realizuje na Institutu za filozofiju i dru\u0161tvenu teoriju Univerziteta u Beogradu (2024\u20132027) uz finansijsku podr\u0161ku Fonda za nauku Republike Srbije, organizuje se serija predavanja na kojoj istra\u017eiva\u010di i istra\u017eiva\u010dice projekta predstavljaju rezultate svojih\u2026","rel":"","context":"U &quot;Novosti&quot;","block_context":{"text":"Novosti","link":"https:\/\/historiografija.hr\/?cat=3"},"img":{"alt_text":"","src":"https:\/\/i0.wp.com\/historiografija.hr\/wp-content\/uploads\/2026\/04\/IFDT_28_IV.png?fit=1200%2C675&ssl=1&resize=350%2C200","width":350,"height":200,"srcset":"https:\/\/i0.wp.com\/historiografija.hr\/wp-content\/uploads\/2026\/04\/IFDT_28_IV.png?fit=1200%2C675&ssl=1&resize=350%2C200 1x, https:\/\/i0.wp.com\/historiografija.hr\/wp-content\/uploads\/2026\/04\/IFDT_28_IV.png?fit=1200%2C675&ssl=1&resize=525%2C300 1.5x, https:\/\/i0.wp.com\/historiografija.hr\/wp-content\/uploads\/2026\/04\/IFDT_28_IV.png?fit=1200%2C675&ssl=1&resize=700%2C400 2x, https:\/\/i0.wp.com\/historiografija.hr\/wp-content\/uploads\/2026\/04\/IFDT_28_IV.png?fit=1200%2C675&ssl=1&resize=1050%2C600 3x"},"classes":[]},{"id":52502,"url":"https:\/\/historiografija.hr\/?p=52502","url_meta":{"origin":25901,"position":2},"title":"Novi znanstveni projekt Hrvatskog instituta za povijest: \u201c\u017drtve ratova i dr\u017eavnog\/politi\u010dkog nasilja u hrvatskoj povijesti 20. stolje\u0107a\u201d","author":"Branimir Jankovi\u0107","date":"17. travnja 2026.","format":false,"excerpt":"Na redovitoj sjednici Vlade RH, 16. travnja 2026., donijet je Zaklju\u010dak kojim se pokre\u0107e znanstveni projekt \u201c\u017drtve ratova i dr\u017eavnog\/politi\u010dkog nasilja u hrvatskoj povijesti 20. stolje\u0107a\u201d. Projekt \u0107e provoditi i koordinirati Hrvatski institut za povijest u razdoblju trajanja projekta od pet godina. Zakljucak Vlade RH Iz teksta projektnog prijedloga: Problematika\u2026","rel":"","context":"U &quot;Novosti&quot;","block_context":{"text":"Novosti","link":"https:\/\/historiografija.hr\/?cat=3"},"img":{"alt_text":"","src":"https:\/\/i0.wp.com\/historiografija.hr\/wp-content\/uploads\/2026\/04\/Vlada-RH.jpg?fit=1200%2C557&ssl=1&resize=350%2C200","width":350,"height":200,"srcset":"https:\/\/i0.wp.com\/historiografija.hr\/wp-content\/uploads\/2026\/04\/Vlada-RH.jpg?fit=1200%2C557&ssl=1&resize=350%2C200 1x, https:\/\/i0.wp.com\/historiografija.hr\/wp-content\/uploads\/2026\/04\/Vlada-RH.jpg?fit=1200%2C557&ssl=1&resize=525%2C300 1.5x, https:\/\/i0.wp.com\/historiografija.hr\/wp-content\/uploads\/2026\/04\/Vlada-RH.jpg?fit=1200%2C557&ssl=1&resize=700%2C400 2x, https:\/\/i0.wp.com\/historiografija.hr\/wp-content\/uploads\/2026\/04\/Vlada-RH.jpg?fit=1200%2C557&ssl=1&resize=1050%2C600 3x"},"classes":[]},{"id":52528,"url":"https:\/\/historiografija.hr\/?p=52528","url_meta":{"origin":25901,"position":3},"title":"[Promocija knjige] Banja Luka u ratu: Etnopolitika i svakodnevica (1990\u20131995) (ActiveLab, YugoLab)","author":"Branimir Jankovi\u0107","date":"17. travnja 2026.","format":false,"excerpt":"Institut za filozofiju i dru\u0161tvenu teoriju i O\u0161tra Nula organizuju promociju knjige Banja Luka u ratu: Etnopolitika i svakodnevica (1990\u20131995) autorke Armine Galija\u0161, koja \u0107e se odr\u017eati 20. aprila 2026. u 12.00 sati u prostorijama Instituta (Kraljice Natalije 45, Beograd). Re\u010d je o prvom nau\u010dno utemeljenom i sistematskom radu koji\u2026","rel":"","context":"U &quot;Novosti&quot;","block_context":{"text":"Novosti","link":"https:\/\/historiografija.hr\/?cat=3"},"img":{"alt_text":"","src":"https:\/\/i0.wp.com\/historiografija.hr\/wp-content\/uploads\/2026\/04\/20-april-RS.jpg?fit=1200%2C675&ssl=1&resize=350%2C200","width":350,"height":200,"srcset":"https:\/\/i0.wp.com\/historiografija.hr\/wp-content\/uploads\/2026\/04\/20-april-RS.jpg?fit=1200%2C675&ssl=1&resize=350%2C200 1x, https:\/\/i0.wp.com\/historiografija.hr\/wp-content\/uploads\/2026\/04\/20-april-RS.jpg?fit=1200%2C675&ssl=1&resize=525%2C300 1.5x, https:\/\/i0.wp.com\/historiografija.hr\/wp-content\/uploads\/2026\/04\/20-april-RS.jpg?fit=1200%2C675&ssl=1&resize=700%2C400 2x, https:\/\/i0.wp.com\/historiografija.hr\/wp-content\/uploads\/2026\/04\/20-april-RS.jpg?fit=1200%2C675&ssl=1&resize=1050%2C600 3x"},"classes":[]},{"id":52578,"url":"https:\/\/historiografija.hr\/?p=52578","url_meta":{"origin":25901,"position":4},"title":"Poziv za sudjelovanje: XXII. Dani Julija Bene\u0161i\u0107a u Iloku","author":"Branimir Jankovi\u0107","date":"21. travnja 2026.","format":false,"excerpt":"Zavod za lingvisti\u010dka istra\u017eivanja Hrvatske akademije znanosti i umjetnosti, zajedno s Muzejom grada Iloka, organizira XXII. Dane Julija Bene\u0161i\u0107a, koji \u0107e se odr\u017eati od 28. do 30. listopada 2026. u Iloku.\u00a0Teme ovogodi\u0161njih Dana podijeljene su u dvije cjeline: Knji\u017eevno-jezikoslovni d\u00ecv\u0101n s Bene\u0161i\u0107em te Ilok i Srijem u povijesnim stalnicama i\u2026","rel":"","context":"U &quot;Novosti&quot;","block_context":{"text":"Novosti","link":"https:\/\/historiografija.hr\/?cat=3"},"img":{"alt_text":"","src":"https:\/\/i0.wp.com\/historiografija.hr\/wp-content\/uploads\/2019\/10\/HE2_Benesic.jpg?fit=413%2C591&ssl=1&resize=350%2C200","width":350,"height":200},"classes":[]},{"id":52654,"url":"https:\/\/historiografija.hr\/?p=52654","url_meta":{"origin":25901,"position":5},"title":"Gostuju\u0107e predavanje &#8211; Danijel D\u017eino \u201eKasnoanti\u010dke i ranosrednjovjekovne gra\u0111evine u Brezi: Spomenici nepotpune biografije\u201c","author":"Branimir Jankovi\u0107","date":"24. travnja 2026.","format":false,"excerpt":"Doktorski studij predmoderne povijesti poziva na predavanje \"Kasnoanti\u010dke i ranosrednjovjekovne gra\u0111evine u Brezi: Spomenici nepotpune biografije\u201d koje \u0107e odr\u017eati profesor Danijel D\u017eino sa Sveu\u010dili\u0161ta Macquarie u Sydneyu u\u00a0utorak 28. travnja 2026. u 17h u Konferencijskoj dvorani Knji\u017enice Filozofskog fakulteta u Zagrebu. Predavanje \u0107e predo\u010diti nova saznanja dobivena kroz arhivsko-dokumentarna istra\u017eivanja\u2026","rel":"","context":"U &quot;Novosti&quot;","block_context":{"text":"Novosti","link":"https:\/\/historiografija.hr\/?cat=3"},"img":{"alt_text":"","src":"https:\/\/i0.wp.com\/historiografija.hr\/wp-content\/uploads\/2026\/04\/Dzino.jpg?fit=980%2C819&ssl=1&resize=350%2C200","width":350,"height":200,"srcset":"https:\/\/i0.wp.com\/historiografija.hr\/wp-content\/uploads\/2026\/04\/Dzino.jpg?fit=980%2C819&ssl=1&resize=350%2C200 1x, https:\/\/i0.wp.com\/historiografija.hr\/wp-content\/uploads\/2026\/04\/Dzino.jpg?fit=980%2C819&ssl=1&resize=525%2C300 1.5x, https:\/\/i0.wp.com\/historiografija.hr\/wp-content\/uploads\/2026\/04\/Dzino.jpg?fit=980%2C819&ssl=1&resize=700%2C400 2x"},"classes":[]}],"_links":{"self":[{"href":"https:\/\/historiografija.hr\/index.php?rest_route=\/wp\/v2\/posts\/25901","targetHints":{"allow":["GET"]}}],"collection":[{"href":"https:\/\/historiografija.hr\/index.php?rest_route=\/wp\/v2\/posts"}],"about":[{"href":"https:\/\/historiografija.hr\/index.php?rest_route=\/wp\/v2\/types\/post"}],"author":[{"embeddable":true,"href":"https:\/\/historiografija.hr\/index.php?rest_route=\/wp\/v2\/users\/2"}],"replies":[{"embeddable":true,"href":"https:\/\/historiografija.hr\/index.php?rest_route=%2Fwp%2Fv2%2Fcomments&post=25901"}],"version-history":[{"count":1,"href":"https:\/\/historiografija.hr\/index.php?rest_route=\/wp\/v2\/posts\/25901\/revisions"}],"predecessor-version":[{"id":25903,"href":"https:\/\/historiografija.hr\/index.php?rest_route=\/wp\/v2\/posts\/25901\/revisions\/25903"}],"wp:featuredmedia":[{"embeddable":true,"href":"https:\/\/historiografija.hr\/index.php?rest_route=\/wp\/v2\/media\/25902"}],"wp:attachment":[{"href":"https:\/\/historiografija.hr\/index.php?rest_route=%2Fwp%2Fv2%2Fmedia&parent=25901"}],"wp:term":[{"taxonomy":"category","embeddable":true,"href":"https:\/\/historiografija.hr\/index.php?rest_route=%2Fwp%2Fv2%2Fcategories&post=25901"},{"taxonomy":"post_tag","embeddable":true,"href":"https:\/\/historiografija.hr\/index.php?rest_route=%2Fwp%2Fv2%2Ftags&post=25901"}],"curies":[{"name":"wp","href":"https:\/\/api.w.org\/{rel}","templated":true}]}}