{"id":25898,"date":"2021-04-20T11:38:05","date_gmt":"2021-04-20T11:38:05","guid":{"rendered":"http:\/\/historiografija.hr\/?p=25898"},"modified":"2021-04-20T11:38:05","modified_gmt":"2021-04-20T11:38:05","slug":"program-suocavanje-s-prosloscu-sarajevo-film-festivala","status":"publish","type":"post","link":"https:\/\/historiografija.hr\/?p=25898","title":{"rendered":"Program \u201cSuo\u010davanje s pro\u0161lo\u0161\u0107u\u201d Sarajevo Film Festivala"},"content":{"rendered":"\n<p><strong>Sarajevo Film Festival predstavlja program \u201cSuo\u010davanje s pro\u0161lo\u0161\u0107u\u201d u posebnom izdanju &#8211; online \u2013 publici u cijeloj regiji, kao i u kinu Meeting Point u Sarajevu<\/strong><\/p>\n\n\n\n<p>Od 24. do 30. aprila bit \u0107e odr\u017ean poseban program, u sklopu kojeg \u0107e biti prikazano <strong>10 filmova \u2013 devet igranih i jedan kratki<\/strong>, razgovori s autorima filmovima, kao i panel diskusije, a cijeli program je besplatan.&nbsp;<\/p>\n\n\n\n<p>Sarajevo Film Festival program <strong>\u201cSuo\u010davanje s pro\u0161lo\u0161\u0107u\u201d<\/strong> pokrenuo je 2016. godine, s ciljem pokretanja iskrenog dijaloga o bliskoj pro\u0161losti na\u0161e regije. To je preduslov za prevazila\u017eenje problema proisteklih iz nedavnih ratova u biv\u0161oj Jugoslaviji koji su bespovratno obilje\u017eila na\u0161a dru\u0161tva. U proteklih pet godina kroz ovaj program podijelili smo mnoge iznimno bolne, ali inspirativne pri\u010de iz svih krajeva svijeta.<\/p>\n\n\n\n<p>U ovom posebnom izdanju, <strong>od 24. do 30. aprila<\/strong>, predstavljaju se filmovi koji su obilje\u017eili prethodna izdanja programa \u201cSuo\u010davanje s pro\u0161lo\u0161\u0107u\u201d, filmovi koji su nagra\u0111ivani na brojnim me\u0111unarodnim festivalima a otvarali su bolne teme iz ratova na ovim prostorima, a kao poseban poklon publici u programu je i novi film Jasmile \u017dbani\u0107 \u201cQuo Vadis, Aida?\u201d. Cijeli program bit \u0107e dostupan <strong>besplatno: online na Ondemand.kinomeetingpoint.ba<\/strong> publici u cijeloj regiji &#8211; u Bosni i Hercegovini, Hrvatskoj, Srbiji, Crnoj Gori, Sjevernoj Makedoniji i Sloveniji, a publika u Sarajevu \u0107e filmove mo\u0107i gledati <strong>i u kinu Meeting Point<\/strong> uz besplatan ulaz na sve projekcije.<\/p>\n\n\n\n<p>U programu je devet igranih filmova i jedan kratki. To su filmovi <strong>\u201cQuo Vadis, Aida?\u201d<\/strong> (2020.) Jasmile \u017dbani\u0107, prvi igrani film o Srebrenici, kandidat Bosne i Hercegovine za Oscara\u00ae u kategoriji najboljeg me\u0111unarodnog igranog filma. Broj kodova za film je ograni\u010den. U programu je i <strong>\u201cSaulov sin\u201d<\/strong> (2015.) L\u00e1szla Nemesa, debitantski igrani film ma\u0111arskog reditelja koji je za originalan i nevjerojatno mo\u0107an prikaz horora Holokausta izme\u0111u ostalog osvojio i Oscara\u00ae za najbolji strani film. U programu je i rediteljski prvijenac hrvatske filmske autorice Dane Budisavljevi\u0107 <strong>\u201cDnevnik Diane Budisavljevi\u0107\u201d<\/strong> (2019.), dokumentarno-igrana pri\u010da o \u017eeni koja je spasila \u017eivote vi\u0161e od 10.000 djece zato\u010dene u nacisti\u010dkim koncentracionim logorima tokom Drugog svjetskog rata. <strong>\u201cObojena ptica\u201d <\/strong>(2019.) \u010de\u0161kog reditelja V\u00e1clava Marhoula zasnovana je na istoimenom, \u010duvenom romanu Jerzyja Kosi\u0144skog i opisuje Drugi svjetski rat iz perspektive jednog dje\u010daka. <strong>\u201cChris the Swiss\u201d<\/strong> (2018.) Anje Kofmel gledaoce vodi u bolnu potragu za istinom i suo\u010dava ih sa duhovima pro\u0161losti koji nas jo\u0161 uvijek progone zahtijevaju\u0107i da ih shvatimo i pomirimo se sa njima.&nbsp;<\/p>\n\n\n\n<p>U programu je i <strong>\u201cSrbenka\u201d<\/strong> (2018.) Neboj\u0161e Slijep\u010devi\u0107a, dobitnik \u201cSrca Sarajeva\u201d za najbolji dokumentarni film i Nagrade publike 2018. godine. U zimu 1991. godine u Zagrebu je ubijena djevoj\u010dica srpske nacionalnosti Aleksandra Zec, a 25 godina poslije redatelj Oliver Frlji\u0107 u Rijeci postavlja predstavu o tom slu\u010daju. Proces rada na toj predstavi postaje kolektivna psihoterapija. <strong>\u201cTeret\u201d<\/strong> (2018.) Ognjena Glavoni\u0107a govori o \u010dovjeku iz Pan\u010deva koji dobija novac da u vrijeme bombardiranja Srbije (1999.) s Kosova do Beograda preveze kamion s tajanstvenim teretom. <strong>\u201cMu\u0161karci ne pla\u010du\u201d<\/strong> (2017.) Alena Drljevi\u0107a prati deset mu\u0161karaca okupljenih u jednom planinskom hotelu u Bosni, 15 godina poslije rata \u2013 to su jedan trener i devet u\u010desnika radionice, nekada\u0161njih vojnika suprotstavljenih strana, koja bi trebala da im pomogne da se suo\u010de s pro\u0161lo\u0161\u0107u. Najstariji film u programu je <strong>\u201cJugoslavija, kako je ideologija pokretala na\u0161e kolektivno telo\u201d<\/strong> Marte Popivode iz 2013., koji se bavi izvo\u0111enjem ideologije u javnom prostoru putem masovnih performansa.&nbsp; U programu je i kratki film Albana Ukaja <strong>\u201cJama\u201d<\/strong> (2019.), koji prati snimanje kratkog filma o jednom ratnom zlo\u010dinu u Sarajevu.<\/p>\n\n\n\n<p>U sklopu programa \u0107e biti odr\u017eani i <strong>paneli <\/strong>s regionalnim novinarima, umjetnicima i profesorima, kako bi se pokrenule diskusije o odre\u0111enim temama, a panel sesije \u0107e se mo\u0107i pratiti u\u017eivo putem Facebook stranice Sarajevo Film Festivala.<\/p>\n\n\n\n<p><em>Program Suo\u010davanje s pro\u0161lo\u0161\u0107u je program Sarajevo Film Festivala koji se realizuje uz podr\u0161ku Fondacije Robert Bosch Stiftung.<\/em><\/p>\n\n\n\n<hr class=\"wp-block-separator\"\/>\n\n\n\n<p>Izvor: <a href=\"https:\/\/www.sff.ba\/novost\/11458\/program-suocavanje-s-prosloscu-sarajevo-film-festivala-besplatno-online-u-cijeloj-regiji-i-u-kinu-meeting-point-u-sarajevu\">https:\/\/www.sff.ba\/novost\/11458\/program-suocavanje-s-prosloscu-sarajevo-film-festivala-besplatno-online-u-cijeloj-regiji-i-u-kinu-meeting-point-u-sarajevu<\/a><\/p>\n\n\n\n<hr class=\"wp-block-separator\"\/>\n","protected":false},"excerpt":{"rendered":"","protected":false},"author":2,"featured_media":25899,"comment_status":"open","ping_status":"open","sticky":false,"template":"","format":"standard","meta":{"_acf_changed":false,"jetpack_post_was_ever_published":false,"_jetpack_newsletter_access":"","_jetpack_dont_email_post_to_subs":false,"_jetpack_newsletter_tier_id":0,"_jetpack_memberships_contains_paywalled_content":false,"_jetpack_memberships_contains_paid_content":false,"footnotes":"","jetpack_publicize_message":"","jetpack_publicize_feature_enabled":true,"jetpack_social_post_already_shared":true,"jetpack_social_options":{"image_generator_settings":{"template":"highway","default_image_id":0,"font":"","enabled":false},"version":2}},"categories":[13,3],"tags":[],"class_list":["post-25898","post","type-post","status-publish","format-standard","has-post-thumbnail","hentry","category-filmovi-i-serije","category-novosti"],"acf":{"facebook_opis":""},"jetpack_publicize_connections":[],"jetpack_featured_media_url":"https:\/\/i0.wp.com\/historiografija.hr\/wp-content\/uploads\/2021\/04\/SSP_program.png?fit=847%2C440&ssl=1","jetpack_sharing_enabled":true,"jetpack-related-posts":[],"_links":{"self":[{"href":"https:\/\/historiografija.hr\/index.php?rest_route=\/wp\/v2\/posts\/25898","targetHints":{"allow":["GET"]}}],"collection":[{"href":"https:\/\/historiografija.hr\/index.php?rest_route=\/wp\/v2\/posts"}],"about":[{"href":"https:\/\/historiografija.hr\/index.php?rest_route=\/wp\/v2\/types\/post"}],"author":[{"embeddable":true,"href":"https:\/\/historiografija.hr\/index.php?rest_route=\/wp\/v2\/users\/2"}],"replies":[{"embeddable":true,"href":"https:\/\/historiografija.hr\/index.php?rest_route=%2Fwp%2Fv2%2Fcomments&post=25898"}],"version-history":[{"count":1,"href":"https:\/\/historiografija.hr\/index.php?rest_route=\/wp\/v2\/posts\/25898\/revisions"}],"predecessor-version":[{"id":25900,"href":"https:\/\/historiografija.hr\/index.php?rest_route=\/wp\/v2\/posts\/25898\/revisions\/25900"}],"wp:featuredmedia":[{"embeddable":true,"href":"https:\/\/historiografija.hr\/index.php?rest_route=\/wp\/v2\/media\/25899"}],"wp:attachment":[{"href":"https:\/\/historiografija.hr\/index.php?rest_route=%2Fwp%2Fv2%2Fmedia&parent=25898"}],"wp:term":[{"taxonomy":"category","embeddable":true,"href":"https:\/\/historiografija.hr\/index.php?rest_route=%2Fwp%2Fv2%2Fcategories&post=25898"},{"taxonomy":"post_tag","embeddable":true,"href":"https:\/\/historiografija.hr\/index.php?rest_route=%2Fwp%2Fv2%2Ftags&post=25898"}],"curies":[{"name":"wp","href":"https:\/\/api.w.org\/{rel}","templated":true}]}}