{"id":25891,"date":"2021-04-20T11:03:46","date_gmt":"2021-04-20T11:03:46","guid":{"rendered":"http:\/\/historiografija.hr\/?p=25891"},"modified":"2021-04-20T11:03:46","modified_gmt":"2021-04-20T11:03:46","slug":"federico-tenca-montini-trst-ne-damo-jugoslavija-i-trscansko-pitanje-1945-1954","status":"publish","type":"post","link":"https:\/\/historiografija.hr\/?p=25891","title":{"rendered":"Federico Tenca Montini, \u201c\u2026Trst ne damo! Jugoslavija i Tr\u0161\u0107ansko pitanje 1945-1954.\u201d"},"content":{"rendered":"\n<p>Sudbina grada Trsta i i Tr\u0161\u0107anska kriza koja je trajala od svibnja 1945. do sklapanja Londonskog memoranduma u listopadu 1954. bila je najosjetljivija mirnodopska dionica u odnosima dviju dr\u017eava, Italije i Jugoslavije, i nekoliko nacija, prije svega talijanske, slovenske i hrvatske.<\/p>\n\n\n\n<p>Autor knjige Federico Tenca Montini u knjizi <strong><em>\u2026Trst ne damo!<\/em><\/strong> <strong>Jugoslavija i Tr\u0161\u0107ansko pitanje 1945-1954.<\/strong> iznova interpretira, podsje\u0107a i obja\u0161njava \u0161to se u deset godina doga\u0111alo izme\u0111u dvije dr\u017eave i dva bloka. Knjiga je to koja govori o sukobljavanju Zapada i Istoka, raspravama, raspravama o pravu naroda na samoopredjeljenje, ali i razmi\u0161ljanjima o ratnom plijenu, kazni i nagradi, odnosu velikih i malih nacija, krivim odlukama u pro\u0161losti, odgovornosti za ratne zlo\u010dine, spremnosti za \u017eestok otpor, karizmati\u010dnim vo\u0111ama.<\/p>\n\n\n\n<p>(Iz Predgovora knjige, prof. dr. sc. Tvrtko Jakovina)<\/p>\n\n\n\n<hr class=\"wp-block-separator\"\/>\n\n\n\n<p>Tvrdi uvez, 209 str.<\/p>\n\n\n\n<p>Cijena: 149,00 kn<\/p>\n\n\n\n<hr class=\"wp-block-separator\"\/>\n\n\n\n<p><strong>Federico Tenca Montini<\/strong>, talijanski povjesni\u010dar, istra\u017eiva\u010d-znanstvenik na Odsjeku politi\u010dkih i dru\u0161tvenih znanosti Sveu\u010dili\u0161ta u Trstu te vanjski suradnik Odsjeka za povijest Filozofskog fakulteta Sveu\u010dili\u0161ta u Zagrebu. \u010clan je upravnog odbora Instituta za povijest pokreta otpora i suvremeno doba u Trstu i redakcijskog odbora \u010dasopisa<em> Qualestoria.<\/em><\/p>\n\n\n\n<hr class=\"wp-block-separator\"\/>\n\n\n\n<p>Izvor: <a href=\"https:\/\/srednja-europa.hr\/novosti\/trst-ne-damo-jugoslavija-i-trscansko-pitanje-1945-1954\/\">https:\/\/srednja-europa.hr\/novosti\/trst-ne-damo-jugoslavija-i-trscansko-pitanje-1945-1954\/<\/a><\/p>\n\n\n\n<hr class=\"wp-block-separator\"\/>\n","protected":false},"excerpt":{"rendered":"","protected":false},"author":2,"featured_media":25892,"comment_status":"open","ping_status":"open","sticky":false,"template":"","format":"standard","meta":{"_acf_changed":false,"jetpack_post_was_ever_published":false,"_jetpack_newsletter_access":"","_jetpack_dont_email_post_to_subs":false,"_jetpack_newsletter_tier_id":0,"_jetpack_memberships_contains_paywalled_content":false,"_jetpack_memberships_contains_paid_content":false,"footnotes":"","jetpack_publicize_message":"","jetpack_publicize_feature_enabled":true,"jetpack_social_post_already_shared":true,"jetpack_social_options":{"image_generator_settings":{"template":"highway","default_image_id":0,"font":"","enabled":false},"version":2}},"categories":[8,3],"tags":[],"class_list":["post-25891","post","type-post","status-publish","format-standard","has-post-thumbnail","hentry","category-knjige","category-novosti"],"acf":{"facebook_opis":""},"jetpack_publicize_connections":[],"jetpack_featured_media_url":"https:\/\/i0.wp.com\/historiografija.hr\/wp-content\/uploads\/2021\/04\/Trst-ne-damo-naslovnica-treci-print_page-0001.jpg?fit=2115%2C1424&ssl=1","jetpack_sharing_enabled":true,"jetpack-related-posts":[],"_links":{"self":[{"href":"https:\/\/historiografija.hr\/index.php?rest_route=\/wp\/v2\/posts\/25891","targetHints":{"allow":["GET"]}}],"collection":[{"href":"https:\/\/historiografija.hr\/index.php?rest_route=\/wp\/v2\/posts"}],"about":[{"href":"https:\/\/historiografija.hr\/index.php?rest_route=\/wp\/v2\/types\/post"}],"author":[{"embeddable":true,"href":"https:\/\/historiografija.hr\/index.php?rest_route=\/wp\/v2\/users\/2"}],"replies":[{"embeddable":true,"href":"https:\/\/historiografija.hr\/index.php?rest_route=%2Fwp%2Fv2%2Fcomments&post=25891"}],"version-history":[{"count":1,"href":"https:\/\/historiografija.hr\/index.php?rest_route=\/wp\/v2\/posts\/25891\/revisions"}],"predecessor-version":[{"id":25893,"href":"https:\/\/historiografija.hr\/index.php?rest_route=\/wp\/v2\/posts\/25891\/revisions\/25893"}],"wp:featuredmedia":[{"embeddable":true,"href":"https:\/\/historiografija.hr\/index.php?rest_route=\/wp\/v2\/media\/25892"}],"wp:attachment":[{"href":"https:\/\/historiografija.hr\/index.php?rest_route=%2Fwp%2Fv2%2Fmedia&parent=25891"}],"wp:term":[{"taxonomy":"category","embeddable":true,"href":"https:\/\/historiografija.hr\/index.php?rest_route=%2Fwp%2Fv2%2Fcategories&post=25891"},{"taxonomy":"post_tag","embeddable":true,"href":"https:\/\/historiografija.hr\/index.php?rest_route=%2Fwp%2Fv2%2Ftags&post=25891"}],"curies":[{"name":"wp","href":"https:\/\/api.w.org\/{rel}","templated":true}]}}