{"id":25865,"date":"2021-04-19T20:45:38","date_gmt":"2021-04-19T20:45:38","guid":{"rendered":"http:\/\/historiografija.hr\/?p=25865"},"modified":"2021-04-19T20:45:38","modified_gmt":"2021-04-19T20:45:38","slug":"izlozba-zagreb-veceslava-holjevca-od-1952-do-1963-urbanisticka-vizija-i-arhitektonski-dosezi","status":"publish","type":"post","link":"https:\/\/historiografija.hr\/?p=25865","title":{"rendered":"Izlo\u017eba \u201cZagreb Ve\u0107eslava Holjevca od 1952. do 1963.: Urbanisti\u010dka vizija i arhitektonski dosezi\u201d"},"content":{"rendered":"\n<p>21.04.2021 &#8211; 20.05.2021 \/ MSU galerija, Zagreb<\/p>\n\n\n\n<p>Izlo\u017eba \u201eZagreb Ve\u0107eslava Holjevca od 1952. do 1963. : Urbanisti\u010dka vizija i arhitektonski dosezi\u201c priprema se u povodu obilje\u017eavanja 50 godina od smrti gradona\u010delnika Ve\u0107eslava Holjevca 1970. godine. Urbanisti\u010dko-arhitektonsko istra\u017eivanje o Zagrebu Ve\u0107eslava Holjevca proveo je arhitekt prof.dr.sc. Ivan Mlinar, a biografsko istra\u017eivanje o Ve\u0107eslavu Holjevcu proveo je povjesni\u010dar doc.dr.sc. Hrvoje Klasi\u0107.<\/p>\n\n\n\n<p>Cilj izlo\u017ebe je prezentirati urbanisti\u010dku viziju i arhitektonske dosege Zagreba Ve\u0107eslava Holjevca od 1952. do 1963. kroz prikaz tri klju\u010dna urbanisti\u010dka dokumenta i, simboli\u010dno vezano uz pedesetu obljetnicu smrti Ve\u0107eslava Holjevca, 50 tematski odabranih reprezentativnih primjera urbanisti\u010dko-arhitektonskih ostvarenja gra\u0111enih, projektiranih ili planiranih od 1952. do 1963. te i danas zna\u010dajnih u kontekstu graditeljske i kulturne ba\u0161tine Zagreba. Tako\u0111er, cilj izlo\u017ebe je prezentirati i odabrane biografske podatke o Ve\u0107eslavu Holjevcu koji je u javnosti najpoznatiji po funkciji gradona\u010delnika Zagreba, ali je obna\u0161ao i niz zna\u010dajnih i zanimljivih vojnih i politi\u010dkih odnosno rukovode\u0107ih funkcija koje su manje poznate.<\/p>\n\n\n\n<p>Na izlo\u017ebi \u0107e biti prezentirana gra\u0111a iz obiteljske arhive Tatjane Holjevac,\u00a0 Muzeja suvremene umjetnosti, Muzeja grada Zagreba, Hrvatske radiotelevizije, Muzeja arhitekture HAZU, Dr\u017eavne geodetske uprave, Dr\u017eavnog arhiva u Zagrebu, Arhitektonskog fakulteta Sveu\u010dili\u0161ta u Zagrebu, Jadran filma i Zagreb filma \u2013 urbanisti\u010dki dokumenti, publikacije i filmovi te fotografije reprezentativnih primjera urbanisti\u010dko-arhitektonskih ostvarenja Zagreba Ve\u0107eslava Holjevca i memorabilije Ve\u0107eslava Holjevca.<\/p>\n\n\n\n<hr class=\"wp-block-separator\"\/>\n\n\n\n<p>Izvor: <a href=\"http:\/\/www.msu.hr\/dogadanja\/zagreb-%20veceslava-holjevca-od-1952-do-1963-urbanisticka-vizija-i-arhitektonski-dosezi\/648.html\">http:\/\/www.msu.hr\/dogadanja\/zagreb-%20veceslava-holjevca-od-1952-do-1963-urbanisticka-vizija-i-arhitektonski-dosezi\/648.html<\/a><\/p>\n\n\n\n<hr class=\"wp-block-separator\"\/>\n","protected":false},"excerpt":{"rendered":"","protected":false},"author":2,"featured_media":25866,"comment_status":"open","ping_status":"open","sticky":false,"template":"","format":"standard","meta":{"_acf_changed":false,"jetpack_post_was_ever_published":false,"_jetpack_newsletter_access":"","_jetpack_dont_email_post_to_subs":false,"_jetpack_newsletter_tier_id":0,"_jetpack_memberships_contains_paywalled_content":false,"_jetpack_memberships_contains_paid_content":false,"footnotes":"","jetpack_publicize_message":"","jetpack_publicize_feature_enabled":true,"jetpack_social_post_already_shared":true,"jetpack_social_options":{"image_generator_settings":{"template":"highway","default_image_id":0,"font":"","enabled":false},"version":2}},"categories":[10,3],"tags":[],"class_list":["post-25865","post","type-post","status-publish","format-standard","has-post-thumbnail","hentry","category-izlozbe","category-novosti"],"acf":{"facebook_opis":""},"jetpack_publicize_connections":[],"jetpack_featured_media_url":"https:\/\/i0.wp.com\/historiografija.hr\/wp-content\/uploads\/2021\/04\/Izlozba-Holjevac.jpg?fit=1280%2C1280&ssl=1","jetpack_sharing_enabled":true,"jetpack-related-posts":[],"_links":{"self":[{"href":"https:\/\/historiografija.hr\/index.php?rest_route=\/wp\/v2\/posts\/25865","targetHints":{"allow":["GET"]}}],"collection":[{"href":"https:\/\/historiografija.hr\/index.php?rest_route=\/wp\/v2\/posts"}],"about":[{"href":"https:\/\/historiografija.hr\/index.php?rest_route=\/wp\/v2\/types\/post"}],"author":[{"embeddable":true,"href":"https:\/\/historiografija.hr\/index.php?rest_route=\/wp\/v2\/users\/2"}],"replies":[{"embeddable":true,"href":"https:\/\/historiografija.hr\/index.php?rest_route=%2Fwp%2Fv2%2Fcomments&post=25865"}],"version-history":[{"count":1,"href":"https:\/\/historiografija.hr\/index.php?rest_route=\/wp\/v2\/posts\/25865\/revisions"}],"predecessor-version":[{"id":25867,"href":"https:\/\/historiografija.hr\/index.php?rest_route=\/wp\/v2\/posts\/25865\/revisions\/25867"}],"wp:featuredmedia":[{"embeddable":true,"href":"https:\/\/historiografija.hr\/index.php?rest_route=\/wp\/v2\/media\/25866"}],"wp:attachment":[{"href":"https:\/\/historiografija.hr\/index.php?rest_route=%2Fwp%2Fv2%2Fmedia&parent=25865"}],"wp:term":[{"taxonomy":"category","embeddable":true,"href":"https:\/\/historiografija.hr\/index.php?rest_route=%2Fwp%2Fv2%2Fcategories&post=25865"},{"taxonomy":"post_tag","embeddable":true,"href":"https:\/\/historiografija.hr\/index.php?rest_route=%2Fwp%2Fv2%2Ftags&post=25865"}],"curies":[{"name":"wp","href":"https:\/\/api.w.org\/{rel}","templated":true}]}}