{"id":25829,"date":"2021-04-16T18:38:34","date_gmt":"2021-04-16T18:38:34","guid":{"rendered":"http:\/\/historiografija.hr\/?p=25829"},"modified":"2021-04-16T18:43:42","modified_gmt":"2021-04-16T18:43:42","slug":"predavanje-bojana-aleksova-narratives-of-hope-and-fear-insider-outsider-perspectives-on-wartime-microcosm-of-korcula","status":"publish","type":"post","link":"https:\/\/historiografija.hr\/?p=25829","title":{"rendered":"Predavanje Bojana Aleksova &#8216;Narratives of Hope and Fear. Insider-Outsider Perspectives on Wartime Microcosm of Kor\u010dula&#8217;"},"content":{"rendered":"\n<p>Institut za etnologiju i folkloristiku u Zagrebu i projekt Hrvatske zaklade za znanost &#8216;Naracije straha&#8217; pozivaju vas na predavanje Bojana Aleksova (University College London, SSEES) &#8216;Narratives of Hope and Fear. Insider-Outsider Perspectives on Wartime Microcosm of Kor\u010dula&#8217; koje \u0107e se odr\u017eati u utorak, 20. travnja, u 12 sati, u knji\u017enici IEF-a i putem platforme Zoom, na poveznici:<\/p>\n\n\n\n<p><a href=\"https:\/\/us02web.zoom.us\/j\/2327816523?pwd=Z0ZnQkNMM05MNFp4cUpndGlFWWRxQT09\">https:\/\/us02web.zoom.us\/j\/2327816523?pwd=Z0ZnQkNMM05MNFp4cUpndGlFWWRxQT09<\/a><\/p>\n\n\n\n<p>Meeting ID: 232 781 6523<\/p>\n\n\n\n<p>Passcode: 3ezj8W<\/p>\n\n\n\n<hr class=\"wp-block-separator\"\/>\n\n\n\n<p>Izlaganje \u0107e biti na engleskom, a popratna diskusija na hrvatskom jeziku.<\/p>\n\n\n\n<hr class=\"wp-block-separator\"\/>\n\n\n\n<p>Vi\u0161e o predavanju i predava\u010du pro\u010ditajte u privitku.<\/p>\n\n\n\n<p><br><a href=\"https:\/\/www.ief.hr\/wp-content\/uploads\/2021\/04\/Tribina-Aleksov_Pozivnica.pdf\">https:\/\/www.ief.hr\/wp-content\/uploads\/2021\/04\/Tribina-Aleksov_Pozivnica.pdf<\/a><\/p>\n\n\n\n<hr class=\"wp-block-separator\"\/>\n\n\n\n<p>Veselimo se virtualnom dru\u017eenju!<\/p>\n\n\n\n<hr class=\"wp-block-separator\"\/>\n\n\n\n<p>Izvor:<\/p>\n\n\n\n<figure class=\"wp-block-embed-wordpress wp-block-embed is-type-wp-embed is-provider-institut-za-etnologiju-i-folkloristiku\"><div class=\"wp-block-embed__wrapper\">\n<blockquote class=\"wp-embedded-content\" data-secret=\"Hi1LaerLq4\"><a href=\"https:\/\/www.ief.hr\/\">Naslovna<\/a><\/blockquote><iframe loading=\"lazy\" class=\"wp-embedded-content\" sandbox=\"allow-scripts\" security=\"restricted\" style=\"position: absolute; clip: rect(1px, 1px, 1px, 1px);\" title=\"&#8220;Naslovna&#8221; &#8212; Institut za etnologiju i folkloristiku\" src=\"https:\/\/www.ief.hr\/embed\/#?secret=Hi1LaerLq4\" data-secret=\"Hi1LaerLq4\" width=\"600\" height=\"338\" frameborder=\"0\" marginwidth=\"0\" marginheight=\"0\" scrolling=\"no\"><\/iframe>\n<\/div><\/figure>\n\n\n\n<p><a href=\"https:\/\/www.facebook.com\/institutzaetnologijuifolkloristiku\/\">https:\/\/www.facebook.com\/institutzaetnologijuifolkloristiku\/<\/a><\/p>\n\n\n\n<hr class=\"wp-block-separator\"\/>\n","protected":false},"excerpt":{"rendered":"","protected":false},"author":2,"featured_media":25830,"comment_status":"open","ping_status":"open","sticky":false,"template":"","format":"standard","meta":{"_acf_changed":false,"jetpack_post_was_ever_published":false,"_jetpack_newsletter_access":"","_jetpack_dont_email_post_to_subs":false,"_jetpack_newsletter_tier_id":0,"_jetpack_memberships_contains_paywalled_content":false,"_jetpack_memberships_contains_paid_content":false,"footnotes":"","jetpack_publicize_message":"","jetpack_publicize_feature_enabled":true,"jetpack_social_post_already_shared":true,"jetpack_social_options":{"image_generator_settings":{"template":"highway","default_image_id":0,"font":"","enabled":false},"version":2}},"categories":[3],"tags":[],"class_list":["post-25829","post","type-post","status-publish","format-standard","has-post-thumbnail","hentry","category-novosti"],"acf":{"facebook_opis":""},"jetpack_publicize_connections":[],"jetpack_featured_media_url":"https:\/\/i0.wp.com\/historiografija.hr\/wp-content\/uploads\/2021\/04\/Aleksov.jpg?fit=509%2C720&ssl=1","jetpack_sharing_enabled":true,"jetpack-related-posts":[],"_links":{"self":[{"href":"https:\/\/historiografija.hr\/index.php?rest_route=\/wp\/v2\/posts\/25829","targetHints":{"allow":["GET"]}}],"collection":[{"href":"https:\/\/historiografija.hr\/index.php?rest_route=\/wp\/v2\/posts"}],"about":[{"href":"https:\/\/historiografija.hr\/index.php?rest_route=\/wp\/v2\/types\/post"}],"author":[{"embeddable":true,"href":"https:\/\/historiografija.hr\/index.php?rest_route=\/wp\/v2\/users\/2"}],"replies":[{"embeddable":true,"href":"https:\/\/historiografija.hr\/index.php?rest_route=%2Fwp%2Fv2%2Fcomments&post=25829"}],"version-history":[{"count":3,"href":"https:\/\/historiografija.hr\/index.php?rest_route=\/wp\/v2\/posts\/25829\/revisions"}],"predecessor-version":[{"id":25833,"href":"https:\/\/historiografija.hr\/index.php?rest_route=\/wp\/v2\/posts\/25829\/revisions\/25833"}],"wp:featuredmedia":[{"embeddable":true,"href":"https:\/\/historiografija.hr\/index.php?rest_route=\/wp\/v2\/media\/25830"}],"wp:attachment":[{"href":"https:\/\/historiografija.hr\/index.php?rest_route=%2Fwp%2Fv2%2Fmedia&parent=25829"}],"wp:term":[{"taxonomy":"category","embeddable":true,"href":"https:\/\/historiografija.hr\/index.php?rest_route=%2Fwp%2Fv2%2Fcategories&post=25829"},{"taxonomy":"post_tag","embeddable":true,"href":"https:\/\/historiografija.hr\/index.php?rest_route=%2Fwp%2Fv2%2Ftags&post=25829"}],"curies":[{"name":"wp","href":"https:\/\/api.w.org\/{rel}","templated":true}]}}