{"id":25826,"date":"2021-04-15T12:44:20","date_gmt":"2021-04-15T12:44:20","guid":{"rendered":"http:\/\/historiografija.hr\/?p=25826"},"modified":"2021-04-23T15:30:29","modified_gmt":"2021-04-23T15:30:29","slug":"mate-bozic-i-stjepan-cosic-hrvatski-grbovi-geneza-simbolika-povijest","status":"publish","type":"post","link":"https:\/\/historiografija.hr\/?p=25826","title":{"rendered":"Mate Bo\u017ei\u0107 i Stjepan \u0106osi\u0107, &#8216;Hrvatski grbovi. Geneza, simbolika, povijest&#8217;"},"content":{"rendered":"\n<p>Rije\u010d je o znanstvenome djelu koje se u \u0161irokom vremenskom i tematskom rasponu bavi nastankom, uporabom i simbolikom niza hrvatskih zemaljskih grbova od 13. do po\u010detka 17. stolje\u0107a. Obradba teme oslanja se i nadovezuje na recentna monografska djela o povijesti hrvatskog grbovlja, a znanstveni diskurs na metodolo\u0161ka dostignu\u0107a suvremene svjetske heraldike. Djelo stoga ima obilje\u017eja sinteze dosada\u0161njih spoznaja, ali \u2013 \u0161to je jo\u0161 va\u017enije \u2013 uklju\u010duje i&nbsp; problematizira respektabilan broj do danas u nacionalnoj historiografiji nepoznatih starijih svjedo\u010danstava o grbovima hrvatskih zemalja i njihovih vladara. U razja\u0161njavanju brojnih otvorenih pitanja vodilo se ra\u010duna o razlikama u naravi pojedinih nositelja heraldi\u010dkog sadr\u017eaja, od kovanog novca i pe\u010data, preko pomorskih karata, putopisa i portulana, crte\u017ea, grafika, zidnih oslika i kamenih spomenika, sve do usustavljenih korpusa grbova u specijaliziranom mediju \u2013 grbovnicima. Zami\u0161ljeni kako kompendij heraldi\u010dkog znanja, povijesni su grbovnici istodobno i prvorazredni dokumenti o \u201eslici svijeta\u201c svojstvenoj njihovim tvorcima i ambijentima u kojima su nastajali. Temu ove knjige \u010dine intrigantnom i aktualnom s jedne strane upravo trajnost davno nastalih heraldi\u010dkih motiva, a s druge strane \u010dinjenice da su im se zna\u010denje i simboli\u010dki sadr\u017eaj tijekom povijesti mijenjali. Osim na genezu, pozornost dvojice autora usmjerena je stoga i na evoluciju poimanja i \u201euporabe\u201c grbova hrvatskih zemalja kao znakova i kao simbola nacionalnog i dr\u017eavnog identiteta, od ranomodernog sve do suvremenog doba.<\/p>\n\n\n\n<p>Ukratko, u ovoj knjizi po prvi put se iznose cjelovita i relevantna historiografska i heraldi\u010dka tuma\u010denja geneze, uporabe i simbolike svih hrvatskih povijesnih grbova i njihovih heraldi\u010dkih likova.<\/p>\n\n\n\n<hr class=\"wp-block-separator\"\/>\n\n\n\n<p><strong>Izdava\u010d<\/strong>: Hrvatska sveu\u010dili\u0161na naklada, Filozofski fakultet Sveu\u010dili\u0161ta u Zagrebu, Institut dru\u0161tvenih znanosti &#8220;Ivo Pilar&#8221;<br><strong>Godina izdavanja<\/strong>: 2021<br><strong>Op\u0107e informacije<\/strong>: 239 str.<\/p>\n\n\n\n<hr class=\"wp-block-separator\"\/>\n\n\n\n<p>Izvor: <a href=\"https:\/\/www.hsn.hr\/product\/504\/hrvatski-grbovi-geneza-simbolika-povijest\">https:\/\/www.hsn.hr\/product\/504\/hrvatski-grbovi-geneza-simbolika-povijest<\/a><\/p>\n\n\n\n<hr class=\"wp-block-separator\"\/>\n\n\n\n<p>Dodatne informacije:<\/p>\n\n\n\n<p><a href=\"https:\/\/www.glasistre.hr\/kultura\/objavljena-knjiga-hrvatski-grbovi-geneza-simbolika-povijest-713960\">https:\/\/www.glasistre.hr\/kultura\/objavljena-knjiga-hrvatski-grbovi-geneza-simbolika-povijest-713960<\/a><\/p>\n\n\n\n<figure class=\"wp-block-embed-wordpress wp-block-embed is-type-wp-embed is-provider-hrvatsko-grboslovno-i-zastavoslovno-drustvo\"><div class=\"wp-block-embed__wrapper\">\n<blockquote class=\"wp-embedded-content\" data-secret=\"VZ69ld6IIL\"><a href=\"http:\/\/hgzd.hr\/3356\/\">Monografija Mate Bo\u017ei\u0107 i Stjepan \u0106osi\u0107: \u00bbHrvatski grbovi &#8211; geneza, simbolika, povijest\u00ab<\/a><\/blockquote><iframe loading=\"lazy\" class=\"wp-embedded-content\" sandbox=\"allow-scripts\" security=\"restricted\" style=\"position: absolute; clip: rect(1px, 1px, 1px, 1px);\" title=\"&#8220;Monografija Mate Bo\u017ei\u0107 i Stjepan \u0106osi\u0107: \u00bbHrvatski grbovi &#8211; geneza, simbolika, povijest\u00ab&#8221; &#8212; Hrvatsko grboslovno i zastavoslovno dru\u0161tvo\" src=\"http:\/\/hgzd.hr\/3356\/embed\/#?secret=VZ69ld6IIL\" data-secret=\"VZ69ld6IIL\" width=\"600\" height=\"338\" frameborder=\"0\" marginwidth=\"0\" marginheight=\"0\" scrolling=\"no\"><\/iframe>\n<\/div><\/figure>\n\n\n\n<figure class=\"wp-block-embed-wordpress wp-block-embed is-type-wp-embed is-provider-dulist-hr\"><div class=\"wp-block-embed__wrapper\">\n<blockquote class=\"wp-embedded-content\" data-secret=\"iPvplUFOiD\"><a href=\"https:\/\/dulist.hr\/kako-je-nastao-grb-dubrovacke-republike\/703686\/\">NOVA MONOGRAFIJA &#8216;HRVATSKI GRBOVI&#8217; Kako je nastao grb Dubrova\u010dke Republike?<\/a><\/blockquote><iframe loading=\"lazy\" class=\"wp-embedded-content\" sandbox=\"allow-scripts\" security=\"restricted\" style=\"position: absolute; clip: rect(1px, 1px, 1px, 1px);\" title=\"&#8220;NOVA MONOGRAFIJA &#8216;HRVATSKI GRBOVI&#8217; Kako je nastao grb Dubrova\u010dke Republike?&#8221; &#8212; DuList.hr\" src=\"https:\/\/dulist.hr\/kako-je-nastao-grb-dubrovacke-republike\/703686\/embed\/#?secret=iPvplUFOiD\" data-secret=\"iPvplUFOiD\" width=\"600\" height=\"338\" frameborder=\"0\" marginwidth=\"0\" marginheight=\"0\" scrolling=\"no\"><\/iframe>\n<\/div><\/figure>\n\n\n\n<p><a href=\"https:\/\/narod.hr\/hrvatska\/prof-stjepan-cosic-slojevitost-hrvatskoga-identiteta-ocituje-se-i-u-nasem-grbu\">https:\/\/narod.hr\/hrvatska\/prof-stjepan-cosic-slojevitost-hrvatskoga-identiteta-ocituje-se-i-u-nasem-grbu<\/a><\/p>\n\n\n\n<p><a href=\"https:\/\/www.hrstud.unizg.hr\/obavijesti?@=21ewx#news_112402\">https:\/\/www.hrstud.unizg.hr\/obavijesti?@=21ewx#news_112402<\/a><\/p>\n\n\n\n<figure class=\"wp-block-embed-wordpress wp-block-embed is-type-wp-embed is-provider-institut-drustvenih-znanosti-ivo-pilar\"><div class=\"wp-block-embed__wrapper\">\n<blockquote class=\"wp-embedded-content\" data-secret=\"8IP7hatlnU\"><a href=\"https:\/\/www.pilar.hr\/2021\/04\/objavljena-knjiga-mate-bozica-i-stjepana-cosica-hrvatski-grbovi-geneza-simbolika-povijest\/\">Objavljena knjiga Mate Bo\u017ei\u0107a i Stjepana \u0106osi\u0107a HRVATSKI GRBOVI: geneza &#8211; simbolika &#8211; povijest<\/a><\/blockquote><iframe loading=\"lazy\" class=\"wp-embedded-content\" sandbox=\"allow-scripts\" security=\"restricted\" style=\"position: absolute; clip: rect(1px, 1px, 1px, 1px);\" title=\"&#8220;Objavljena knjiga Mate Bo\u017ei\u0107a i Stjepana \u0106osi\u0107a HRVATSKI GRBOVI: geneza &#8211; simbolika &#8211; povijest&#8221; &#8212; Institut dru\u0161tvenih znanosti Ivo Pilar\" src=\"https:\/\/www.pilar.hr\/2021\/04\/objavljena-knjiga-mate-bozica-i-stjepana-cosica-hrvatski-grbovi-geneza-simbolika-povijest\/embed\/#?secret=8IP7hatlnU\" data-secret=\"8IP7hatlnU\" width=\"600\" height=\"338\" frameborder=\"0\" marginwidth=\"0\" marginheight=\"0\" scrolling=\"no\"><\/iframe>\n<\/div><\/figure>\n\n\n\n<hr class=\"wp-block-separator\"\/>\n","protected":false},"excerpt":{"rendered":"","protected":false},"author":2,"featured_media":25827,"comment_status":"open","ping_status":"open","sticky":false,"template":"","format":"standard","meta":{"_acf_changed":false,"jetpack_post_was_ever_published":false,"_jetpack_newsletter_access":"","_jetpack_dont_email_post_to_subs":false,"_jetpack_newsletter_tier_id":0,"_jetpack_memberships_contains_paywalled_content":false,"_jetpack_memberships_contains_paid_content":false,"footnotes":"","jetpack_publicize_message":"","jetpack_publicize_feature_enabled":true,"jetpack_social_post_already_shared":true,"jetpack_social_options":{"image_generator_settings":{"template":"highway","default_image_id":0,"font":"","enabled":false},"version":2}},"categories":[8,3],"tags":[],"class_list":["post-25826","post","type-post","status-publish","format-standard","has-post-thumbnail","hentry","category-knjige","category-novosti"],"acf":{"facebook_opis":""},"jetpack_publicize_connections":[],"jetpack_featured_media_url":"https:\/\/i0.wp.com\/historiografija.hr\/wp-content\/uploads\/2021\/04\/Hrvatski-grbovi.jpg?fit=689%2C905&ssl=1","jetpack_sharing_enabled":true,"jetpack-related-posts":[],"_links":{"self":[{"href":"https:\/\/historiografija.hr\/index.php?rest_route=\/wp\/v2\/posts\/25826","targetHints":{"allow":["GET"]}}],"collection":[{"href":"https:\/\/historiografija.hr\/index.php?rest_route=\/wp\/v2\/posts"}],"about":[{"href":"https:\/\/historiografija.hr\/index.php?rest_route=\/wp\/v2\/types\/post"}],"author":[{"embeddable":true,"href":"https:\/\/historiografija.hr\/index.php?rest_route=\/wp\/v2\/users\/2"}],"replies":[{"embeddable":true,"href":"https:\/\/historiografija.hr\/index.php?rest_route=%2Fwp%2Fv2%2Fcomments&post=25826"}],"version-history":[{"count":2,"href":"https:\/\/historiografija.hr\/index.php?rest_route=\/wp\/v2\/posts\/25826\/revisions"}],"predecessor-version":[{"id":25954,"href":"https:\/\/historiografija.hr\/index.php?rest_route=\/wp\/v2\/posts\/25826\/revisions\/25954"}],"wp:featuredmedia":[{"embeddable":true,"href":"https:\/\/historiografija.hr\/index.php?rest_route=\/wp\/v2\/media\/25827"}],"wp:attachment":[{"href":"https:\/\/historiografija.hr\/index.php?rest_route=%2Fwp%2Fv2%2Fmedia&parent=25826"}],"wp:term":[{"taxonomy":"category","embeddable":true,"href":"https:\/\/historiografija.hr\/index.php?rest_route=%2Fwp%2Fv2%2Fcategories&post=25826"},{"taxonomy":"post_tag","embeddable":true,"href":"https:\/\/historiografija.hr\/index.php?rest_route=%2Fwp%2Fv2%2Ftags&post=25826"}],"curies":[{"name":"wp","href":"https:\/\/api.w.org\/{rel}","templated":true}]}}