{"id":25812,"date":"2021-04-15T11:48:02","date_gmt":"2021-04-15T11:48:02","guid":{"rendered":"http:\/\/historiografija.hr\/?p=25812"},"modified":"2021-04-15T11:48:02","modified_gmt":"2021-04-15T11:48:02","slug":"matteo-mastragostino-alessandro-ranghiasci-primo-levi","status":"publish","type":"post","link":"https:\/\/historiografija.hr\/?p=25812","title":{"rendered":"Matteo Mastragostino, Alessandro Ranghiasci, \u201cPrimo Levi\u201d"},"content":{"rendered":"\n<p>Usred Drugog svjetskog rata u Italiji mladog su talijanskog kemi\u010dara \u017eidovskog porijekla Prima Levija uhitili talijanski fa\u0161isti i predali ga Nijemcima, koji su ga odveli u nacisti\u010dki logor smrti Auschwitz \u2013 on ga je nazivao Lager, \u0161to je njema\u010dka rije\u010d za koncentracijski logor \u2013 ondje je pre\u017eivio dijelom zahvaljuju\u0107i pukoj sre\u0107i, a dijelom zbog toga \u0161to je kao kemi\u010dar bio poslan da radi u tvornici umjetne gume u robovskim uvjetima.<\/p>\n\n\n\n<p>\u201eSmrti Prima Levija dobro se sje\u0107am. Sje\u0107anje je to jedva desetogodi\u0161njega dje\u010daka. Zato sam odlu\u010dio pripovijedati Prima Levija, kojega sam mogao sresti prije njegove smrti. \u0160to bi Levi mogao re\u0107i dje\u010daku Matteu, pred trideset godina? Ovaj strip nije povijest Prima Levija, njegov \u017eivotopis, ve\u0107 je povijest mog Prima Levija. Ovom pri\u010dom zatvaram krug vijesti koju sam \u010duo prije trideset godina, a ostala mi je teret u du\u0161i. Pri\u010da o mom Primu Leviju, \u010dovjeku koji se borio hrabro i koji je znao ustrajati, \u010dak i nadasve onda kad bi bilo lak\u0161e podle\u0107i.\u201c<\/p>\n\n\n\n<hr class=\"wp-block-separator\"\/>\n\n\n\n<p><em>Primo Levi<\/em><\/p>\n\n\n\n<p>strip&nbsp; \/ grafi\u010dki roman<\/p>\n\n\n\n<p>Prijevod s talijanskog: Matija Marki\u0107i\u0107 Didi<\/p>\n\n\n\n<p>1.4.2021.\u00a0<\/p>\n\n\n\n<hr class=\"wp-block-separator\"\/>\n\n\n\n<p>Izvor: <a href=\"http:\/\/www.sandorf.hr\/blogitem.php?item_id=379&amp;tag=Primo%20Levi&amp;type=4\">http:\/\/www.sandorf.hr\/blogitem.php?item_id=379&amp;tag=Primo%20Levi&amp;type=4<\/a><\/p>\n\n\n\n<hr class=\"wp-block-separator\"\/>\n","protected":false},"excerpt":{"rendered":"","protected":false},"author":2,"featured_media":25813,"comment_status":"open","ping_status":"open","sticky":false,"template":"","format":"standard","meta":{"_acf_changed":false,"jetpack_post_was_ever_published":false,"_jetpack_newsletter_access":"","_jetpack_dont_email_post_to_subs":false,"_jetpack_newsletter_tier_id":0,"_jetpack_memberships_contains_paywalled_content":false,"_jetpack_memberships_contains_paid_content":false,"footnotes":"","jetpack_publicize_message":"","jetpack_publicize_feature_enabled":true,"jetpack_social_post_already_shared":true,"jetpack_social_options":{"image_generator_settings":{"template":"highway","default_image_id":0,"font":"","enabled":false},"version":2}},"categories":[3,12],"tags":[],"class_list":["post-25812","post","type-post","status-publish","format-standard","has-post-thumbnail","hentry","category-novosti","category-knjizevnost"],"acf":{"facebook_opis":""},"jetpack_publicize_connections":[],"jetpack_featured_media_url":"https:\/\/i0.wp.com\/historiografija.hr\/wp-content\/uploads\/2021\/04\/Primo_Levi.jpg?fit=400%2C600&ssl=1","jetpack_sharing_enabled":true,"jetpack-related-posts":[],"_links":{"self":[{"href":"https:\/\/historiografija.hr\/index.php?rest_route=\/wp\/v2\/posts\/25812","targetHints":{"allow":["GET"]}}],"collection":[{"href":"https:\/\/historiografija.hr\/index.php?rest_route=\/wp\/v2\/posts"}],"about":[{"href":"https:\/\/historiografija.hr\/index.php?rest_route=\/wp\/v2\/types\/post"}],"author":[{"embeddable":true,"href":"https:\/\/historiografija.hr\/index.php?rest_route=\/wp\/v2\/users\/2"}],"replies":[{"embeddable":true,"href":"https:\/\/historiografija.hr\/index.php?rest_route=%2Fwp%2Fv2%2Fcomments&post=25812"}],"version-history":[{"count":1,"href":"https:\/\/historiografija.hr\/index.php?rest_route=\/wp\/v2\/posts\/25812\/revisions"}],"predecessor-version":[{"id":25814,"href":"https:\/\/historiografija.hr\/index.php?rest_route=\/wp\/v2\/posts\/25812\/revisions\/25814"}],"wp:featuredmedia":[{"embeddable":true,"href":"https:\/\/historiografija.hr\/index.php?rest_route=\/wp\/v2\/media\/25813"}],"wp:attachment":[{"href":"https:\/\/historiografija.hr\/index.php?rest_route=%2Fwp%2Fv2%2Fmedia&parent=25812"}],"wp:term":[{"taxonomy":"category","embeddable":true,"href":"https:\/\/historiografija.hr\/index.php?rest_route=%2Fwp%2Fv2%2Fcategories&post=25812"},{"taxonomy":"post_tag","embeddable":true,"href":"https:\/\/historiografija.hr\/index.php?rest_route=%2Fwp%2Fv2%2Ftags&post=25812"}],"curies":[{"name":"wp","href":"https:\/\/api.w.org\/{rel}","templated":true}]}}