{"id":25781,"date":"2021-04-13T20:03:53","date_gmt":"2021-04-13T20:03:53","guid":{"rendered":"http:\/\/historiografija.hr\/?p=25781"},"modified":"2021-04-13T20:03:53","modified_gmt":"2021-04-13T20:03:53","slug":"izlozba-veliki-tabor-u-20-stoljecu-2","status":"publish","type":"post","link":"https:\/\/historiografija.hr\/?p=25781","title":{"rendered":"Izlo\u017eba &#8216;Veliki Tabor u 20. stolje\u0107u&#8217;"},"content":{"rendered":"\n<p>Dvor Trako\u0161\u0107an i Muzeji Hrvatskog zagorja, Dvor Veliki Tabor pozivaju Vas na otvorenje izlo\u017ebe \u201eVeliki Tabor u 20. stolje\u0107u\u201c koje \u0107e se odr\u017eati u Galeriji Dvora Trako\u0161\u0107an u \u010detvrtak, 15. travnja 2021., u 18:00 sati.<\/p>\n\n\n\n<p>Izlo\u017ebom \u0107e biti prezentiran stari grad \u2013 njegova monumentalna arhitektura, sanacijski radovi vr\u0161eni na objektu, te namjena. Tako\u0111er, bit \u0107e predstavljeni njegovi vlasnici i doga\u0111aji koji su se u dvoru odvijali tijekom 20. stolje\u0107a. Navedeno razdoblje obilje\u017eeno je propadanjem Velikog Tabora, no, s druge strane, tako\u0111er i razvijanjem svijesti o njegovom velikom zna\u010daju za hrvatsku i svjetsku kulturnu ba\u0161tinu te ulo\u017eenim naporima da se grad sa\u010duva za idu\u0107a stolje\u0107a.<\/p>\n\n\n\n<p>Posjetitelji izlo\u017ebe imat \u0107e priliku razgledati 88 eksponata \u2013 brojne fotografije i razglednice, slike Otona Ivekovi\u0107a, knjige, \u010dasopise, predmete iz Etnografske zbirke Dvora Veliki Tabor koje je prikupio Josip \u0160timac, kao i druge predmete koji svjedo\u010de o \u017eivotu u Velikom Taboru u tome razdoblju.<\/p>\n\n\n\n<p>Autorica izlo\u017ebe je kustosica Dvora Veliki Tabor, povjesni\u010darka Renata De\u010dman.<\/p>\n\n\n\n<p>Izlo\u017eba ostaje otvorena do 15. lipnja 2021.<\/p>\n\n\n\n<p>Otvorenje izlo\u017ebe odr\u017eat \u0107e u skladu s epidemiolo\u0161kim mjerama.<\/p>\n\n\n\n<p>Radujemo se Va\u0161em dolasku!<\/p>\n\n\n\n<hr class=\"wp-block-separator\"\/>\n\n\n\n<p>Izvor:<\/p>\n\n\n\n<p><a href=\"https:\/\/www.veliki-tabor.hr\/novosti-i-najave\/pregled\/otvorenje-izlozbe-veliki-tabor-u-20-stoljecu-u-galeriji-dvora-trakoscan\">https:\/\/www.veliki-tabor.hr\/novosti-i-najave\/pregled\/otvorenje-izlozbe-veliki-tabor-u-20-stoljecu-u-galeriji-dvora-trakoscan<\/a><\/p>\n\n\n\n<hr class=\"wp-block-separator\"\/>\n","protected":false},"excerpt":{"rendered":"","protected":false},"author":2,"featured_media":25782,"comment_status":"open","ping_status":"open","sticky":false,"template":"","format":"standard","meta":{"_acf_changed":false,"jetpack_post_was_ever_published":false,"_jetpack_newsletter_access":"","_jetpack_dont_email_post_to_subs":false,"_jetpack_newsletter_tier_id":0,"_jetpack_memberships_contains_paywalled_content":false,"_jetpack_memberships_contains_paid_content":false,"footnotes":"","jetpack_publicize_message":"","jetpack_publicize_feature_enabled":true,"jetpack_social_post_already_shared":true,"jetpack_social_options":{"image_generator_settings":{"template":"highway","default_image_id":0,"font":"","enabled":false},"version":2}},"categories":[10,3],"tags":[],"class_list":["post-25781","post","type-post","status-publish","format-standard","has-post-thumbnail","hentry","category-izlozbe","category-novosti"],"acf":{"facebook_opis":""},"jetpack_publicize_connections":[],"jetpack_featured_media_url":"https:\/\/i0.wp.com\/historiografija.hr\/wp-content\/uploads\/2021\/04\/VT-u-20.-st..jpg?fit=1181%2C1240&ssl=1","jetpack_sharing_enabled":true,"jetpack-related-posts":[],"_links":{"self":[{"href":"https:\/\/historiografija.hr\/index.php?rest_route=\/wp\/v2\/posts\/25781","targetHints":{"allow":["GET"]}}],"collection":[{"href":"https:\/\/historiografija.hr\/index.php?rest_route=\/wp\/v2\/posts"}],"about":[{"href":"https:\/\/historiografija.hr\/index.php?rest_route=\/wp\/v2\/types\/post"}],"author":[{"embeddable":true,"href":"https:\/\/historiografija.hr\/index.php?rest_route=\/wp\/v2\/users\/2"}],"replies":[{"embeddable":true,"href":"https:\/\/historiografija.hr\/index.php?rest_route=%2Fwp%2Fv2%2Fcomments&post=25781"}],"version-history":[{"count":1,"href":"https:\/\/historiografija.hr\/index.php?rest_route=\/wp\/v2\/posts\/25781\/revisions"}],"predecessor-version":[{"id":25783,"href":"https:\/\/historiografija.hr\/index.php?rest_route=\/wp\/v2\/posts\/25781\/revisions\/25783"}],"wp:featuredmedia":[{"embeddable":true,"href":"https:\/\/historiografija.hr\/index.php?rest_route=\/wp\/v2\/media\/25782"}],"wp:attachment":[{"href":"https:\/\/historiografija.hr\/index.php?rest_route=%2Fwp%2Fv2%2Fmedia&parent=25781"}],"wp:term":[{"taxonomy":"category","embeddable":true,"href":"https:\/\/historiografija.hr\/index.php?rest_route=%2Fwp%2Fv2%2Fcategories&post=25781"},{"taxonomy":"post_tag","embeddable":true,"href":"https:\/\/historiografija.hr\/index.php?rest_route=%2Fwp%2Fv2%2Ftags&post=25781"}],"curies":[{"name":"wp","href":"https:\/\/api.w.org\/{rel}","templated":true}]}}