{"id":25777,"date":"2021-04-12T16:48:57","date_gmt":"2021-04-12T16:48:57","guid":{"rendered":"http:\/\/historiografija.hr\/?p=25777"},"modified":"2021-04-12T16:48:57","modified_gmt":"2021-04-12T16:48:57","slug":"theodor-w-adorno-aspekti-novog-desnog-radikalizma","status":"publish","type":"post","link":"https:\/\/historiografija.hr\/?p=25777","title":{"rendered":"Theodor W. Adorno, \u201eAspekti novog desnog radikalizma\u201c"},"content":{"rendered":"\n<p>Theodor W. Adorno je 1967. na Sveu\u010dili\u0161tu u Be\u010du odr\u017eao predavanje koje iz dana\u0161nje perspektive nema samo znanstveno-povijesnu va\u017enost. Upozorio je na opasnost koju je za demokraciju u to vrijeme predstavljao politi\u010dki uspon ekstremno desne Nacionaldemokratske stranke Njema\u010dke (NPD). Njezin politi\u010dki uspjeh u mnogo\u010demu se mo\u017ee usporediti s nedavnim usponom radikalne desnice okupljene u Alternativi za Njema\u010dku (AfD), ali i s usponom drugih radikalnih desnih pokreta u europskim zemljama. Stoga je objavljivanje knjige s tim predavanjem, \u010dak i nakon pedeset godina, izazvalo veliko zanimanje europske politi\u010dke i intelektualne javnosti.<br>Adorno u ovoj knjizi analizira resurse, taktiku i dinamiku novog desnog radikalizma tog vremena. Suprotstavljaju\u0107i ga \u201estarom\u201c i poznatom nacisti\u010dkom fa\u0161izmu, posebnu pozornost posve\u0107uje mehanizmima i trikovima kojima su radikalni desni\u010darski pokreti, dvadesetak godina nakon zavr\u0161etka Drugoga svjetskog rata, osigurali novu entuzijasti\u010dnu potporu zapadnonjema\u010dkog stanovni\u0161tva.<br>Autorova vje\u0161to postavljena pitanja i odgovori koje daje pomo\u0107u neospornih znanstvenih \u010dinjenica, poma\u017eu nam u razumijevanju mnogih suvremenih politi\u010dkih fenomena.<\/p>\n\n\n\n<p>* * *<\/p>\n\n\n\n<p><em>U dana\u0161nje vrijeme, sablast kojoj je posve\u0107eno Adornovo predavanje jo\u0161 je daleko od izbavljenja; opet kru\u017ei dru\u0161tvom kao novi desni radikalizam. Zbog toga je jo\u0161 va\u017enije ponovno osvijestiti strukturu fa\u0161isti\u00ad\u010dke agitacije i sociopsiholo\u0161ku osnovu njezina uspjeha.<br>\u010cak i nakon pola stolje\u0107a iznena\u0111uje trajna nepobitnost Adornove analize, \u010diji se dijelovi \u010ditaju kao komentar aktualnih zbivanja.<\/em><br>Volker Wei\u00df<\/p>\n\n\n\n<p>* * *<\/p>\n\n\n\n<p><em>Adornova analiza novog des\u00adnog radikalizma uz ostalo omogu\u0107uje dobivanje boljeg uvida u suvremene dru\u0161tvene okolnosti, u slike dru\u0161tva oblikovane novim medijima koji ujedna\u010duju sva mi\u0161ljenja i dovode u pitanje autoritet znanja. Adorno je dobro uvidio da se na taj na\u010din u pitanje dovodi i sama sloboda. A bijeg od slobode i preuzimanja osobne odgovornosti ne samo da je glavna zna\u010dajka autoritarne osobnosti nego i temelj za razvoj pokreta nove radikalne desnice.<\/em><br>Tihomir Cipek<\/p>\n\n\n\n<p>* * *<\/p>\n\n\n\n<p>Theodor Wiesengrund Adorno&nbsp;(Frankfurt na Majni,&nbsp;11. 9.&nbsp;1903. \u2013&nbsp;Visp\/Vi\u00e8ge, \u0160vicarska,&nbsp;6.&nbsp;8.&nbsp;1969) bio je njema\u010dki filozof, sociolog, muzikolog, skladatelj i pripadnik pravca neomarksisti\u010dkih filozofa, tzv. frankfurtske \u0161kole. Studirao je filozofiju, sociologiju i psihologiju na Sveu\u010dili\u0161tu Johann Wolfgang Goethe u Frankfurtu na Majni, na kojem je,&nbsp;tezom o Husserlovoj fenomenologiji, doktorirao filozofiju 1924. godine. Predavao je&nbsp;na tamno\u0161njem Institutu za dru\u0161tvena istra\u017eivanja,&nbsp;na Merton Collegeu u Oxfordu,&nbsp;kasnije u SAD-u (New York i Los Angeles) te kao redoviti profesor filozofije i sociologije u Frankfurtu na Majni.&nbsp;Istaknuta njegova djela su&nbsp;<em>Autoritarna li\u010dnost<\/em>&nbsp;(1950),&nbsp;<em>Negativna dijalektika&nbsp;<\/em>(1966),&nbsp;<em>Dijalektika prosvjetiteljstva<\/em>&nbsp;(1947),&nbsp;<em>Filozofija nove glazbe<\/em>&nbsp;(1949),&nbsp;<em>U potrazi za Wagnerom<\/em>&nbsp;(1952),&nbsp;<em>K metakritici spoznajne teorije<\/em>&nbsp;(1956) i&nbsp;<em>Esteti\u010dka teorija<\/em>&nbsp;(1970).<\/p>\n\n\n\n<ul class=\"wp-block-list\"><li><strong>ISBN:<\/strong> 978-953-8075-90-2<\/li><li><strong>Dimenzije:<\/strong> 125 x 200 mm<\/li><li><strong>Broj stranica:<\/strong> 80<\/li><li><strong>Uvez:<\/strong> meki<\/li><li><strong>Godina izdanja:<\/strong> 2021.<\/li><li><strong>Naslov izvornika:<\/strong> Aspekte des neuen Rechtsradikalismus &#8211; Ein Vortrag<\/li><li><strong>Jezik izvornika:<\/strong> njema\u010dki<\/li><li><strong>Prijevod:<\/strong> Tihomir Cipek<\/li><\/ul>\n\n\n\n<hr class=\"wp-block-separator\"\/>\n\n\n\n<p>Prelistaj uzorak:<\/p>\n\n\n\n<p><a href=\"https:\/\/tim-press.hr\/hr\/knjige\/aspekti-novog-desnog-radikalizma\/\">https:\/\/tim-press.hr\/hr\/knjige\/aspekti-novog-desnog-radikalizma\/<\/a><\/p>\n\n\n\n<hr class=\"wp-block-separator\"\/>\n","protected":false},"excerpt":{"rendered":"","protected":false},"author":2,"featured_media":25778,"comment_status":"open","ping_status":"open","sticky":false,"template":"","format":"standard","meta":{"_acf_changed":false,"jetpack_post_was_ever_published":false,"_jetpack_newsletter_access":"","_jetpack_dont_email_post_to_subs":false,"_jetpack_newsletter_tier_id":0,"_jetpack_memberships_contains_paywalled_content":false,"_jetpack_memberships_contains_paid_content":false,"footnotes":"","jetpack_publicize_message":"","jetpack_publicize_feature_enabled":true,"jetpack_social_post_already_shared":true,"jetpack_social_options":{"image_generator_settings":{"template":"highway","default_image_id":0,"font":"","enabled":false},"version":2}},"categories":[8,3],"tags":[],"class_list":["post-25777","post","type-post","status-publish","format-standard","has-post-thumbnail","hentry","category-knjige","category-novosti"],"acf":{"facebook_opis":""},"jetpack_publicize_connections":[],"jetpack_featured_media_url":"https:\/\/i0.wp.com\/historiografija.hr\/wp-content\/uploads\/2021\/04\/Adorno.jpg?fit=300%2C465&ssl=1","jetpack_sharing_enabled":true,"jetpack-related-posts":[],"_links":{"self":[{"href":"https:\/\/historiografija.hr\/index.php?rest_route=\/wp\/v2\/posts\/25777","targetHints":{"allow":["GET"]}}],"collection":[{"href":"https:\/\/historiografija.hr\/index.php?rest_route=\/wp\/v2\/posts"}],"about":[{"href":"https:\/\/historiografija.hr\/index.php?rest_route=\/wp\/v2\/types\/post"}],"author":[{"embeddable":true,"href":"https:\/\/historiografija.hr\/index.php?rest_route=\/wp\/v2\/users\/2"}],"replies":[{"embeddable":true,"href":"https:\/\/historiografija.hr\/index.php?rest_route=%2Fwp%2Fv2%2Fcomments&post=25777"}],"version-history":[{"count":1,"href":"https:\/\/historiografija.hr\/index.php?rest_route=\/wp\/v2\/posts\/25777\/revisions"}],"predecessor-version":[{"id":25779,"href":"https:\/\/historiografija.hr\/index.php?rest_route=\/wp\/v2\/posts\/25777\/revisions\/25779"}],"wp:featuredmedia":[{"embeddable":true,"href":"https:\/\/historiografija.hr\/index.php?rest_route=\/wp\/v2\/media\/25778"}],"wp:attachment":[{"href":"https:\/\/historiografija.hr\/index.php?rest_route=%2Fwp%2Fv2%2Fmedia&parent=25777"}],"wp:term":[{"taxonomy":"category","embeddable":true,"href":"https:\/\/historiografija.hr\/index.php?rest_route=%2Fwp%2Fv2%2Fcategories&post=25777"},{"taxonomy":"post_tag","embeddable":true,"href":"https:\/\/historiografija.hr\/index.php?rest_route=%2Fwp%2Fv2%2Ftags&post=25777"}],"curies":[{"name":"wp","href":"https:\/\/api.w.org\/{rel}","templated":true}]}}