{"id":25752,"date":"2021-04-09T09:04:35","date_gmt":"2021-04-09T09:04:35","guid":{"rendered":"http:\/\/historiografija.hr\/?p=25752"},"modified":"2021-04-09T09:04:35","modified_gmt":"2021-04-09T09:04:35","slug":"andrej-rodinis-roman-staklena-kuca","status":"publish","type":"post","link":"https:\/\/historiografija.hr\/?p=25752","title":{"rendered":"Andrej Rodinis, roman \u201cStaklena ku\u0107a\u201d"},"content":{"rendered":"\n<p>Izdava\u010d Lijepa rije\u010d iz Tuzle objavio je 2020. godine roman Andreja Rodinisa \u201cStaklena ku\u0107a\u201d. \u201cTema romana, u u\u017eem smislu je \u017eivot ka\u017enjenika u zeni\u010dkoj kaznioni zvanoj Staklena ku\u0107a na kraju devetnaestog stolje\u0107a i u prve dvije decenije dvadesetog stolje\u0107a, a u \u0161irem smislu tema je slika vremena, ljudi i doga\u0111aja na razme\u0111u devetnaestog i dvadesetog stolje\u0107a i prvih decenija dvadesetog vijeka.\u201d O romanu su pisali Zej\u0107ir Hasi\u0107 i Ivan Lovrenovi\u0107, na \u010dije priloge upu\u0107ujemo u nastavu.<\/p>\n\n\n\n<hr class=\"wp-block-separator\"\/>\n\n\n\n<p>Zej\u0107ir Hasi\u0107<\/p>\n\n\n\n<p><a href=\"https:\/\/bosanska-rijec.com\/romani\/staklena-ku%C4%87a-detail.html\">https:\/\/bosanska-rijec.com\/romani\/staklena-ku%C4%87a-detail.html<\/a><\/p>\n\n\n\n<hr class=\"wp-block-separator\"\/>\n\n\n\n<p>Ivan Lovrenovi\u0107<\/p>\n\n\n\n<p><a href=\"http:\/\/ivanlovrenovic.com\/clanci\/varia\/andrej-rodinis-staklena-kuca\">http:\/\/ivanlovrenovic.com\/clanci\/varia\/andrej-rodinis-staklena-kuca<\/a><\/p>\n\n\n\n<hr class=\"wp-block-separator\"\/>\n","protected":false},"excerpt":{"rendered":"","protected":false},"author":2,"featured_media":25753,"comment_status":"open","ping_status":"open","sticky":false,"template":"","format":"standard","meta":{"_acf_changed":false,"jetpack_post_was_ever_published":false,"_jetpack_newsletter_access":"","_jetpack_dont_email_post_to_subs":false,"_jetpack_newsletter_tier_id":0,"_jetpack_memberships_contains_paywalled_content":false,"_jetpack_memberships_contains_paid_content":false,"footnotes":"","jetpack_publicize_message":"","jetpack_publicize_feature_enabled":true,"jetpack_social_post_already_shared":true,"jetpack_social_options":{"image_generator_settings":{"template":"highway","default_image_id":0,"font":"","enabled":false},"version":2}},"categories":[3,12],"tags":[],"class_list":["post-25752","post","type-post","status-publish","format-standard","has-post-thumbnail","hentry","category-novosti","category-knjizevnost"],"acf":{"facebook_opis":""},"jetpack_publicize_connections":[],"jetpack_featured_media_url":"https:\/\/i0.wp.com\/historiografija.hr\/wp-content\/uploads\/2021\/04\/Staklena-kuca.jpg?fit=400%2C661&ssl=1","jetpack_sharing_enabled":true,"jetpack-related-posts":[],"_links":{"self":[{"href":"https:\/\/historiografija.hr\/index.php?rest_route=\/wp\/v2\/posts\/25752","targetHints":{"allow":["GET"]}}],"collection":[{"href":"https:\/\/historiografija.hr\/index.php?rest_route=\/wp\/v2\/posts"}],"about":[{"href":"https:\/\/historiografija.hr\/index.php?rest_route=\/wp\/v2\/types\/post"}],"author":[{"embeddable":true,"href":"https:\/\/historiografija.hr\/index.php?rest_route=\/wp\/v2\/users\/2"}],"replies":[{"embeddable":true,"href":"https:\/\/historiografija.hr\/index.php?rest_route=%2Fwp%2Fv2%2Fcomments&post=25752"}],"version-history":[{"count":1,"href":"https:\/\/historiografija.hr\/index.php?rest_route=\/wp\/v2\/posts\/25752\/revisions"}],"predecessor-version":[{"id":25754,"href":"https:\/\/historiografija.hr\/index.php?rest_route=\/wp\/v2\/posts\/25752\/revisions\/25754"}],"wp:featuredmedia":[{"embeddable":true,"href":"https:\/\/historiografija.hr\/index.php?rest_route=\/wp\/v2\/media\/25753"}],"wp:attachment":[{"href":"https:\/\/historiografija.hr\/index.php?rest_route=%2Fwp%2Fv2%2Fmedia&parent=25752"}],"wp:term":[{"taxonomy":"category","embeddable":true,"href":"https:\/\/historiografija.hr\/index.php?rest_route=%2Fwp%2Fv2%2Fcategories&post=25752"},{"taxonomy":"post_tag","embeddable":true,"href":"https:\/\/historiografija.hr\/index.php?rest_route=%2Fwp%2Fv2%2Ftags&post=25752"}],"curies":[{"name":"wp","href":"https:\/\/api.w.org\/{rel}","templated":true}]}}