{"id":25748,"date":"2021-04-09T09:00:38","date_gmt":"2021-04-09T09:00:38","guid":{"rendered":"http:\/\/historiografija.hr\/?p=25748"},"modified":"2021-04-09T09:01:26","modified_gmt":"2021-04-09T09:01:26","slug":"s-bosanske-granice-dopisi-i-izvjestaji-fra-martina-nedica-o-stanju-u-bosni-i-hercegovini-objavljeni-u-gajevim-novinama-1838-1855","status":"publish","type":"post","link":"https:\/\/historiografija.hr\/?p=25748","title":{"rendered":"\u201eS bosanske granice \u2013 dopisi i izvje\u0161taji fra Martina Nedi\u0107a o stanju u Bosni i Hercegovini objavljeni u Gajevim Novinama (1838\u20131855)\u201c"},"content":{"rendered":"\n<p>Centar za kulturu, Ora\u0161je je 2020. objavio knjige Marka Matoli\u0107a \u201eS bosanske granice &#8211; dopisi i izvje\u0161taji fra Martina Nedi\u0107a o stanju u Bosni i Hercegovini objavljeni u Gajevim Novinama (1838\u20131855)\u201c. Radi se o dopisima i izvje\u0161tajima fra Martina Nedi\u0107a (1810. \u2013 1895.) o stanju u Bosni i Hercegovini, objavljivanim u Gajevim Novinama od 1838. do 1855. Prepisav\u0161i ih u izvornom obliku, Matoli\u0107 je priredio knjigu na prvom mjestu zna\u010dajnu kao nau\u010dni rad, koji na jednom mjestu sabira povijesnu gra\u0111u \u0161to je ranije bila rasuta u 12.000 novinskih listova, a zatim i kao knjigu koja posjeduje knji\u017eevno-umjetni\u010dku vrijednost.<\/p>\n\n\n\n<p>Fra Martin Nedi\u0107 je bio neobi\u010dno obrazovan i dobronamjeran za vrijeme u kojem je \u017eivio. Posebno se zalagao za razvoj \u0161kolstva, kao osnove narodnog napretka, te je sagradio nekoliko \u0161kola. Najve\u0107i materijalni spomenik koji je ostavio jest velika crkva u Tolisi kod Ora\u0161ja, Nedi\u0107evom rodnom mjestu.<\/p>\n\n\n\n<p>Izvor i dodatne informacije:<\/p>\n\n\n\n<p><a href=\"https:\/\/www.historiografija.ba\/article.php?id=410\">https:\/\/www.historiografija.ba\/article.php?id=410<\/a><\/p>\n\n\n\n<p>&#8212;<\/p>\n\n\n\n<p><strong>(Iz intervjua s Markom Matoli\u0107em)<\/strong><\/p>\n\n\n\n<p><strong>\u0160ta ti je bila motivacija da se lati\u0161 obimnog posla sastavljanja knjige <\/strong><em><strong>S bosanske granice<\/strong><\/em><strong>?<\/strong><\/p>\n\n\n\n<p>Ne bih ba\u0161 znao precizno re\u0107i. Mislim da se jednostavno poklopilo dosta stvari i rezultiralo tom knjigom. U prvom redu, na\u0161ao sam \u010dlanak dr. Vlaste \u0160voger s Hrvatskog instituta za povijest koja je pisala upravo o tim dopisima. Ona ih je znanstveno kontekstualizirala i tek ponegdje citirala, ali ja, kao i ve\u0107ina povjesni\u010dara, volim raditi izravno s izvorima. Stoga sam na osnovu znanstvenih spoznaja dr. \u0160voger i dr. Rastka Drlji\u0107a krenuo u potragu za dopisima fra Martina Nedi\u0107a. Dvijestotine i deseta obljetnica fra Martinova ro\u0111enja se tako\u0111er poklopila s godinom tiskanja knjige, a ve\u0107 du\u017ee vrijeme postoji i ideja o izdavanju Nedi\u0107evih izabranih djela, u kojima bi ovi dopisi mogli \u010diniti jedan svezak<\/p>\n\n\n\n<p>Izvor: <a href=\"http:\/\/www.prometej.ba\/clanak\/intervju\/marko-matolic-intervju-za-prometej-ba-opstajem-borbom-i-pobjedama-na-sitnijim-frontovima-4631\">http:\/\/www.prometej.ba\/clanak\/intervju\/marko-matolic-intervju-za-prometej-ba-opstajem-borbom-i-pobjedama-na-sitnijim-frontovima-4631<\/a><\/p>\n\n\n\n<p>&#8212;<\/p>\n\n\n\n<p>Vlasta \u0160voger<\/p>\n\n\n\n<p><strong>Martin Nedi\u0107 o prilikama u Bosni i Hercegovini sredinom 19. stolje\u0107a<\/strong><\/p>\n\n\n\n<p>Istaknuti bosanski franjevac Martin Nedi\u0107 u Gajevim je Novinama od kraja tridesetih do sredine pedesetih godina 19. stolje\u0107a objavljivao dopise i izvje\u0161taje o stanju u Bosni (rje\u0111e i Hercegovini) koji se analiziraju u ovome radu i stavljaju u prostorni i vremenski kontekst.<\/p>\n\n\n\n<p><strong><em>Historijski zbornik<\/em><\/strong>, Vol. 65, No. 2, 2012.<\/p>\n\n\n\n<p><a href=\"https:\/\/hrcak.srce.hr\/134038\">https:\/\/hrcak.srce.hr\/134038<\/a><\/p>\n\n\n\n<hr class=\"wp-block-separator\"\/>\n","protected":false},"excerpt":{"rendered":"","protected":false},"author":2,"featured_media":25749,"comment_status":"open","ping_status":"open","sticky":false,"template":"","format":"standard","meta":{"_acf_changed":false,"jetpack_post_was_ever_published":false,"_jetpack_newsletter_access":"","_jetpack_dont_email_post_to_subs":false,"_jetpack_newsletter_tier_id":0,"_jetpack_memberships_contains_paywalled_content":false,"_jetpack_memberships_contains_paid_content":false,"footnotes":"","jetpack_publicize_message":"","jetpack_publicize_feature_enabled":true,"jetpack_social_post_already_shared":true,"jetpack_social_options":{"image_generator_settings":{"template":"highway","default_image_id":0,"font":"","enabled":false},"version":2}},"categories":[8,3],"tags":[],"class_list":["post-25748","post","type-post","status-publish","format-standard","has-post-thumbnail","hentry","category-knjige","category-novosti"],"acf":{"facebook_opis":""},"jetpack_publicize_connections":[],"jetpack_featured_media_url":"https:\/\/i0.wp.com\/historiografija.hr\/wp-content\/uploads\/2021\/04\/Nedic.jpg?fit=329%2C413&ssl=1","jetpack_sharing_enabled":true,"jetpack-related-posts":[],"_links":{"self":[{"href":"https:\/\/historiografija.hr\/index.php?rest_route=\/wp\/v2\/posts\/25748","targetHints":{"allow":["GET"]}}],"collection":[{"href":"https:\/\/historiografija.hr\/index.php?rest_route=\/wp\/v2\/posts"}],"about":[{"href":"https:\/\/historiografija.hr\/index.php?rest_route=\/wp\/v2\/types\/post"}],"author":[{"embeddable":true,"href":"https:\/\/historiografija.hr\/index.php?rest_route=\/wp\/v2\/users\/2"}],"replies":[{"embeddable":true,"href":"https:\/\/historiografija.hr\/index.php?rest_route=%2Fwp%2Fv2%2Fcomments&post=25748"}],"version-history":[{"count":2,"href":"https:\/\/historiografija.hr\/index.php?rest_route=\/wp\/v2\/posts\/25748\/revisions"}],"predecessor-version":[{"id":25751,"href":"https:\/\/historiografija.hr\/index.php?rest_route=\/wp\/v2\/posts\/25748\/revisions\/25751"}],"wp:featuredmedia":[{"embeddable":true,"href":"https:\/\/historiografija.hr\/index.php?rest_route=\/wp\/v2\/media\/25749"}],"wp:attachment":[{"href":"https:\/\/historiografija.hr\/index.php?rest_route=%2Fwp%2Fv2%2Fmedia&parent=25748"}],"wp:term":[{"taxonomy":"category","embeddable":true,"href":"https:\/\/historiografija.hr\/index.php?rest_route=%2Fwp%2Fv2%2Fcategories&post=25748"},{"taxonomy":"post_tag","embeddable":true,"href":"https:\/\/historiografija.hr\/index.php?rest_route=%2Fwp%2Fv2%2Ftags&post=25748"}],"curies":[{"name":"wp","href":"https:\/\/api.w.org\/{rel}","templated":true}]}}