{"id":25732,"date":"2021-04-09T08:11:44","date_gmt":"2021-04-09T08:11:44","guid":{"rendered":"http:\/\/historiografija.hr\/?p=25732"},"modified":"2021-04-23T19:12:04","modified_gmt":"2021-04-23T19:12:04","slug":"prof-dr-sc-stijepo-obad-1930-2021","status":"publish","type":"post","link":"https:\/\/historiografija.hr\/?p=25732","title":{"rendered":"Prof. dr. sc. Stijepo Obad (1930.-2021.)"},"content":{"rendered":"\n<p>S velikom tugom obavje\u0161tavamo da je preminuo na\u0161 cijenjeni prof. dr. sc. Stijepo Obad, dugogodi\u0161nji djelatnik Odsjeka za povijest Filozofskog fakulteta u Zadru, dana\u0161njeg Odjela za povijest Sveu\u010dili\u0161ta u Zadru.<\/p>\n\n\n\n<p>Ro\u0111en je 11. sije\u010dnja 1930. u Pridvorju, Konavle kod Dubrovnika. Osnovnu \u0161kolu poha\u0111ao je u rodnom mjestu, gimnaziju u Grudi, Dubrovniku i Trebinju. Diplomirao je povijesnu grupu na Filozofskom fakultetu u Sarajevu. Godine 1960. izabran je za asistenta u Historijskom institutu JAZU u Dubrovniku, a \u010detiri godine kasnije za sveu\u010dili\u0161nog predava\u010da na Katedri za op\u0107u povijest Filozofskog fakulteta u Zadru, Sveu\u010dili\u0161ta u Zagrebu. Doktorirao je 1966. godine na istom fakultetu. Tu je stekao i zvanje znanstvenog savjetnika i nastavno zvanje redovitog sveu\u010dili\u0161nog profesora (1985.) u trajnom zvanju. Prije i poslije umirovljenja (2000.) predavao je na vi\u0161e studija kao npr.: na Odsjecima za povijest Pedago\u0161kog odnosno Filozofskog fakulteta u Osijeku i Puli, Odjelu za kulturu i turizam i Visokoj u\u010diteljskoj \u0161koli Sveu\u010dili\u0161ta u Zadru, te na Visokoj katehetsko-teolo\u0161koj \u0161koli u Zadru. Predavao je i na poslijediplomskim studijima u Zadru, Splitu i Dubrovniku te bio mentor pri izradbi doktorskih i magistarskih radova kao i \u010dlan mnogih povjerenstava za obranu istih. Autor je ukupno 240 radova, od kojih 60 znanstvenih i 180 stru\u010dnih radova, 8 knjiga od kojih jedna na engleskom jeziku i jedna u drugom izdanju. Uredio je i priredio za tisak vi\u0161e zbornika znanstvenih radova i drugih znanstvenih i literarnih dijela. Aktivno je sudjelovao na brojnim znanstvenim i stru\u010dnim skupovima. Odr\u017eao je brojna predavanja i predstavljanja knjiga u Zadru, Dalmaciji, Istri i ostaloj Hrvatskoj.<\/p>\n\n\n\n<p>Vi\u0161edesetljetni znanstveno-istra\u017eiva\u010dki i nastavni rad profesora Obada potvrda je jednog plodnog \u017eivota ispunjenog istra\u017eiva\u010dkim interesom za hrvatsku povijest 19. stolje\u0107a, napose onu koja se odnosi na povijest Dalmacije, dalmatinskog sela i selja\u0161tva, Hrvatskog narodnog preporoda u Dalmaciji, razvoja gradova i urbanizma, a posebno pitanje nemirne \u010detrdesetosme i devete u Dubrovniku. Istovremeno, profesor Obad se istaknuo kao vrstan pedagog koji je uvijek imao u vidu dobrobit i napredovanje studenata. Svojim blagim i istan\u010danim pristupom znao je doprijeti do svakog studenta kako bi im \u0161to uspje\u0161nije prenio svoje iznimno znanje. Pored toga, profesora Obada pamtit \u0107emo kao osobu koja je s rado\u0161\u0107u do\u010dekala stvaranje suvremene Republike Hrvatske, pa je uvijek isticao vrijednost i va\u017enost nacionalne pripadnosti kako u povijesnom tako i suvremenom kontekstu. Na kraju je potrebno istaknuti, kako sada\u0161nji Odjel za povijest Sveu\u010dili\u0161ta u Zadru neobi\u010dno mnogo duguje u svom formiranju i oblikovanju upravo profesoru Obadu koji je ulo\u017eio u njega najva\u017enije i najbolje godine svojeg \u017eivota. Na svemu tome smo mu jako zahvalni, a njegov doprinos zauvijek \u0107e ostati zabilje\u017een unutar hrvatske historiografije i Sveu\u010dili\u0161ta u Zadru.<\/p>\n\n\n\n<p>Po\u010divali u miru, dragi profesore!&nbsp;&nbsp; &nbsp;&nbsp;<\/p>\n\n\n\n<hr class=\"wp-block-separator\"\/>\n\n\n\n<p>Izvor: <a href=\"https:\/\/povijest.unizd.hr\/obavijesti\/view\/artmid\/18185\/articleid\/43432\/prof-dr-sc-stijepo-obad-1930-2021\">https:\/\/povijest.unizd.hr\/obavijesti\/view\/artmid\/18185\/articleid\/43432\/prof-dr-sc-stijepo-obad-1930-2021<\/a><\/p>\n\n\n\n<hr class=\"wp-block-separator\"\/>\n\n\n\n<p><strong>In memoriam: Stijepo<\/strong> <strong>Obad (Pridvorje, 11. sije\u010dnja 1930\u2013Zadar, 8. travnja 2021)<\/strong><\/p>\n\n\n\n<p>Vita honesta beata est \u2013 \u010castan \u017eivot je bla\u017een \u017eivot<\/p>\n\n\n\n<p><strong>Marko Trogrli\u0107<\/strong><\/p>\n\n\n\n<p><a href=\"https:\/\/www.matica.hr\/vijenac\/708\/vita-honesta-beata-est-castan-zivot-je-blazen-zivot-31607\/\">https:\/\/www.matica.hr\/vijenac\/708\/vita-honesta-beata-est-castan-zivot-je-blazen-zivot-31607\/<\/a><\/p>\n\n\n\n<hr class=\"wp-block-separator\"\/>\n\n\n\n<p><\/p>\n","protected":false},"excerpt":{"rendered":"","protected":false},"author":2,"featured_media":25733,"comment_status":"open","ping_status":"open","sticky":false,"template":"","format":"standard","meta":{"_acf_changed":false,"jetpack_post_was_ever_published":false,"_jetpack_newsletter_access":"","_jetpack_dont_email_post_to_subs":false,"_jetpack_newsletter_tier_id":0,"_jetpack_memberships_contains_paywalled_content":false,"_jetpack_memberships_contains_paid_content":false,"footnotes":"","jetpack_publicize_message":"","jetpack_publicize_feature_enabled":true,"jetpack_social_post_already_shared":true,"jetpack_social_options":{"image_generator_settings":{"template":"highway","default_image_id":0,"font":"","enabled":false},"version":2}},"categories":[3,20],"tags":[],"class_list":["post-25732","post","type-post","status-publish","format-standard","has-post-thumbnail","hentry","category-novosti","category-obavijesti-o-smrti-i-nekrolozi"],"acf":{"facebook_opis":""},"jetpack_publicize_connections":[],"jetpack_featured_media_url":"https:\/\/i0.wp.com\/historiografija.hr\/wp-content\/uploads\/2021\/04\/Stijepo-Obad.jpg?fit=479%2C563&ssl=1","jetpack_sharing_enabled":true,"jetpack-related-posts":[],"_links":{"self":[{"href":"https:\/\/historiografija.hr\/index.php?rest_route=\/wp\/v2\/posts\/25732","targetHints":{"allow":["GET"]}}],"collection":[{"href":"https:\/\/historiografija.hr\/index.php?rest_route=\/wp\/v2\/posts"}],"about":[{"href":"https:\/\/historiografija.hr\/index.php?rest_route=\/wp\/v2\/types\/post"}],"author":[{"embeddable":true,"href":"https:\/\/historiografija.hr\/index.php?rest_route=\/wp\/v2\/users\/2"}],"replies":[{"embeddable":true,"href":"https:\/\/historiografija.hr\/index.php?rest_route=%2Fwp%2Fv2%2Fcomments&post=25732"}],"version-history":[{"count":3,"href":"https:\/\/historiografija.hr\/index.php?rest_route=\/wp\/v2\/posts\/25732\/revisions"}],"predecessor-version":[{"id":25968,"href":"https:\/\/historiografija.hr\/index.php?rest_route=\/wp\/v2\/posts\/25732\/revisions\/25968"}],"wp:featuredmedia":[{"embeddable":true,"href":"https:\/\/historiografija.hr\/index.php?rest_route=\/wp\/v2\/media\/25733"}],"wp:attachment":[{"href":"https:\/\/historiografija.hr\/index.php?rest_route=%2Fwp%2Fv2%2Fmedia&parent=25732"}],"wp:term":[{"taxonomy":"category","embeddable":true,"href":"https:\/\/historiografija.hr\/index.php?rest_route=%2Fwp%2Fv2%2Fcategories&post=25732"},{"taxonomy":"post_tag","embeddable":true,"href":"https:\/\/historiografija.hr\/index.php?rest_route=%2Fwp%2Fv2%2Ftags&post=25732"}],"curies":[{"name":"wp","href":"https:\/\/api.w.org\/{rel}","templated":true}]}}