{"id":25724,"date":"2021-04-08T11:23:48","date_gmt":"2021-04-08T11:23:48","guid":{"rendered":"http:\/\/historiografija.hr\/?p=25724"},"modified":"2021-04-08T11:26:02","modified_gmt":"2021-04-08T11:26:02","slug":"izlozba-vi-ste-partiju-izdale-onda-kada-je-trebalo-da-joj-pomognete","status":"publish","type":"post","link":"https:\/\/historiografija.hr\/?p=25724","title":{"rendered":"Izlo\u017eba \u2018Vi ste Partiju izdale onda kada je trebalo da joj pomognete\u2019"},"content":{"rendered":"\n<p>Izlo\u017eba u Povijesnom i pomorskom muzeju Istre u Puli bit \u0107e otvorena od 9. do 18. travnja 2021.<\/p>\n\n\n\n<p>Otvorenje: u petak,<strong> 9. travnja 2021. u 17 sati<\/strong><\/p>\n\n\n\n<p><strong>Diskusija u 18 sati:<\/strong> History \/ HERstory:&nbsp; diskusija o \u017eenama u povijesti politi\u010dkog logora Goli otok<\/p>\n\n\n\n<p>Sudjeluju: antropologinja <strong>Renata Jambre\u0161i\u0107 Kirin<\/strong> i povjesni\u010dar<strong> Martin Previ\u0161i\u0107,<\/strong>&nbsp;moderira kustosica izlo\u017ebe<strong> Irena Beki\u0107<\/strong><\/p>\n\n\n\n<p>Diskusija \u0107e se odr\u017eati na otvorenom.<\/p>\n\n\n\n<p>O projektu i izlo\u017ebi:<\/p>\n\n\n\n<p>Umjetni\u010dko istra\u017eiva\u010dki projekt tematizira \u017eensko stradanje u logoru na Golom otoku i Svetom Grguru. Re\u017eim u logorima za politi\u010dke zatvorenice sustavno je ugro\u017eavao njihovo reproduktivno zdravlje, osje\u0107aj eti\u010dke odgovornosti i skrbi za druge te isklju\u010divao njihove spolne specifi\u010dnosti. Ka\u017enjenice su prisiljavane da ka\u017enjavaju, nadziru i islje\u0111uju jedna drugu, \u0161to je, uz te\u017eak rad, rezultiralo dubokom traumom i dugogodi\u0161njom \u0161utnjom \u017eena. Projekt nastoji obnoviti \u017eensku memoriju traumati\u010dne pro\u0161losti te kroz prostornu umjetni\u010dku intervenciju, izlo\u017ebu, web site, publikaciju te nizom radionica i razgovora, otvoriti novi oblik suo\u010davanja s prostorom dehumanizacije.<\/p>\n\n\n\n<p>Segment projekta predstavljen u Povijesnom i pomorskom muzeju Istre uklju\u010duje istra\u017eivanje mogu\u0107nosti transferiranja iskustva kroz medije plesa, glasa i zvuka u izvedbama plesa\u010dice <strong>Zrinke U\u017ebinec<\/strong> i glazbenica <strong>Jasne Jovi\u0107evi\u0107<\/strong> i <strong>Annette Giesriegl<\/strong> na povijesnim lokalitetima te okuplja sje\u0107anja biv\u0161ih zato\u010denica.<\/p>\n\n\n\n<p>Diskusija \u0107e otvoriti temu pozicije \u017eena u povijesti i poku\u0161ati odgovoriti na pitanje za\u0161to one sustavno iz nje izostaju.<\/p>\n\n\n\n<p>Deplijan izlo\u017ebe je dostupan na poveznici:<\/p>\n\n\n\n<figure class=\"wp-block-embed-wordpress wp-block-embed is-type-wp-embed is-provider-vi-ste-partiju-izdale-onda-kada-je-trebalo-da-joj-pomognete\"><div class=\"wp-block-embed__wrapper\">\n<blockquote class=\"wp-embedded-content\" data-secret=\"AbXlkwDl7r\"><a href=\"http:\/\/www.zene-arhipelag-goli.info\/izlozbe\/test100\/\">Povijesni i pomorski muzej Istre<\/a><\/blockquote><iframe loading=\"lazy\" class=\"wp-embedded-content\" sandbox=\"allow-scripts\" security=\"restricted\" style=\"position: absolute; clip: rect(1px, 1px, 1px, 1px);\" title=\"&#8220;Povijesni i pomorski muzej Istre&#8221; &#8212; vi ste Partiju izdale onda kada je trebalo da joj pomognete\" src=\"http:\/\/www.zene-arhipelag-goli.info\/izlozbe\/test100\/embed\/#?secret=AbXlkwDl7r\" data-secret=\"AbXlkwDl7r\" width=\"600\" height=\"338\" frameborder=\"0\" marginwidth=\"0\" marginheight=\"0\" scrolling=\"no\"><\/iframe>\n<\/div><\/figure>\n\n\n\n<hr class=\"wp-block-separator\"\/>\n\n\n\n<figure class=\"wp-block-embed-wordpress wp-block-embed is-type-wp-embed is-provider-historiografija-hr\"><div class=\"wp-block-embed__wrapper\">\n<blockquote class=\"wp-embedded-content\" data-secret=\"Ndgc1pwfvK\"><a href=\"https:\/\/historiografija.hr\/?p=24923\">Objavljena publikacija i internetska stranica o \u017eenskom logoru na Golom otoku i Svetom Grguru<\/a><\/blockquote><iframe loading=\"lazy\" class=\"wp-embedded-content\" sandbox=\"allow-scripts\" security=\"restricted\" style=\"position: absolute; clip: rect(1px, 1px, 1px, 1px);\" title=\"&#8220;Objavljena publikacija i internetska stranica o \u017eenskom logoru na Golom otoku i Svetom Grguru&#8221; &#8212; Historiografija.hr\" src=\"https:\/\/historiografija.hr\/?p=24923&#038;embed=true#?secret=Ndgc1pwfvK\" data-secret=\"Ndgc1pwfvK\" width=\"600\" height=\"338\" frameborder=\"0\" marginwidth=\"0\" marginheight=\"0\" scrolling=\"no\"><\/iframe>\n<\/div><\/figure>\n\n\n\n<hr class=\"wp-block-separator\"\/>\n","protected":false},"excerpt":{"rendered":"","protected":false},"author":2,"featured_media":25727,"comment_status":"open","ping_status":"open","sticky":false,"template":"","format":"standard","meta":{"_acf_changed":false,"jetpack_post_was_ever_published":false,"_jetpack_newsletter_access":"","_jetpack_dont_email_post_to_subs":false,"_jetpack_newsletter_tier_id":0,"_jetpack_memberships_contains_paywalled_content":false,"_jetpack_memberships_contains_paid_content":false,"footnotes":"","jetpack_publicize_message":"","jetpack_publicize_feature_enabled":true,"jetpack_social_post_already_shared":true,"jetpack_social_options":{"image_generator_settings":{"template":"highway","default_image_id":0,"font":"","enabled":false},"version":2}},"categories":[10,3],"tags":[],"class_list":["post-25724","post","type-post","status-publish","format-standard","has-post-thumbnail","hentry","category-izlozbe","category-novosti"],"acf":{"facebook_opis":""},"jetpack_publicize_connections":[],"jetpack_featured_media_url":"https:\/\/i0.wp.com\/historiografija.hr\/wp-content\/uploads\/2021\/04\/Goli_izlozba_Pula_plakat.jpg?fit=1418%2C1985&ssl=1","jetpack_sharing_enabled":true,"jetpack-related-posts":[],"_links":{"self":[{"href":"https:\/\/historiografija.hr\/index.php?rest_route=\/wp\/v2\/posts\/25724","targetHints":{"allow":["GET"]}}],"collection":[{"href":"https:\/\/historiografija.hr\/index.php?rest_route=\/wp\/v2\/posts"}],"about":[{"href":"https:\/\/historiografija.hr\/index.php?rest_route=\/wp\/v2\/types\/post"}],"author":[{"embeddable":true,"href":"https:\/\/historiografija.hr\/index.php?rest_route=\/wp\/v2\/users\/2"}],"replies":[{"embeddable":true,"href":"https:\/\/historiografija.hr\/index.php?rest_route=%2Fwp%2Fv2%2Fcomments&post=25724"}],"version-history":[{"count":2,"href":"https:\/\/historiografija.hr\/index.php?rest_route=\/wp\/v2\/posts\/25724\/revisions"}],"predecessor-version":[{"id":25728,"href":"https:\/\/historiografija.hr\/index.php?rest_route=\/wp\/v2\/posts\/25724\/revisions\/25728"}],"wp:featuredmedia":[{"embeddable":true,"href":"https:\/\/historiografija.hr\/index.php?rest_route=\/wp\/v2\/media\/25727"}],"wp:attachment":[{"href":"https:\/\/historiografija.hr\/index.php?rest_route=%2Fwp%2Fv2%2Fmedia&parent=25724"}],"wp:term":[{"taxonomy":"category","embeddable":true,"href":"https:\/\/historiografija.hr\/index.php?rest_route=%2Fwp%2Fv2%2Fcategories&post=25724"},{"taxonomy":"post_tag","embeddable":true,"href":"https:\/\/historiografija.hr\/index.php?rest_route=%2Fwp%2Fv2%2Ftags&post=25724"}],"curies":[{"name":"wp","href":"https:\/\/api.w.org\/{rel}","templated":true}]}}