{"id":25693,"date":"2021-04-07T18:18:27","date_gmt":"2021-04-07T18:18:27","guid":{"rendered":"http:\/\/historiografija.hr\/?p=25693"},"modified":"2021-04-07T18:18:27","modified_gmt":"2021-04-07T18:18:27","slug":"ivan-tente-moja-borba-za-hrvatsku","status":"publish","type":"post","link":"https:\/\/historiografija.hr\/?p=25693","title":{"rendered":"Ivan Tente, \u201cMoja borba za Hrvatsku\u201d"},"content":{"rendered":"\n<p>Seljak Ivan Tente \u0160pirin ro\u0111en je 1886. u Mravincima, a strijeljan je 27. rujna 1943. zajedno s jo\u0161 tri sina i mje\u0161tanima na splitskom Trsteniku od zloglasne njema\u010dke divizije Princ Eugen. Bio je te\u017eak i stra\u017ear u solinskoj cementari, odgajao desetero djece, kao \u010dlan Hrvatske selja\u010dke stranke i gorljivi radi\u0107evac po\u010detkom tridesetih godina pro\u0161log stolje\u0107a biran za seoskog glavara i splitskog op\u0107inskog vije\u0107nika, a onda se zbog politikantskih podmetanja suparnika povukao iz politike i na zavi\u010dajnoj ikavici pisao dnevnik o svojim pogledima i domoljublju, istini, po\u0161tenju, izdaji ideala, odbijanju suradnje s federalistima i jugoslavenskim sokola\u0161ima. U knjizi je tiskan taj njegov rukopis <em>Dokazi moje politi\u010dke borbe za Hrvatsku selja\u010dku stranku <\/em>iz 1935. U pogovoru knjizi Nedjeljko Mihanovi\u0107 pi\u0161e o Ivanovoj sudbini i poslovi\u010dnom hrvatskom jalu i strana\u010dkom spletkarenju onih koji \u0107e promijeniti stotinu bandira da bi ostvarili svoje osobne ciljeve.<\/p>\n\n\n\n<hr class=\"wp-block-separator\"\/>\n\n\n\n<p>Izvor: <a href=\"https:\/\/www.matica.hr\/vijenac\/706\/tri-knjige-podstranskih-maticara-31504\/\">https:\/\/www.matica.hr\/vijenac\/706\/tri-knjige-podstranskih-maticara-31504\/<\/a><\/p>\n\n\n\n<hr class=\"wp-block-separator\"\/>\n","protected":false},"excerpt":{"rendered":"","protected":false},"author":2,"featured_media":25694,"comment_status":"open","ping_status":"open","sticky":false,"template":"","format":"standard","meta":{"_acf_changed":false,"jetpack_post_was_ever_published":false,"_jetpack_newsletter_access":"","_jetpack_dont_email_post_to_subs":false,"_jetpack_newsletter_tier_id":0,"_jetpack_memberships_contains_paywalled_content":false,"_jetpack_memberships_contains_paid_content":false,"footnotes":"","jetpack_publicize_message":"","jetpack_publicize_feature_enabled":true,"jetpack_social_post_already_shared":true,"jetpack_social_options":{"image_generator_settings":{"template":"highway","default_image_id":0,"font":"","enabled":false},"version":2}},"categories":[8,3],"tags":[],"class_list":["post-25693","post","type-post","status-publish","format-standard","has-post-thumbnail","hentry","category-knjige","category-novosti"],"acf":{"facebook_opis":""},"jetpack_publicize_connections":[],"jetpack_featured_media_url":"https:\/\/i0.wp.com\/historiografija.hr\/wp-content\/uploads\/2021\/04\/omh_u_podstrani_tente_ivan.jpg?fit=824%2C1181&ssl=1","jetpack_sharing_enabled":true,"jetpack-related-posts":[],"_links":{"self":[{"href":"https:\/\/historiografija.hr\/index.php?rest_route=\/wp\/v2\/posts\/25693","targetHints":{"allow":["GET"]}}],"collection":[{"href":"https:\/\/historiografija.hr\/index.php?rest_route=\/wp\/v2\/posts"}],"about":[{"href":"https:\/\/historiografija.hr\/index.php?rest_route=\/wp\/v2\/types\/post"}],"author":[{"embeddable":true,"href":"https:\/\/historiografija.hr\/index.php?rest_route=\/wp\/v2\/users\/2"}],"replies":[{"embeddable":true,"href":"https:\/\/historiografija.hr\/index.php?rest_route=%2Fwp%2Fv2%2Fcomments&post=25693"}],"version-history":[{"count":1,"href":"https:\/\/historiografija.hr\/index.php?rest_route=\/wp\/v2\/posts\/25693\/revisions"}],"predecessor-version":[{"id":25695,"href":"https:\/\/historiografija.hr\/index.php?rest_route=\/wp\/v2\/posts\/25693\/revisions\/25695"}],"wp:featuredmedia":[{"embeddable":true,"href":"https:\/\/historiografija.hr\/index.php?rest_route=\/wp\/v2\/media\/25694"}],"wp:attachment":[{"href":"https:\/\/historiografija.hr\/index.php?rest_route=%2Fwp%2Fv2%2Fmedia&parent=25693"}],"wp:term":[{"taxonomy":"category","embeddable":true,"href":"https:\/\/historiografija.hr\/index.php?rest_route=%2Fwp%2Fv2%2Fcategories&post=25693"},{"taxonomy":"post_tag","embeddable":true,"href":"https:\/\/historiografija.hr\/index.php?rest_route=%2Fwp%2Fv2%2Ftags&post=25693"}],"curies":[{"name":"wp","href":"https:\/\/api.w.org\/{rel}","templated":true}]}}