{"id":25690,"date":"2021-04-06T10:48:14","date_gmt":"2021-04-06T10:48:14","guid":{"rendered":"http:\/\/historiografija.hr\/?p=25690"},"modified":"2021-04-06T10:48:14","modified_gmt":"2021-04-06T10:48:14","slug":"antoni-sobanski-civil-u-berlinu-i-druge-reportaze-iz-nacisticke-njemacke-s-poljskoga-preveo-adrian-cvitanovic","status":"publish","type":"post","link":"https:\/\/historiografija.hr\/?p=25690","title":{"rendered":"Antoni Soba\u0144ski, \u201cCivil u Berlinu i druge reporta\u017ee iz nacisti\u010dke Njema\u010dke\u201d (s poljskoga preveo Adrian Cvitanovi\u0107)"},"content":{"rendered":"\n<p><em><strong>Civil u Berlinu<\/strong><\/em> zbirka je autenti\u010dnih reporta\u017ea iz Tre\u0107eg Reicha specijalnog dopisnika poljskog \u010dasopisa <em>Wiadomo\u015bci Literackie<\/em> Antonia Soba\u0144skog, najprije nakon izborne pobjede nacista u sije\u010dnju 1933, zatim iz 1934, kada je ponovno posjetio Berlin, te iz 1936. kada je pratio \u201cfestival nacionalizma\u201d na kongresu Hitlerove partije u N\u00fcrnbergu. Osnovna mu je nakana pritom bila da se na licu mjesta uvjeri kako nacionalsocijalizam utje\u010de na svakodnevni \u017eivot Nijemaca.<\/p>\n\n\n\n<p><br>Soba\u0144ski je u Njema\u010dkoj civil u golemoj vojarni, deklarirani liberal u zemlji u kojoj pojedinac ima slu\u017eiti policijskoj dr\u017eavi, poklonik europske kulture u podivljalom svijetu nacionalisti\u010dkog ki\u010da. Svjedo\u010di \u010duvenom spaljivanju knjiga, slu\u0161a govore \u201cNjegove Osrednjosti Vo\u0111e\u201d, u razgovorima sa znancima zanima se za njema\u010dku ekonomiju, dru\u0161tveno ozra\u010dje, religiju, politi\u010dku represiju, polo\u017eaj tiska i oporbe, ali komentira i modu, no\u0107ni \u017eivot, arhitekturu i umjetnost\u2026<\/p>\n\n\n\n<p><br>Premda zgro\u017een pona\u0161anjem nacista i njihovim odnosom prema ljevi\u010darima, \u017didovima, homoseksualcima, iako potpuno svjestan da su nacisti zatrli svaki oblik oporbe, da ni\u010du logori za politi\u010dke neistomi\u0161ljenike, da intelektualna krema, posebice \u017eidovska, emigrira iz zemlje, da je Austrija jo\u0161 od 1934. \u010dvrsto u nacisti\u010dkom stisku, a da po\u010dinje i politika zao\u0161travanja prema Poljskoj \u2013 autor kao osvjedo\u010deni germanofil i istinski pacifist ne \u017eeli vjerovati da \u0107e Njema\u010dka izazvati novi rat i napu\u0161ta ju s nadom da do njega ipak ne\u0107e do\u0107i\u2026<\/p>\n\n\n\n<hr class=\"wp-block-separator\"\/>\n\n\n\n<p><strong>Antoni Soba\u0144ski<\/strong> ro\u0111en je 1. svibnja 1898. u mjestu Obodivka u dana\u0161njoj Ukrajini, u staroj veleposjedni\u010dkoj obitelji. Godine 1905. cijela obitelj se preselila u Var\u0161avu. Izme\u0111u 1917. i 1925. studirao je na razli\u010ditim sveu\u010dili\u0161tima, uklju\u010duju\u0107i Jagelonsko u Krakovu, no nijedno nije zavr\u0161io. Te\u010dno je govorio \u0161est jezika.<\/p>\n\n\n\n<p><br>Kao novinar prijateljevao je s mnogim uglednim li\u010dnostima iz poljskoga javnog i intelektualnog \u017eivota. Zapise o njemu u svojim su djelima izme\u0111u ostalih ostavili Witold Gombrowicz, Czes\u0142aw Mi\u0142osz i Jaros\u0142aw Iwaszkiewicz.<\/p>\n\n\n\n<p><br>U var\u0161avskim je knji\u017eevnim krugovima bio poznat pod nadimkom \u201cgrof Tonio\u201d i vodio je iznimno nekonvencionalan \u017eivot, otvoreno se izja\u0161njavaju\u0107i kao homoseksualac i bore\u0107i se za njihova prava.<\/p>\n\n\n\n<p><br>Godine 1929. objavio je pod pseudonimom As bro\u0161uru <em>18 godina?!!!<\/em> (<em>18lat?!!!<\/em>).<\/p>\n\n\n\n<p><br>Kao specijalni dopisnik <em>Wiadomo\u015bci<\/em> <em>Literackih<\/em>, jednog od najva\u017enijih me\u0111uratnih \u010dasopisa, te veliki zaljubljenik u njema\u010dku kulturu odlazi 1933, neposredno nakon \u0161to su nacisti preuzeli vlast, u Berlin, odakle u obliku feljtona \u0161alje reporta\u017ee, koje je 1934. objedinio u knjizi <em>Civil u Berlinu<\/em> (<em>Cywil w<\/em> <em>Berlinie<\/em>). Knjiga je 1940. zavr\u0161ila na popisu \u201cnepo\u017eeljnoga poljskog stvarala\u0161tva, neprijateljski nastrojenog spram Nijemaca\u201d.<\/p>\n\n\n\n<p><br>Godine 1938. objavio je u Santa Feu zbirku novinskih reporta\u017ea <em>Badnjak u San Felipeu<\/em> (<em>Wigilia<\/em> <em>w San<\/em> <em>Filipe<\/em>), koja je nastala nakon njegova putovanja Srednjom i Sjevernom Amerikom.<\/p>\n\n\n\n<p><br>Kad su Nijemci 1939. upali u Poljsku, uspijeva se preko Jugoslavije i Italije dokopati Engleske. Ondje se smjesta uklju\u010duje u javni \u017eivot i sve do smrti,13. travnja 1941. u Londonu, pi\u0161e tekstove u kojima poziva na borbu protiv svakog oblika totalitarizma.<\/p>\n\n\n\n<p><br>Dva su mu kratka teksta, <em>Ulica Krucza<\/em> i <em>Tri<\/em> <em>zemlje mojeg djetinjstva<\/em> (<em>Trzy kraje<\/em> <em>dzieci\u0144stwa<\/em>), objavljena postumno 1942. u Londonu. Novinski su mu tekstovi uglavnom ostali raspr\u0161eni po mnogim me\u0111uratnim tiskovinama za koje je pisao.<\/p>\n\n\n\n<hr class=\"wp-block-separator\"\/>\n\n\n\n<p>Godina izdanja: 2021<\/p>\n\n\n\n<p>Broj stranica: 160<\/p>\n\n\n\n<hr class=\"wp-block-separator\"\/>\n\n\n\n<p>Prelistaj po\u010detak knjige:<\/p>\n\n\n\n<figure class=\"wp-block-embed-wordpress wp-block-embed is-type-wp-embed is-provider-disput\"><div class=\"wp-block-embed__wrapper\">\n<blockquote class=\"wp-embedded-content\" data-secret=\"UtKHxXFv6e\"><a href=\"https:\/\/disput.hr\/shop\/civil-u-berlinu\/\">CIVIL U BERLINU<\/a><\/blockquote><iframe loading=\"lazy\" class=\"wp-embedded-content\" sandbox=\"allow-scripts\" security=\"restricted\" style=\"position: absolute; clip: rect(1px, 1px, 1px, 1px);\" title=\"&#8220;CIVIL U BERLINU&#8221; &#8212; Disput\" src=\"https:\/\/disput.hr\/shop\/civil-u-berlinu\/embed\/#?secret=UtKHxXFv6e\" data-secret=\"UtKHxXFv6e\" width=\"600\" height=\"338\" frameborder=\"0\" marginwidth=\"0\" marginheight=\"0\" scrolling=\"no\"><\/iframe>\n<\/div><\/figure>\n\n\n\n<hr class=\"wp-block-separator\"\/>\n\n\n\n<p>Iz medija:<\/p>\n\n\n\n<p><a href=\"https:\/\/www.jutarnji.hr\/kultura\/knjizevnost\/zbirka-autenticnih-reportaza-iz-treceg-reicha-specijalnog-poljskog-dopisnika-15062743?fbclid=IwAR0AmB70Be-gVJ_ymijNjc9zO-9uWcYxy9mDlKV9aPERC_lFZU15JiOH5ZY\">https:\/\/www.jutarnji.hr\/kultura\/knjizevnost\/zbirka-autenticnih-reportaza-iz-treceg-reicha-specijalnog-poljskog-dopisnika-15062743<\/a><\/p>\n\n\n\n<hr class=\"wp-block-separator\"\/>\n","protected":false},"excerpt":{"rendered":"","protected":false},"author":2,"featured_media":25691,"comment_status":"open","ping_status":"open","sticky":false,"template":"","format":"standard","meta":{"_acf_changed":false,"jetpack_post_was_ever_published":false,"_jetpack_newsletter_access":"","_jetpack_dont_email_post_to_subs":false,"_jetpack_newsletter_tier_id":0,"_jetpack_memberships_contains_paywalled_content":false,"_jetpack_memberships_contains_paid_content":false,"footnotes":"","jetpack_publicize_message":"","jetpack_publicize_feature_enabled":true,"jetpack_social_post_already_shared":true,"jetpack_social_options":{"image_generator_settings":{"template":"highway","default_image_id":0,"font":"","enabled":false},"version":2}},"categories":[8,3],"tags":[],"class_list":["post-25690","post","type-post","status-publish","format-standard","has-post-thumbnail","hentry","category-knjige","category-novosti"],"acf":{"facebook_opis":""},"jetpack_publicize_connections":[],"jetpack_featured_media_url":"https:\/\/i0.wp.com\/historiografija.hr\/wp-content\/uploads\/2021\/04\/Civil-u-Berlinu.jpg?fit=500%2C734&ssl=1","jetpack_sharing_enabled":true,"jetpack-related-posts":[],"_links":{"self":[{"href":"https:\/\/historiografija.hr\/index.php?rest_route=\/wp\/v2\/posts\/25690","targetHints":{"allow":["GET"]}}],"collection":[{"href":"https:\/\/historiografija.hr\/index.php?rest_route=\/wp\/v2\/posts"}],"about":[{"href":"https:\/\/historiografija.hr\/index.php?rest_route=\/wp\/v2\/types\/post"}],"author":[{"embeddable":true,"href":"https:\/\/historiografija.hr\/index.php?rest_route=\/wp\/v2\/users\/2"}],"replies":[{"embeddable":true,"href":"https:\/\/historiografija.hr\/index.php?rest_route=%2Fwp%2Fv2%2Fcomments&post=25690"}],"version-history":[{"count":1,"href":"https:\/\/historiografija.hr\/index.php?rest_route=\/wp\/v2\/posts\/25690\/revisions"}],"predecessor-version":[{"id":25692,"href":"https:\/\/historiografija.hr\/index.php?rest_route=\/wp\/v2\/posts\/25690\/revisions\/25692"}],"wp:featuredmedia":[{"embeddable":true,"href":"https:\/\/historiografija.hr\/index.php?rest_route=\/wp\/v2\/media\/25691"}],"wp:attachment":[{"href":"https:\/\/historiografija.hr\/index.php?rest_route=%2Fwp%2Fv2%2Fmedia&parent=25690"}],"wp:term":[{"taxonomy":"category","embeddable":true,"href":"https:\/\/historiografija.hr\/index.php?rest_route=%2Fwp%2Fv2%2Fcategories&post=25690"},{"taxonomy":"post_tag","embeddable":true,"href":"https:\/\/historiografija.hr\/index.php?rest_route=%2Fwp%2Fv2%2Ftags&post=25690"}],"curies":[{"name":"wp","href":"https:\/\/api.w.org\/{rel}","templated":true}]}}