{"id":25685,"date":"2021-04-06T10:07:06","date_gmt":"2021-04-06T10:07:06","guid":{"rendered":"http:\/\/historiografija.hr\/?p=25685"},"modified":"2021-04-06T10:14:59","modified_gmt":"2021-04-06T10:14:59","slug":"otvorenje-virtualne-izlozbe-ognjem-i-macem-talijanska-okupacija-jugoslavije-1941-1943-a-ferro-e-fuoco-loccupazione-italiana-della-jugoslavia-1941-43","status":"publish","type":"post","link":"https:\/\/historiografija.hr\/?p=25685","title":{"rendered":"Otvorenje virtualne izlo\u017ebe \u201eOgnjem i ma\u010dem. Talijanska okupacija Jugoslavije 1941. \u2013 1943.&#8221; \/ \u201cA ferro e fuoco. L\u2019occupazione italiana della Jugoslavia 1941-43\u201d"},"content":{"rendered":"\n<p>Povodom 80. godi\u0161njice talijansko-njema\u010dkog napada na Jugoslaviju, u organizaciji Nacionalnog instituta Ferruccio Parri (nekada\u0161nji Nacionalni institut za povijest oslobodila\u010dkog pokreta u Italiji), Regionalnog instituta za povijest otpora i suvremeno doba Furlanije-Julijske krajine i Odsjeka za dru\u0161tvene i politi\u010dke znanosti Sveu\u010dili\u0161ta u Trstu, 6. travnja 2021. bit \u0107e otvorena virtualna izlo\u017eba \u201eOgnjem i ma\u010dem. Talijanska okupacija Jugoslavije 1941. \u2013 1943.&#8221;<\/p>\n\n\n\n<p>Izlo\u017eba je osmi\u0161ljena i kreirana u suradnji Slovenske narodne i studijske knji\u017enice iz Trsta, Muzeja novije povijesti Slovenije,&nbsp;<em>Documente<\/em>&nbsp;\u2013 Centra za suo\u010davanje s pro\u0161lo\u0161\u0107u te Zavoda Apis, uz tehni\u010dku podr\u0161ku kompanije Divulgando Srl i pokroviteljstvo Zastupni\u010dkog doma Autonomne regije Furlanije-Julijske krajine.<\/p>\n\n\n\n<p>\u201eOgnjem i ma\u010dem&#8221; sastoji se od deset odjeljaka i pedeset i \u010detiri panela na kojima je prikazano dvjesto fotografija, dvadeset i pet svjedo\u010denja i osamdeset i jedan intervju sa svjedocima vremena, uz kratke popratne tekstove koji gledatelja upoznaju sa detaljima i sadr\u017eajem.<\/p>\n\n\n\n<p>Izlo\u017eba predstavlja neke od najmra\u010dnijih stranica talijanske novije povijesti, koje su i danas uglavnom nepoznate i zaboravljene. Priznaju\u0107i kako talijanski vojnici na anektiranim i okupiranim podru\u010djima nisu bili tek promatra\u010di, ve\u0107 i inicijatori nasilja i brojnih zlo\u010dina, ova izlo\u017eba \u017eeli napraviti korak u smjeru prepoznavanja i preuzimanja odgovornosti, kao i prema izgradnji zajedni\u010dkog europskog gra\u0111anstva.<\/p>\n\n\n\n<hr class=\"wp-block-separator\"\/>\n\n\n\n<p><strong>Otvorenje izlo\u017ebe na talijanskom jeziku mo\u017eete pratiti u utorak, 6. travnja 2021., u 17:00 na poveznici:<\/strong><\/p>\n\n\n\n<p><a href=\"https:\/\/zoom.us\/j\/93156396203\" target=\"_blank\" rel=\"noreferrer noopener\">https:\/\/zoom.us\/j\/93156396203<\/a>&nbsp;&nbsp;ili na YouTube kanalu:&nbsp;<a href=\"http:\/\/www.youtube.com\/user\/IRSMLFVG\" target=\"_blank\" rel=\"noreferrer noopener\">www.youtube.com\/user\/IRSMLFVG<\/a>.<\/p>\n\n\n\n<p>Virtualnu izlo\u017ebu tako\u0111er mo\u017eete posjetiti na web stranici\u00a0<a rel=\"noreferrer noopener\" href=\"http:\/\/www.occupazioneitalianajugoslavia41-43.it\/\" target=\"_blank\">www.occupazioneitalianajugoslavia41-43.it<\/a>\u00a0(dostupno od 6. travnja).<\/p>\n\n\n\n<hr class=\"wp-block-separator\"\/>\n\n\n\n<p><strong>A ferro e fuoco. L\u2019occupazione italiana della Jugoslavia 1941-43<\/strong><\/p>\n\n\n\n<p>Marted\u00ec 6 aprile alle ore 17 su Zoom<\/p>\n\n\n\n<p><a href=\"https:\/\/www.facebook.com\/irsrecfvg\/\">https:\/\/www.facebook.com\/irsrecfvg\/<\/a><\/p>\n\n\n\n<hr class=\"wp-block-separator\"\/>\n\n\n\n<figure class=\"wp-block-embed-wordpress wp-block-embed is-type-wp-embed is-provider-historiografija-hr\"><div class=\"wp-block-embed__wrapper\">\n<blockquote class=\"wp-embedded-content\" data-secret=\"C3A9VqUDZU\"><a href=\"https:\/\/historiografija.hr\/?p=25463\">APEL POJEDINCIMA I INSTITUCIJAMA ZA JAVNO PRIZNANJE FA\u0160ISTI\u010cKIH ZLO\u010cINA  U BIV\u0160OJ JUGOSLAVIJI \u2013 UO\u010cI OSAMDESETE GODI\u0160NJICE INVAZIJE I OKUPACIJE TALIJANSKE VOJSKE<\/a><\/blockquote><iframe loading=\"lazy\" class=\"wp-embedded-content\" sandbox=\"allow-scripts\" security=\"restricted\" style=\"position: absolute; clip: rect(1px, 1px, 1px, 1px);\" title=\"&#8220;APEL POJEDINCIMA I INSTITUCIJAMA ZA JAVNO PRIZNANJE FA\u0160ISTI\u010cKIH ZLO\u010cINA  U BIV\u0160OJ JUGOSLAVIJI \u2013 UO\u010cI OSAMDESETE GODI\u0160NJICE INVAZIJE I OKUPACIJE TALIJANSKE VOJSKE&#8221; &#8212; Historiografija.hr\" src=\"https:\/\/historiografija.hr\/?p=25463&#038;embed=true#?secret=C3A9VqUDZU\" data-secret=\"C3A9VqUDZU\" width=\"600\" height=\"338\" frameborder=\"0\" marginwidth=\"0\" marginheight=\"0\" scrolling=\"no\"><\/iframe>\n<\/div><\/figure>\n\n\n\n<hr class=\"wp-block-separator\"\/>\n","protected":false},"excerpt":{"rendered":"","protected":false},"author":2,"featured_media":25686,"comment_status":"open","ping_status":"open","sticky":false,"template":"","format":"standard","meta":{"_acf_changed":false,"jetpack_post_was_ever_published":false,"_jetpack_newsletter_access":"","_jetpack_dont_email_post_to_subs":false,"_jetpack_newsletter_tier_id":0,"_jetpack_memberships_contains_paywalled_content":false,"_jetpack_memberships_contains_paid_content":false,"footnotes":"","jetpack_publicize_message":"","jetpack_publicize_feature_enabled":true,"jetpack_social_post_already_shared":true,"jetpack_social_options":{"image_generator_settings":{"template":"highway","default_image_id":0,"font":"","enabled":false},"version":2}},"categories":[10,3],"tags":[],"class_list":["post-25685","post","type-post","status-publish","format-standard","has-post-thumbnail","hentry","category-izlozbe","category-novosti"],"acf":{"facebook_opis":""},"jetpack_publicize_connections":[],"jetpack_featured_media_url":"https:\/\/i0.wp.com\/historiografija.hr\/wp-content\/uploads\/2021\/04\/A-ferro-e-fuoco.jpg?fit=1241%2C1755&ssl=1","jetpack_sharing_enabled":true,"jetpack-related-posts":[],"_links":{"self":[{"href":"https:\/\/historiografija.hr\/index.php?rest_route=\/wp\/v2\/posts\/25685","targetHints":{"allow":["GET"]}}],"collection":[{"href":"https:\/\/historiografija.hr\/index.php?rest_route=\/wp\/v2\/posts"}],"about":[{"href":"https:\/\/historiografija.hr\/index.php?rest_route=\/wp\/v2\/types\/post"}],"author":[{"embeddable":true,"href":"https:\/\/historiografija.hr\/index.php?rest_route=\/wp\/v2\/users\/2"}],"replies":[{"embeddable":true,"href":"https:\/\/historiografija.hr\/index.php?rest_route=%2Fwp%2Fv2%2Fcomments&post=25685"}],"version-history":[{"count":3,"href":"https:\/\/historiografija.hr\/index.php?rest_route=\/wp\/v2\/posts\/25685\/revisions"}],"predecessor-version":[{"id":25689,"href":"https:\/\/historiografija.hr\/index.php?rest_route=\/wp\/v2\/posts\/25685\/revisions\/25689"}],"wp:featuredmedia":[{"embeddable":true,"href":"https:\/\/historiografija.hr\/index.php?rest_route=\/wp\/v2\/media\/25686"}],"wp:attachment":[{"href":"https:\/\/historiografija.hr\/index.php?rest_route=%2Fwp%2Fv2%2Fmedia&parent=25685"}],"wp:term":[{"taxonomy":"category","embeddable":true,"href":"https:\/\/historiografija.hr\/index.php?rest_route=%2Fwp%2Fv2%2Fcategories&post=25685"},{"taxonomy":"post_tag","embeddable":true,"href":"https:\/\/historiografija.hr\/index.php?rest_route=%2Fwp%2Fv2%2Ftags&post=25685"}],"curies":[{"name":"wp","href":"https:\/\/api.w.org\/{rel}","templated":true}]}}