{"id":25682,"date":"2021-04-06T09:38:14","date_gmt":"2021-04-06T09:38:14","guid":{"rendered":"http:\/\/historiografija.hr\/?p=25682"},"modified":"2021-04-08T11:32:25","modified_gmt":"2021-04-08T11:32:25","slug":"online-prezentacija-vodica-zagreb-u-ratu-otporu-stvaralastvu-i-pamcenju","status":"publish","type":"post","link":"https:\/\/historiografija.hr\/?p=25682","title":{"rendered":"Online prezentacija vodi\u010da \u201eZagreb u ratu, otporu, stvarala\u0161tvu i pam\u0107enju\u201c"},"content":{"rendered":"\n<p>U utorak 06.04.2021. s po\u010detkom u 11:00 <em>Documenta<\/em> \u2013 centar za suo\u010davanje s pro\u0161lo\u0161\u0107u odr\u017eat \u0107e online prezentaciju vodi\u010da <a href=\"https:\/\/documenta.hr\/wp-content\/uploads\/2021\/04\/Zagreb-u-ratu-otporu-stvaralastvu-i-pamcenju.pdf\"><em>Zagreb u ratu, otporu, stvarala\u0161tvu i pam\u0107enju<\/em><\/a>. Na prezentaciji \u0107e govoriti autorice vodi\u010da Kristina Dilica i Tena Banjeglav te Alexander Henegar, voditelj politi\u010dkog i gospodarskog odjela Veleposlanstva SAD-a u Hrvatskoj. Doga\u0111aj \u0107e moderirati Vesna Ter\u0161eli\u010d. Na prezentaciji \u0107e, osim samog vodi\u010da, biti predstavljena i prva virtualna karta koja \u0107e sadr\u017eavati lokacije koje su obi\u0111ene tijekom \u0161etnje 27.03.2021. Virtualne karte objavljujemo kako bi zainteresirani gra\u0111ani, kao i nastavnici i nastavnice, mogli i sami, bez vodi\u010da, obi\u0107i va\u017ene lokacije u gradu.<\/p>\n\n\n\n<p>Pridru\u017eite nam se na prezentaciji te saznajte vi\u0161e o Zagrebu u vrijeme Drugog svjetskog rata, lokacijama povezanim s usta\u0161kim re\u017eimom, stradanjem, kao i s lokacijama koje su povezane s antifa\u0161isti\u010dkim otporom, te knji\u017eevnicima i knji\u017eevnicama koje su u to vrijeme stvarali u Zagrebu.<\/p>\n\n\n\n<p>Poveznica na doga\u0111aj: <a href=\"https:\/\/us02web.zoom.us\/j\/89070169469\">https:\/\/us02web.zoom.us\/j\/89070169469<\/a><\/p>\n\n\n\n<hr class=\"wp-block-separator\"\/>\n\n\n\n<p>Izvor:<\/p>\n\n\n\n<figure class=\"wp-block-embed-wordpress wp-block-embed is-type-wp-embed is-provider-documenta\"><div class=\"wp-block-embed__wrapper\">\n<blockquote class=\"wp-embedded-content\" data-secret=\"uelN36husq\"><a href=\"https:\/\/documenta.hr\/novosti\/online-prezentacija-vodica-zagreb-u-ratu-otporu-stvaralastvu-i-pamcenju\/\">Online prezentacija vodi\u010da \u201eZagreb u ratu, otporu, stvarala\u0161tvu i pam\u0107enju\u201c<\/a><\/blockquote><iframe loading=\"lazy\" class=\"wp-embedded-content\" sandbox=\"allow-scripts\" security=\"restricted\" style=\"position: absolute; clip: rect(1px, 1px, 1px, 1px);\" title=\"&#8220;Online prezentacija vodi\u010da \u201eZagreb u ratu, otporu, stvarala\u0161tvu i pam\u0107enju\u201c&#8221; &#8212; Documenta\" src=\"https:\/\/documenta.hr\/novosti\/online-prezentacija-vodica-zagreb-u-ratu-otporu-stvaralastvu-i-pamcenju\/embed\/#?secret=uelN36husq\" data-secret=\"uelN36husq\" width=\"600\" height=\"338\" frameborder=\"0\" marginwidth=\"0\" marginheight=\"0\" scrolling=\"no\"><\/iframe>\n<\/div><\/figure>\n\n\n\n<hr class=\"wp-block-separator\"\/>\n\n\n\n<p>Iz medija:<\/p>\n\n\n\n<p><a href=\"https:\/\/www.portalnovosti.com\/documentine-spomen-setnje-zagrebom\">https:\/\/www.portalnovosti.com\/documentine-spomen-setnje-zagrebom<\/a><\/p>\n\n\n\n<hr class=\"wp-block-separator\"\/>\n\n\n\n<p>Dodatne informacije:<\/p>\n\n\n\n<p><\/p>\n\n\n\n<figure class=\"wp-block-embed-wordpress wp-block-embed is-type-wp-embed is-provider-documenta\"><div class=\"wp-block-embed__wrapper\">\n<blockquote class=\"wp-embedded-content\" data-secret=\"md2VKVBf56\"><a href=\"https:\/\/documenta.hr\/novosti\/predstavljanje-vodica-zagreb-u-ratu-otporu-stvaralastvu-i-pamcenju\/\">Predstavljanje vodi\u010da \u201eZagreb u ratu, otporu, stvarala\u0161tvu i pam\u0107enju&#8221;<\/a><\/blockquote><iframe loading=\"lazy\" class=\"wp-embedded-content\" sandbox=\"allow-scripts\" security=\"restricted\" style=\"position: absolute; clip: rect(1px, 1px, 1px, 1px);\" title=\"&#8220;Predstavljanje vodi\u010da \u201eZagreb u ratu, otporu, stvarala\u0161tvu i pam\u0107enju&#8221;&#8221; &#8212; Documenta\" src=\"https:\/\/documenta.hr\/novosti\/predstavljanje-vodica-zagreb-u-ratu-otporu-stvaralastvu-i-pamcenju\/embed\/#?secret=md2VKVBf56\" data-secret=\"md2VKVBf56\" width=\"600\" height=\"338\" frameborder=\"0\" marginwidth=\"0\" marginheight=\"0\" scrolling=\"no\"><\/iframe>\n<\/div><\/figure>\n\n\n\n<hr class=\"wp-block-separator\"\/>\n","protected":false},"excerpt":{"rendered":"","protected":false},"author":2,"featured_media":25683,"comment_status":"open","ping_status":"open","sticky":false,"template":"","format":"standard","meta":{"_acf_changed":false,"jetpack_post_was_ever_published":false,"_jetpack_newsletter_access":"","_jetpack_dont_email_post_to_subs":false,"_jetpack_newsletter_tier_id":0,"_jetpack_memberships_contains_paywalled_content":false,"_jetpack_memberships_contains_paid_content":false,"footnotes":"","jetpack_publicize_message":"","jetpack_publicize_feature_enabled":true,"jetpack_social_post_already_shared":true,"jetpack_social_options":{"image_generator_settings":{"template":"highway","default_image_id":0,"font":"","enabled":false},"version":2}},"categories":[19,3],"tags":[],"class_list":["post-25682","post","type-post","status-publish","format-standard","has-post-thumbnail","hentry","category-e-knjige","category-novosti"],"acf":{"facebook_opis":""},"jetpack_publicize_connections":[],"jetpack_featured_media_url":"https:\/\/i0.wp.com\/historiografija.hr\/wp-content\/uploads\/2021\/04\/vodic_ww2.jpg?fit=937%2C650&ssl=1","jetpack_sharing_enabled":true,"jetpack-related-posts":[],"_links":{"self":[{"href":"https:\/\/historiografija.hr\/index.php?rest_route=\/wp\/v2\/posts\/25682","targetHints":{"allow":["GET"]}}],"collection":[{"href":"https:\/\/historiografija.hr\/index.php?rest_route=\/wp\/v2\/posts"}],"about":[{"href":"https:\/\/historiografija.hr\/index.php?rest_route=\/wp\/v2\/types\/post"}],"author":[{"embeddable":true,"href":"https:\/\/historiografija.hr\/index.php?rest_route=\/wp\/v2\/users\/2"}],"replies":[{"embeddable":true,"href":"https:\/\/historiografija.hr\/index.php?rest_route=%2Fwp%2Fv2%2Fcomments&post=25682"}],"version-history":[{"count":4,"href":"https:\/\/historiografija.hr\/index.php?rest_route=\/wp\/v2\/posts\/25682\/revisions"}],"predecessor-version":[{"id":25731,"href":"https:\/\/historiografija.hr\/index.php?rest_route=\/wp\/v2\/posts\/25682\/revisions\/25731"}],"wp:featuredmedia":[{"embeddable":true,"href":"https:\/\/historiografija.hr\/index.php?rest_route=\/wp\/v2\/media\/25683"}],"wp:attachment":[{"href":"https:\/\/historiografija.hr\/index.php?rest_route=%2Fwp%2Fv2%2Fmedia&parent=25682"}],"wp:term":[{"taxonomy":"category","embeddable":true,"href":"https:\/\/historiografija.hr\/index.php?rest_route=%2Fwp%2Fv2%2Fcategories&post=25682"},{"taxonomy":"post_tag","embeddable":true,"href":"https:\/\/historiografija.hr\/index.php?rest_route=%2Fwp%2Fv2%2Ftags&post=25682"}],"curies":[{"name":"wp","href":"https:\/\/api.w.org\/{rel}","templated":true}]}}