{"id":25671,"date":"2021-04-02T20:53:01","date_gmt":"2021-04-02T20:53:01","guid":{"rendered":"http:\/\/historiografija.hr\/?p=25671"},"modified":"2021-04-02T21:01:39","modified_gmt":"2021-04-02T21:01:39","slug":"damir-demonja-corpus-ecclesiarum-franciscanarum-katalog-franjevackih-crkava-na-hrvatskoj-obali-do-kraja-16-stoljeca","status":"publish","type":"post","link":"https:\/\/historiografija.hr\/?p=25671","title":{"rendered":"Damir Demonja, \u201cCorpus ecclesiarum Franciscanarum: Katalog franjeva\u010dkih crkava na hrvatskoj obali do kraja 16. stolje\u0107a\u201d"},"content":{"rendered":"\n<p>Objavljen je novi, 35. svezak publikacije iz serije &#8220;Monografije i katalozi&#8221;, Corpus ecclesiarum Franciscanarum: Katalog franjeva\u010dkih crkava na hrvatskoj obali do kraja 16. stolje\u0107a autora dr. sc. Damira Demonje kojoj su izdava\u010di Arheolo\u0161ki muzej Istre iz Pule, Institut za razvoj i me\u0111unarodne odnose iz Zagreba i Izdava\u010dka ku\u0107a Meridijani iz Samobora.<\/p>\n\n\n\n<p><br>Knjiga je rezultat autorovih izu\u010davanja samih spomenika i istra\u017eivanja baziranih na cjelovitom uvidu u prethodne spoznaje te predstavlja jedinstvenu i sveobuhvatnu gra\u0111u hrvatske ba\u0161tine. Informativno, precizno i znanstveno utemeljeno, ovo je djelo namijenjeno znanstvenicima, povjesni\u010darima umjetnosti, arhitekture, osobito sakralne arhitekture, studentima spomenutih struka, ali i \u0161iroko zainteresiranoj javnosti, nespecijaliziranoj u polju povijesti umjetnosti. To je jedna od njegovih va\u017enih karakteristika osobito u kontekstu \u0161ireg kulturnog zna\u010daja tematike, upoznavanja s jednim va\u017enim segmentom franjeva\u010dke ba\u0161tine du\u017e isto\u010dne obale Jadrana, kojoj se, na taj na\u010din, omogu\u0107ava odgovaraju\u0107a valorizacija. Transparentnost obra\u0111enih franjeva\u010dkih crkava postignuta je dvojezi\u010dnim objavljivanjem knjige, na hrvatskom i engleskom jeziku, \u010dime ona dobiva dodanu vrijednost, jer saznanja o tim crkvama postaju internacionalna.<\/p>\n\n\n\n<p><br>Ovom knjigom, kao i autorovom prethodnom, Arhitektura franjeva\u010dkih crkava u Istri (Puli, Pore\u010du i Pazinu) i na otocima Kvarnerskog zaljeva (Krku, Cresu, Rabu i Pagu) do kraja 16. stolje\u0107a, objavljenoj 2019. godine, kojoj je izdava\u010d tako\u0111er Arheolo\u0161ki muzej Istre u Puli (zajedno s Institutom za razvoj i me\u0111unarodne odnose iz Zagreba) zna\u010dajno \u0107e se olak\u0161ati daljnja monografska istra\u017eivanja, kao i \u0161iri uvid u temu, doma\u0107im i inozemnim istra\u017eiva\u010dima franjeva\u010dke arhitektonske ba\u0161tine do kraja 16. stolje\u0107a.<\/p>\n\n\n\n<p>Op\u0161irnije: <a rel=\"noreferrer noopener\" href=\"https:\/\/www.bib.irb.hr\/1116051\" target=\"_blank\">https:\/\/www.bib.irb.hr\/1116051<\/a><\/p>\n\n\n\n<hr class=\"wp-block-separator\"\/>\n\n\n\n<p>Izvor:<\/p>\n\n\n\n<p><a href=\"http:\/\/www.ami-pula.hr\/nc\/novosti\/vijesti\/article\/objavljena-monografija-39corpus-ecclesiarum-franciscanarum-katalog-franjevackih-crkava-na-hrvat\/\">http:\/\/www.ami-pula.hr\/nc\/novosti\/vijesti\/article\/objavljena-monografija-39corpus-ecclesiarum-franciscanarum-katalog-franjevackih-crkava-na-hrvat\/<\/a><\/p>\n\n\n\n<hr class=\"wp-block-separator\"\/>\n\n\n\n<p>Iz medija:<\/p>\n\n\n\n<p><a href=\"https:\/\/www.tportal.hr\/kultura\/clanak\/objavljena-monografija-o-franjevackim-crkvama-na-hrvatskoj-obali-20210323\/print\">https:\/\/www.tportal.hr\/kultura\/clanak\/objavljena-monografija-o-franjevackim-crkvama-na-hrvatskoj-obali-20210323\/print<\/a><\/p>\n\n\n\n<p><a href=\"https:\/\/www.jutarnji.hr\/kultura\/art\/franjevacke-crkve-na-hrvatskoj-obali-jadrana-do-konca-sesnaestog-stoljeca-15060993\">https:\/\/www.jutarnji.hr\/kultura\/art\/franjevacke-crkve-na-hrvatskoj-obali-jadrana-do-konca-sesnaestog-stoljeca-15060993<\/a><\/p>\n\n\n\n<figure class=\"wp-block-embed-wordpress wp-block-embed is-type-wp-embed is-provider-nacional-hr\"><div class=\"wp-block-embed__wrapper\">\n<blockquote class=\"wp-embedded-content\" data-secret=\"VLipIDSXLK\"><a href=\"https:\/\/www.nacional.hr\/zagrebacki-znanstvenik-objavio-knjigu-katalog-franjevackih-crkava-na-hrvatskoj-obali-do-kraja-16-stoljeca\/\">Zagreba\u010dki znanstvenik objavio knjigu &#8216;Katalog franjeva\u010dkih crkava na hrvatskoj obali do kraja 16. stolje\u0107a&#8217;<\/a><\/blockquote><iframe loading=\"lazy\" class=\"wp-embedded-content\" sandbox=\"allow-scripts\" security=\"restricted\" style=\"position: absolute; clip: rect(1px, 1px, 1px, 1px);\" title=\"&#8220;Zagreba\u010dki znanstvenik objavio knjigu &#8216;Katalog franjeva\u010dkih crkava na hrvatskoj obali do kraja 16. stolje\u0107a&#8217;&#8221; &#8212; NACIONAL.HR\" src=\"https:\/\/www.nacional.hr\/zagrebacki-znanstvenik-objavio-knjigu-katalog-franjevackih-crkava-na-hrvatskoj-obali-do-kraja-16-stoljeca\/embed\/#?secret=VLipIDSXLK\" data-secret=\"VLipIDSXLK\" width=\"600\" height=\"338\" frameborder=\"0\" marginwidth=\"0\" marginheight=\"0\" scrolling=\"no\"><\/iframe>\n<\/div><\/figure>\n\n\n\n<hr class=\"wp-block-separator\"\/>\n","protected":false},"excerpt":{"rendered":"","protected":false},"author":2,"featured_media":25672,"comment_status":"open","ping_status":"open","sticky":false,"template":"","format":"standard","meta":{"_acf_changed":false,"jetpack_post_was_ever_published":false,"_jetpack_newsletter_access":"","_jetpack_dont_email_post_to_subs":false,"_jetpack_newsletter_tier_id":0,"_jetpack_memberships_contains_paywalled_content":false,"_jetpack_memberships_contains_paid_content":false,"footnotes":"","jetpack_publicize_message":"","jetpack_publicize_feature_enabled":true,"jetpack_social_post_already_shared":true,"jetpack_social_options":{"image_generator_settings":{"template":"highway","default_image_id":0,"font":"","enabled":false},"version":2}},"categories":[8,3],"tags":[],"class_list":["post-25671","post","type-post","status-publish","format-standard","has-post-thumbnail","hentry","category-knjige","category-novosti"],"acf":{"facebook_opis":""},"jetpack_publicize_connections":[],"jetpack_featured_media_url":"https:\/\/i0.wp.com\/historiografija.hr\/wp-content\/uploads\/2021\/04\/franjevci.jpg?fit=472%2C600&ssl=1","jetpack_sharing_enabled":true,"jetpack-related-posts":[],"_links":{"self":[{"href":"https:\/\/historiografija.hr\/index.php?rest_route=\/wp\/v2\/posts\/25671","targetHints":{"allow":["GET"]}}],"collection":[{"href":"https:\/\/historiografija.hr\/index.php?rest_route=\/wp\/v2\/posts"}],"about":[{"href":"https:\/\/historiografija.hr\/index.php?rest_route=\/wp\/v2\/types\/post"}],"author":[{"embeddable":true,"href":"https:\/\/historiografija.hr\/index.php?rest_route=\/wp\/v2\/users\/2"}],"replies":[{"embeddable":true,"href":"https:\/\/historiografija.hr\/index.php?rest_route=%2Fwp%2Fv2%2Fcomments&post=25671"}],"version-history":[{"count":2,"href":"https:\/\/historiografija.hr\/index.php?rest_route=\/wp\/v2\/posts\/25671\/revisions"}],"predecessor-version":[{"id":25674,"href":"https:\/\/historiografija.hr\/index.php?rest_route=\/wp\/v2\/posts\/25671\/revisions\/25674"}],"wp:featuredmedia":[{"embeddable":true,"href":"https:\/\/historiografija.hr\/index.php?rest_route=\/wp\/v2\/media\/25672"}],"wp:attachment":[{"href":"https:\/\/historiografija.hr\/index.php?rest_route=%2Fwp%2Fv2%2Fmedia&parent=25671"}],"wp:term":[{"taxonomy":"category","embeddable":true,"href":"https:\/\/historiografija.hr\/index.php?rest_route=%2Fwp%2Fv2%2Fcategories&post=25671"},{"taxonomy":"post_tag","embeddable":true,"href":"https:\/\/historiografija.hr\/index.php?rest_route=%2Fwp%2Fv2%2Ftags&post=25671"}],"curies":[{"name":"wp","href":"https:\/\/api.w.org\/{rel}","templated":true}]}}