{"id":25667,"date":"2021-04-02T20:44:56","date_gmt":"2021-04-02T20:44:56","guid":{"rendered":"http:\/\/historiografija.hr\/?p=25667"},"modified":"2021-04-02T20:47:02","modified_gmt":"2021-04-02T20:47:02","slug":"dragan-damjanovic-saborni-hram-preobrazenja-gospodnjeg-i-bastina-srpske-pravoslavne-crkvene-opcine-u-zagrebu","status":"publish","type":"post","link":"https:\/\/historiografija.hr\/?p=25667","title":{"rendered":"Dragan Damjanovi\u0107, \u201cSaborni hram Preobra\u017eenja Gospodnjeg i ba\u0161tina Srpske pravoslavne crkvene op\u0107ine u Zagrebu\u201d"},"content":{"rendered":"\n<p>Urednik, urednik fotografije; <strong>\u017dor\u017e Drau\u0161nik<\/strong>; likovno oblikovanje: <strong>Ana Le\u0161i\u0107<\/strong>; fotografija: <strong>Miro Martini\u0107, Dragan Damjanovi\u0107<\/strong>; tisak: <strong>Printera, Sveta Nedjelja<\/strong>. Izdava\u010d: <strong>Srpska pravoslavna crkva u Hrvatskoj, Eparhija zagreba\u010dko &#8211; ljubljanska, Crkvena op\u0107ina Zagreb, Zagreb, 2020.<\/strong><\/p>\n\n\n\n<hr class=\"wp-block-separator\"\/>\n\n\n\n<p>Izvor i dodatne obavijesti:<\/p>\n\n\n\n<p><a href=\"http:\/\/zorzdrausnik.iz.hr\/hr\/publikacije\/Dragan%20Damjanovi%C4%87%20Saborni%20hram%20Preobra%C5%BEenja%20Gospodnjeg%20i%20ba%C5%A1tina%20Srpske%20pravoslavne%20crkvene%20op%C4%87ine%20u%20Zagrebu_pub145\">http:\/\/zorzdrausnik.iz.hr\/hr\/publikacije\/Dragan%20Damjanovi%C4%87%20Saborni%20hram%20Preobra%C5%BEenja%20Gospodnjeg%20i%20ba%C5%A1tina%20Srpske%20pravoslavne%20crkvene%20op%C4%87ine%20u%20Zagrebu_pub145<\/a><\/p>\n\n\n\n<hr class=\"wp-block-separator\"\/>\n\n\n\n<p><a href=\"https:\/\/www.academia.edu\/44947440\/Saborni_hram_Preobra%C5%BEenja_Gospodnjeg_i_ba%C5%A1tina_Srpske_pravoslavne_crkvene_op%C4%87ine_u_Zagrebu_The_Cathedral_of_the_Transfiguration_of_Our_Lord_and_the_Heritage_of_the_Serbian_Orthodox_Community_in_Zagreb_Eparhija_Zagreba%C4%8Dko_ljubljanska_Zagreb_2020\">https:\/\/www.academia.edu\/44947440\/Saborni_hram_Preobra%C5%BEenja_Gospodnjeg_i_ba%C5%A1tina_Srpske_pravoslavne_crkvene_op%C4%87ine_u_Zagrebu_The_Cathedral_of_the_Transfiguration_of_Our_Lord_and_the_Heritage_of_the_Serbian_Orthodox_Community_in_Zagreb_Eparhija_Zagreba%C4%8Dko_ljubljanska_Zagreb_2020<\/a><\/p>\n\n\n\n<hr class=\"wp-block-separator\"\/>\n\n\n\n<p><a href=\"https:\/\/ffzg.academia.edu\/DraganDamjanovic\">https:\/\/ffzg.academia.edu\/DraganDamjanovic<\/a><\/p>\n\n\n\n<hr class=\"wp-block-separator\"\/>\n\n\n\n<p><a href=\"https:\/\/portalnovosti.com\/dragan-damjanovic-bastina-nema-nikakvoga-smisla-bez-bastinika-bez-ljudi\">https:\/\/portalnovosti.com\/dragan-damjanovic-bastina-nema-nikakvoga-smisla-bez-bastinika-bez-ljudi<\/a><\/p>\n\n\n\n<hr class=\"wp-block-separator\"\/>\n","protected":false},"excerpt":{"rendered":"","protected":false},"author":2,"featured_media":25668,"comment_status":"open","ping_status":"open","sticky":false,"template":"","format":"standard","meta":{"_acf_changed":false,"jetpack_post_was_ever_published":false,"_jetpack_newsletter_access":"","_jetpack_dont_email_post_to_subs":false,"_jetpack_newsletter_tier_id":0,"_jetpack_memberships_contains_paywalled_content":false,"_jetpack_memberships_contains_paid_content":false,"footnotes":"","jetpack_publicize_message":"","jetpack_publicize_feature_enabled":true,"jetpack_social_post_already_shared":true,"jetpack_social_options":{"image_generator_settings":{"template":"highway","default_image_id":0,"font":"","enabled":false},"version":2}},"categories":[8,3],"tags":[],"class_list":["post-25667","post","type-post","status-publish","format-standard","has-post-thumbnail","hentry","category-knjige","category-novosti"],"acf":{"facebook_opis":""},"jetpack_publicize_connections":[],"jetpack_featured_media_url":"https:\/\/i0.wp.com\/historiografija.hr\/wp-content\/uploads\/2021\/04\/Hram-preobrazenja-gospodnjeg.jpeg?fit=600%2C788&ssl=1","jetpack_sharing_enabled":true,"jetpack-related-posts":[],"_links":{"self":[{"href":"https:\/\/historiografija.hr\/index.php?rest_route=\/wp\/v2\/posts\/25667","targetHints":{"allow":["GET"]}}],"collection":[{"href":"https:\/\/historiografija.hr\/index.php?rest_route=\/wp\/v2\/posts"}],"about":[{"href":"https:\/\/historiografija.hr\/index.php?rest_route=\/wp\/v2\/types\/post"}],"author":[{"embeddable":true,"href":"https:\/\/historiografija.hr\/index.php?rest_route=\/wp\/v2\/users\/2"}],"replies":[{"embeddable":true,"href":"https:\/\/historiografija.hr\/index.php?rest_route=%2Fwp%2Fv2%2Fcomments&post=25667"}],"version-history":[{"count":2,"href":"https:\/\/historiografija.hr\/index.php?rest_route=\/wp\/v2\/posts\/25667\/revisions"}],"predecessor-version":[{"id":25670,"href":"https:\/\/historiografija.hr\/index.php?rest_route=\/wp\/v2\/posts\/25667\/revisions\/25670"}],"wp:featuredmedia":[{"embeddable":true,"href":"https:\/\/historiografija.hr\/index.php?rest_route=\/wp\/v2\/media\/25668"}],"wp:attachment":[{"href":"https:\/\/historiografija.hr\/index.php?rest_route=%2Fwp%2Fv2%2Fmedia&parent=25667"}],"wp:term":[{"taxonomy":"category","embeddable":true,"href":"https:\/\/historiografija.hr\/index.php?rest_route=%2Fwp%2Fv2%2Fcategories&post=25667"},{"taxonomy":"post_tag","embeddable":true,"href":"https:\/\/historiografija.hr\/index.php?rest_route=%2Fwp%2Fv2%2Ftags&post=25667"}],"curies":[{"name":"wp","href":"https:\/\/api.w.org\/{rel}","templated":true}]}}