{"id":25664,"date":"2021-04-02T20:37:51","date_gmt":"2021-04-02T20:37:51","guid":{"rendered":"http:\/\/historiografija.hr\/?p=25664"},"modified":"2021-04-02T21:02:07","modified_gmt":"2021-04-02T21:02:07","slug":"fabio-giomi-making-muslim-women-european-voluntary-associations-islam-and-gender-in-post-ottoman-bosnia-and-yugoslavia-1878-1941","status":"publish","type":"post","link":"https:\/\/historiografija.hr\/?p=25664","title":{"rendered":"Fabio Giomi, &#8220;Making Muslim Women European: Voluntary Associations, Islam and Gender in post-Ottoman Bosnia and Yugoslavia (1878-1941)&#8221;"},"content":{"rendered":"\n<p>Central European University Press je objavio knjigu \u201eMaking Muslim Women European: Voluntary Associations, Islam and Gender in post-Ottoman Bosnia and Yugoslavia (1878-1941)\u201c u kojoj Fabio Giomi, nau\u010dni saradnik iz Centre d&#8217;\u00c9tudes Turques, Ottomanes, Balkaniques et Centrasiatiques (Pariz), pi\u0161e o polo\u017eaju muslimanki u Bosni i Hercegovini i Jugoslaviji u postosmanskom dobu i u razdoblju izme\u0111u dva svjetska rata. Knjiga je va\u017ena jer razbija neka dosad duboko ukorijenjena razumijevanja polo\u017eaja muslimanke na na\u0161im prostorima. Op\u0107enito se smatra da su muslimanke \u0161utjele i potiskivane u \u010disto privatni prostor sve do 1945. godine, kada ih je komunisti\u010dka dr\u017eava &#8220;otkrila&#8221; i &#8220;oslobodila&#8221;. Nakon sistematskih arhivskih istra\u017eivanja u Bosni i Hercegovini, Hrvatskoj, Srbiji i Austriji, Fabio Giomi osporava ovo gledi\u0161te i pokazuje kako su razli\u010diti dijelovi jugoslavenske elite kroz publikacije muslimanskih udru\u017eenja zami\u0161ljali ulogu muslimanki u postosmanskom vremenu i kako su \u017eene muslimanke u\u010destvovao u izgradnji ili osporavanju ovih narativa, te kako su udru\u017eenja koristila razli\u010dita sredstva da bi stvorila generaciju &#8220;novih muslimanki&#8221; sposobnih da se nose sa postosmanskim politi\u010dkim i dru\u0161tvenim okolnostima. Gioni tako\u0111er pokazuje kako su \u017eene muslimanke koristile alate koje pru\u017eaju udru\u017eenja da bi ostvarile vlastite projekte, ciljeve i programe. Uvidi su relevantni za dana\u0161nje izazove sa kojima se suo\u010davaju muslimanske \u017eene u Evropi. Tekst je ilustriran i izuzetnim fotografijama.<\/p>\n\n\n\n<p>Izvor: <a rel=\"noreferrer noopener\" href=\"https:\/\/ceupress.com\/book\/making-muslim-women-european-0\" target=\"_blank\">CEU Press<\/a><\/p>\n\n\n\n<hr class=\"wp-block-separator\"\/>\n\n\n\n<p>Preneseno s portala <strong>Historiografija.ba<\/strong>: <\/p>\n\n\n\n<p><a href=\"https:\/\/www.historiografija.ba\/article.php?id=426\">https:\/\/www.historiografija.ba\/article.php?id=426<\/a><\/p>\n\n\n\n<hr class=\"wp-block-separator\"\/>\n","protected":false},"excerpt":{"rendered":"","protected":false},"author":2,"featured_media":25665,"comment_status":"open","ping_status":"open","sticky":false,"template":"","format":"standard","meta":{"_acf_changed":false,"jetpack_post_was_ever_published":false,"_jetpack_newsletter_access":"","_jetpack_dont_email_post_to_subs":false,"_jetpack_newsletter_tier_id":0,"_jetpack_memberships_contains_paywalled_content":false,"_jetpack_memberships_contains_paid_content":false,"footnotes":"","jetpack_publicize_message":"","jetpack_publicize_feature_enabled":true,"jetpack_social_post_already_shared":true,"jetpack_social_options":{"image_generator_settings":{"template":"highway","default_image_id":0,"font":"","enabled":false},"version":2}},"categories":[8,3],"tags":[],"class_list":["post-25664","post","type-post","status-publish","format-standard","has-post-thumbnail","hentry","category-knjige","category-novosti"],"acf":{"facebook_opis":""},"jetpack_publicize_connections":[],"jetpack_featured_media_url":"https:\/\/i0.wp.com\/historiografija.hr\/wp-content\/uploads\/2021\/04\/Giomi.jpg?fit=960%2C1433&ssl=1","jetpack_sharing_enabled":true,"jetpack-related-posts":[],"_links":{"self":[{"href":"https:\/\/historiografija.hr\/index.php?rest_route=\/wp\/v2\/posts\/25664","targetHints":{"allow":["GET"]}}],"collection":[{"href":"https:\/\/historiografija.hr\/index.php?rest_route=\/wp\/v2\/posts"}],"about":[{"href":"https:\/\/historiografija.hr\/index.php?rest_route=\/wp\/v2\/types\/post"}],"author":[{"embeddable":true,"href":"https:\/\/historiografija.hr\/index.php?rest_route=\/wp\/v2\/users\/2"}],"replies":[{"embeddable":true,"href":"https:\/\/historiografija.hr\/index.php?rest_route=%2Fwp%2Fv2%2Fcomments&post=25664"}],"version-history":[{"count":2,"href":"https:\/\/historiografija.hr\/index.php?rest_route=\/wp\/v2\/posts\/25664\/revisions"}],"predecessor-version":[{"id":25675,"href":"https:\/\/historiografija.hr\/index.php?rest_route=\/wp\/v2\/posts\/25664\/revisions\/25675"}],"wp:featuredmedia":[{"embeddable":true,"href":"https:\/\/historiografija.hr\/index.php?rest_route=\/wp\/v2\/media\/25665"}],"wp:attachment":[{"href":"https:\/\/historiografija.hr\/index.php?rest_route=%2Fwp%2Fv2%2Fmedia&parent=25664"}],"wp:term":[{"taxonomy":"category","embeddable":true,"href":"https:\/\/historiografija.hr\/index.php?rest_route=%2Fwp%2Fv2%2Fcategories&post=25664"},{"taxonomy":"post_tag","embeddable":true,"href":"https:\/\/historiografija.hr\/index.php?rest_route=%2Fwp%2Fv2%2Ftags&post=25664"}],"curies":[{"name":"wp","href":"https:\/\/api.w.org\/{rel}","templated":true}]}}