{"id":25657,"date":"2021-04-02T20:20:21","date_gmt":"2021-04-02T20:20:21","guid":{"rendered":"http:\/\/historiografija.hr\/?p=25657"},"modified":"2021-04-23T17:31:37","modified_gmt":"2021-04-23T17:31:37","slug":"tanja-trska-un-arcivescovo-del-cinquecento-inquieto-lodovico-beccadelli-tra-letteratura-e-arte","status":"publish","type":"post","link":"https:\/\/historiografija.hr\/?p=25657","title":{"rendered":"Tanja Tr\u0161ka, \u201cUn arcivescovo del Cinquecento inquieto: Lodovico Beccadelli tra letteratura e arte\u201d"},"content":{"rendered":"\n<p>U izdanju Zavoda za povijesne znanosti HAZU u Dubrovniku na talijanskom je jeziku objavljena knjiga <strong>Tanje Tr\u0161ke <\/strong><em><strong>Un arcivescovo del Cinquecento inquieto: Lodovico Beccadelli tra letteratura e arte<\/strong><\/em>, u kojoj se na temelju opse\u017enog istra\u017eivanja arhivskog gradiva te o\u010duvane graditeljske i likovne ba\u0161tine oslikava zna\u010denje dubrova\u010dkog nadbiskupa Lodovica Beccadellija kao naru\u010ditelja u Dubrovniku i u talijanskim sredinama.<\/p>\n\n\n\n<hr class=\"wp-block-separator\"\/>\n\n\n\n<p>Izvor i dodatne informacije: <\/p>\n\n\n\n<p><a href=\"http:\/\/www.zavoddbk.org\/izdanja\/nova-knjiga-u-izdanju-zavoda-za-povijesne-znanosti-hazu-u-dubrovniku\/\">http:\/\/www.zavoddbk.org\/izdanja\/nova-knjiga-u-izdanju-zavoda-za-povijesne-znanosti-hazu-u-dubrovniku\/<\/a><\/p>\n\n\n\n<figure class=\"wp-block-embed-wordpress wp-block-embed is-type-wp-embed is-provider-zavod-za-povijesne-znanosti-hazu-u-dubrovniku\"><div class=\"wp-block-embed__wrapper\">\n<blockquote class=\"wp-embedded-content\" data-secret=\"eqA4Eks6jO\"><a href=\"http:\/\/www.zavoddbk.org\/izdanja\/knjige-tanje-trska-o-umjetnickim-vezama-hrvatske-i-talijanske-sredine-u-vrijeme-renesanse\/\">KNJIGE TANJE TR\u0160KA O umjetni\u010dkim vezama hrvatske i talijanske sredine u vrijeme renesanse<\/a><\/blockquote><iframe loading=\"lazy\" class=\"wp-embedded-content\" sandbox=\"allow-scripts\" security=\"restricted\" style=\"position: absolute; clip: rect(1px, 1px, 1px, 1px);\" title=\"Ugradi WordPress objavu\" src=\"http:\/\/www.zavoddbk.org\/izdanja\/knjige-tanje-trska-o-umjetnickim-vezama-hrvatske-i-talijanske-sredine-u-vrijeme-renesanse\/embed\/#?secret=eqA4Eks6jO\" data-secret=\"eqA4Eks6jO\" width=\"600\" height=\"338\" frameborder=\"0\" marginwidth=\"0\" marginheight=\"0\" scrolling=\"no\"><\/iframe>\n<\/div><\/figure>\n\n\n\n<hr class=\"wp-block-separator\"\/>\n","protected":false},"excerpt":{"rendered":"","protected":false},"author":2,"featured_media":25658,"comment_status":"open","ping_status":"open","sticky":false,"template":"","format":"standard","meta":{"_acf_changed":false,"jetpack_post_was_ever_published":false,"_jetpack_newsletter_access":"","_jetpack_dont_email_post_to_subs":false,"_jetpack_newsletter_tier_id":0,"_jetpack_memberships_contains_paywalled_content":false,"_jetpack_memberships_contains_paid_content":false,"footnotes":"","jetpack_publicize_message":"","jetpack_publicize_feature_enabled":true,"jetpack_social_post_already_shared":true,"jetpack_social_options":{"image_generator_settings":{"template":"highway","default_image_id":0,"font":"","enabled":false},"version":2}},"categories":[8,3],"tags":[],"class_list":["post-25657","post","type-post","status-publish","format-standard","has-post-thumbnail","hentry","category-knjige","category-novosti"],"acf":{"facebook_opis":""},"jetpack_publicize_connections":[],"jetpack_featured_media_url":"https:\/\/i0.wp.com\/historiografija.hr\/wp-content\/uploads\/2021\/04\/Trska.png?fit=203%2C300&ssl=1","jetpack_sharing_enabled":true,"jetpack-related-posts":[],"_links":{"self":[{"href":"https:\/\/historiografija.hr\/index.php?rest_route=\/wp\/v2\/posts\/25657","targetHints":{"allow":["GET"]}}],"collection":[{"href":"https:\/\/historiografija.hr\/index.php?rest_route=\/wp\/v2\/posts"}],"about":[{"href":"https:\/\/historiografija.hr\/index.php?rest_route=\/wp\/v2\/types\/post"}],"author":[{"embeddable":true,"href":"https:\/\/historiografija.hr\/index.php?rest_route=\/wp\/v2\/users\/2"}],"replies":[{"embeddable":true,"href":"https:\/\/historiografija.hr\/index.php?rest_route=%2Fwp%2Fv2%2Fcomments&post=25657"}],"version-history":[{"count":2,"href":"https:\/\/historiografija.hr\/index.php?rest_route=\/wp\/v2\/posts\/25657\/revisions"}],"predecessor-version":[{"id":25966,"href":"https:\/\/historiografija.hr\/index.php?rest_route=\/wp\/v2\/posts\/25657\/revisions\/25966"}],"wp:featuredmedia":[{"embeddable":true,"href":"https:\/\/historiografija.hr\/index.php?rest_route=\/wp\/v2\/media\/25658"}],"wp:attachment":[{"href":"https:\/\/historiografija.hr\/index.php?rest_route=%2Fwp%2Fv2%2Fmedia&parent=25657"}],"wp:term":[{"taxonomy":"category","embeddable":true,"href":"https:\/\/historiografija.hr\/index.php?rest_route=%2Fwp%2Fv2%2Fcategories&post=25657"},{"taxonomy":"post_tag","embeddable":true,"href":"https:\/\/historiografija.hr\/index.php?rest_route=%2Fwp%2Fv2%2Ftags&post=25657"}],"curies":[{"name":"wp","href":"https:\/\/api.w.org\/{rel}","templated":true}]}}