{"id":25649,"date":"2021-04-01T15:51:42","date_gmt":"2021-04-01T15:51:42","guid":{"rendered":"http:\/\/historiografija.hr\/?p=25649"},"modified":"2022-07-25T19:28:28","modified_gmt":"2022-07-25T19:28:28","slug":"ivo-goldstein-hrvatska-1990-2020","status":"publish","type":"post","link":"https:\/\/historiografija.hr\/?p=25649","title":{"rendered":"Ivo Goldstein, \u201cHrvatska 1990. \u2013 2020.\u201d"},"content":{"rendered":"\n<p>Knjiga Hrvatska 1990. \u2013 2020. nadovezuje na nekoliko knjiga Ive Goldsteina u kojima se proteklih 12 godina bavio hrvatskom povije\u0161\u0107u najnovijeg razdoblja, dakle, od 1980-ih i vremena kad se Hrvatska osamostalila. To su Hrvatska 1918. \u2013 2008. (Zagreb 2008.), Povijest Hrvatske 1945. \u2013 2011. (Zagreb 2011.) u tri sveska i Hrvatska povijest (tre\u0107e, dopunjeno i pro\u0161ireno izdanje, Zagreb 2013.). Tekst iz tih knjiga bio je dramatur\u0161ka i \u010dinjeni\u010dna osnova i za ovu knjigu. Me\u0111utim, on je zna\u010dajno dopunjen i pro\u0161iren, sve vi\u0161e kako se kronolo\u0161ka os pomicala prema sada\u0161njosti. Naposljetku, opisi i analize doga\u0111aja i procesa od otprilike 2011.\/12. godine posve su novi.<\/p>\n\n\n\n<p>Ono \u0161to je bitno novo jest \u2013 perspektiva, drugim rije\u010dima, atmosfera u kojoj je autor knjigu pisao. Naime, 2008., kad su ekonomski rast i drugi pozitivni trendovi bili na vrhuncu, ili 2013., u trenutku ulaska u EU, izgledalo je da su neka klju\u010dna politi\u010dka i dru\u0161tvena pitanja rije\u0161ena i da tu vi\u0161e ne mo\u017ee biti nazadovanja: \u010dinilo se da su neki obrasci pona\u0161anja, osobito govor mr\u017enje i svakovrsni ekstremizam uklonjeni iz javnog \u017eivota ili da su, u najgorem slu\u010daju, potisnuti na margine.<\/p>\n\n\n\n<p>Izgledalo je da i korupcija polako prestaje biti pogubna bolest dr\u017eavnih vrhova, jer su brojna uhi\u0107enja, optu\u017enice i procesi 2010. i 2011. sna\u017eno pokazivali da se u Hrvatskoj polako, ali sigurno, uspostavljaju vi\u0161i liberalnodemokratski standardi i vladavina prava. \u010cinilo se i da u Hrvatskoj definitivno, od 2000., demokracija nije vi\u0161e samo \u201emirna smjena vlasti na osnovi redovitih slobodnih izbora\u201d, nego i na\u010din \u017eivota u dru\u0161tvu i cijeloga dru\u0161tva.<\/p>\n\n\n\n<p>Naposljetku, 2008. \u2013 2013. moglo se zaklju\u010diti da Hrvatska, iako pod sna\u017enim pritiskom ekonomske krize, o\u010dekuju\u0107i ulazak u EU, ima bolju poziciju negoli prethodnih desetlje\u0107a da joj napokon uspije svakovrsni uzlet (ponajprije gospodarski i dru\u0161tveni).<\/p>\n\n\n\n<p>Najbolji jamac takvog napretka trebao je biti ulazak u EU: realistima je bilo jasno da taj doga\u0111aj ne\u0107e napredak donijeti na pladnju, ali se znalo da je Hrvatska za njega dobila politi\u010dki i ekonomski ki\u0161obran. Uzlet koji se tako \u017eeljno i\u0161\u010dekivao mogao se posti\u0107i jedino naporima sposobnih vlasti i svih gra\u0111ana, a eventualne povoljne op\u0107e okolnosti mogle su te trendove pospje\u0161iti. Me\u0111utim, taj je napredak izostao zbog vanjskih i unutarnjih okolnosti, a razlozi tome detaljno su opisani i obja\u0161njeni u ovoj knjizi.<\/p>\n\n\n\n<p>Izvor: <a href=\"https:\/\/www.facebook.com\/ProfilKnjiga\/\">https:\/\/www.facebook.com\/ProfilKnjiga\/<\/a><\/p>\n\n\n\n<hr class=\"wp-block-separator\"\/>\n\n\n\n<p><strong>Iz<\/strong> <strong>medija:<\/strong><\/p>\n\n\n\n<p><a href=\"https:\/\/www.glasistre.hr\/znanost\/objavljena-knjiga-ive-goldsteina-hrvatska-1990-2020-710651\">https:\/\/www.glasistre.hr\/znanost\/objavljena-knjiga-ive-goldsteina-hrvatska-1990-2020-710651<\/a><\/p>\n\n\n\n<p><a href=\"https:\/\/www.vecernji.hr\/kultura\/nova-goldsteinova-knjiga-ne-stedi-nikoga-ni-partiju-ni-srpski-nacionalizam-a-ponajmanje-franju-tudmana-1480725\">https:\/\/www.vecernji.hr\/kultura\/nova-goldsteinova-knjiga-ne-stedi-nikoga-ni-partiju-ni-srpski-nacionalizam-a-ponajmanje-franju-tudmana-1480725<\/a><\/p>\n\n\n\n<figure class=\"wp-block-embed-wordpress wp-block-embed is-type-wp-embed is-provider-nacional-hr\"><div class=\"wp-block-embed__wrapper\">\n<blockquote class=\"wp-embedded-content\" data-secret=\"bpKtdv8LnN\"><a href=\"https:\/\/www.nacional.hr\/ivo-goldstein-bez-propitivanja-tudmana-i-stepinca-nema-intelektualnog-i-gospodarskog-oporavka\/\">IVO GOLDSTEIN: &#8216;Bez propitivanja Tu\u0111mana i Stepinca nema intelektualnog i gospodarskog oporavka&#8217;<\/a><\/blockquote><iframe loading=\"lazy\" class=\"wp-embedded-content\" sandbox=\"allow-scripts\" security=\"restricted\" style=\"position: absolute; clip: rect(1px, 1px, 1px, 1px);\" title=\"&#8220;IVO GOLDSTEIN: &#8216;Bez propitivanja Tu\u0111mana i Stepinca nema intelektualnog i gospodarskog oporavka&#8217;&#8221; &#8212; NACIONAL.HR\" src=\"https:\/\/www.nacional.hr\/ivo-goldstein-bez-propitivanja-tudmana-i-stepinca-nema-intelektualnog-i-gospodarskog-oporavka\/embed\/#?secret=bpKtdv8LnN\" data-secret=\"bpKtdv8LnN\" width=\"600\" height=\"338\" frameborder=\"0\" marginwidth=\"0\" marginheight=\"0\" scrolling=\"no\"><\/iframe>\n<\/div><\/figure>\n\n\n\n<p><a href=\"https:\/\/www.telegram.hr\/politika-kriminal\/goldstein-kako-su-nas-prestigle-sve-tranzicijske-zemlje-tudman-je-odgovoran-za-ovo-sto-danas-imamo\/\">https:\/\/www.telegram.hr\/politika-kriminal\/goldstein-kako-su-nas-prestigle-sve-tranzicijske-zemlje-tudman-je-odgovoran-za-ovo-sto-danas-imamo\/<\/a><\/p>\n\n\n\n<p><a href=\"https:\/\/slobodnadalmacija.hr\/vijesti\/hrvatska\/ivo-goldstein-klijentelisticke-skupine-koje-je-uspostavio-tudman-i-danas-su-sigurno-glasacko-tijelo-hdz-a-plenkovic-bi-se-morao-distancirati-od-toga-1085624\">https:\/\/slobodnadalmacija.hr\/vijesti\/hrvatska\/ivo-goldstein-klijentelisticke-skupine-koje-je-uspostavio-tudman-i-danas-su-sigurno-glasacko-tijelo-hdz-a-plenkovic-bi-se-morao-distancirati-od-toga-1085624<\/a><\/p>\n\n\n\n<p><a href=\"https:\/\/balkans.aljazeera.net\/teme\/2021\/3\/28\/goldstein-je-li-hrvatska-za-30-godina-nezavisnosti-uspjela-izraditi-evropski-identitet\">https:\/\/balkans.aljazeera.net\/teme\/2021\/3\/28\/goldstein-je-li-hrvatska-za-30-godina-nezavisnosti-uspjela-izraditi-evropski-identitet<\/a><\/p>\n\n\n\n<p><a href=\"https:\/\/www.klix.ba\/vijesti\/regija\/goldstein-tudjman-se-zalagao-da-ako-neko-dovede-bih-u-pitanje-hrvatska-treba-traziti-svoj-dio\/210329004\">https:\/\/www.klix.ba\/vijesti\/regija\/goldstein-tudjman-se-zalagao-da-ako-neko-dovede-bih-u-pitanje-hrvatska-treba-traziti-svoj-dio\/210329004<\/a><\/p>\n\n\n\n<figure class=\"wp-block-embed-wordpress wp-block-embed is-type-wp-embed is-provider-hayat-ba\"><div class=\"wp-block-embed__wrapper\">\n<blockquote class=\"wp-embedded-content\" data-secret=\"Yect3zjhbC\"><a href=\"https:\/\/hayat.ba\/historicar-goldstein-tragedije-se-ne-smiju-zaboraviti-ali-ne-smiju-biti-ni-blokada-razvojnim-politikama\/380825\/\">HISTORI\u010cAR GOLDSTEIN: TRAGEDIJE SE NE SMIJU ZABORAVITI, ALI NE SMIJU BITI NI BLOKADA RAZVOJNIM POLITIKAMA<\/a><\/blockquote><iframe loading=\"lazy\" class=\"wp-embedded-content\" sandbox=\"allow-scripts\" security=\"restricted\" style=\"position: absolute; clip: rect(1px, 1px, 1px, 1px);\" title=\"&#8220;HISTORI\u010cAR GOLDSTEIN: TRAGEDIJE SE NE SMIJU ZABORAVITI, ALI NE SMIJU BITI NI BLOKADA RAZVOJNIM POLITIKAMA&#8221; &#8212; Hayat.ba\" src=\"https:\/\/hayat.ba\/historicar-goldstein-tragedije-se-ne-smiju-zaboraviti-ali-ne-smiju-biti-ni-blokada-razvojnim-politikama\/380825\/embed\/#?secret=Yect3zjhbC\" data-secret=\"Yect3zjhbC\" width=\"600\" height=\"338\" frameborder=\"0\" marginwidth=\"0\" marginheight=\"0\" scrolling=\"no\"><\/iframe>\n<\/div><\/figure>\n\n\n\n<hr class=\"wp-block-separator\"\/>\n\n\n\n<p><a href=\"https:\/\/www.jutarnji.hr\/vijesti\/hrvatska\/goldsteinova-dijagnoza-hrvatskom-su-zli-zavladali-a-dobri-im-se-pokorili-15062925\">https:\/\/www.jutarnji.hr\/vijesti\/hrvatska\/goldsteinova-dijagnoza-hrvatskom-su-zli-zavladali-a-dobri-im-se-pokorili-15062925<\/a><\/p>\n\n\n\n<hr class=\"wp-block-separator\"\/>\n","protected":false},"excerpt":{"rendered":"","protected":false},"author":2,"featured_media":25650,"comment_status":"open","ping_status":"open","sticky":false,"template":"","format":"standard","meta":{"_acf_changed":false,"jetpack_post_was_ever_published":false,"_jetpack_newsletter_access":"","_jetpack_dont_email_post_to_subs":false,"_jetpack_newsletter_tier_id":0,"_jetpack_memberships_contains_paywalled_content":false,"_jetpack_memberships_contains_paid_content":false,"footnotes":"","jetpack_publicize_message":"","jetpack_publicize_feature_enabled":true,"jetpack_social_post_already_shared":true,"jetpack_social_options":{"image_generator_settings":{"template":"highway","default_image_id":0,"font":"","enabled":false},"version":2}},"categories":[8,3],"tags":[],"class_list":["post-25649","post","type-post","status-publish","format-standard","has-post-thumbnail","hentry","category-knjige","category-novosti"],"acf":{"facebook_opis":""},"jetpack_publicize_connections":[],"jetpack_featured_media_url":"https:\/\/i0.wp.com\/historiografija.hr\/wp-content\/uploads\/2021\/04\/Goldstein.jpg?fit=512%2C720&ssl=1","jetpack_sharing_enabled":true,"jetpack-related-posts":[],"_links":{"self":[{"href":"https:\/\/historiografija.hr\/index.php?rest_route=\/wp\/v2\/posts\/25649","targetHints":{"allow":["GET"]}}],"collection":[{"href":"https:\/\/historiografija.hr\/index.php?rest_route=\/wp\/v2\/posts"}],"about":[{"href":"https:\/\/historiografija.hr\/index.php?rest_route=\/wp\/v2\/types\/post"}],"author":[{"embeddable":true,"href":"https:\/\/historiografija.hr\/index.php?rest_route=\/wp\/v2\/users\/2"}],"replies":[{"embeddable":true,"href":"https:\/\/historiografija.hr\/index.php?rest_route=%2Fwp%2Fv2%2Fcomments&post=25649"}],"version-history":[{"count":4,"href":"https:\/\/historiografija.hr\/index.php?rest_route=\/wp\/v2\/posts\/25649\/revisions"}],"predecessor-version":[{"id":32242,"href":"https:\/\/historiografija.hr\/index.php?rest_route=\/wp\/v2\/posts\/25649\/revisions\/32242"}],"wp:featuredmedia":[{"embeddable":true,"href":"https:\/\/historiografija.hr\/index.php?rest_route=\/wp\/v2\/media\/25650"}],"wp:attachment":[{"href":"https:\/\/historiografija.hr\/index.php?rest_route=%2Fwp%2Fv2%2Fmedia&parent=25649"}],"wp:term":[{"taxonomy":"category","embeddable":true,"href":"https:\/\/historiografija.hr\/index.php?rest_route=%2Fwp%2Fv2%2Fcategories&post=25649"},{"taxonomy":"post_tag","embeddable":true,"href":"https:\/\/historiografija.hr\/index.php?rest_route=%2Fwp%2Fv2%2Ftags&post=25649"}],"curies":[{"name":"wp","href":"https:\/\/api.w.org\/{rel}","templated":true}]}}