{"id":25622,"date":"2021-03-31T21:02:33","date_gmt":"2021-03-31T21:02:33","guid":{"rendered":"http:\/\/historiografija.hr\/?p=25622"},"modified":"2021-03-31T21:14:24","modified_gmt":"2021-03-31T21:14:24","slug":"dediscina-prve-svetovne-vojne-reprezentacije-in-reinterpretacije","status":"publish","type":"post","link":"https:\/\/historiografija.hr\/?p=25622","title":{"rendered":"Dedi\u0161\u010dina prve svetovne vojne: reprezentacije in reinterpretacije"},"content":{"rendered":"\n<p>Urednik: Jurij Fikfak, Bo\u017eidar Jezernik<br>Leto izida: 2021<br>\u0160t. strani: 355 strani<br>Tip vezave: mehka vezava<br>ISBN: 978-961-06-0415-0<br>Zbirka: Zupani\u010deva knji\u017enica<\/p>\n\n\n\n<p>Knjiga prina\u0161a premisleke o dedi\u0161\u010dini in dedi\u0161\u010dinah prve svetovne vojne in tako na\u010denja ter prevpra\u0161uje nekatere procese dedi\u0161\u010dinjenja, produkcijo in spremembo dedi\u0161\u010dinskega statusa objektov, spomenikov, spomeni\u0161kih parkov, nenazadnje tudi recepcije in rabo osrednjih osebnosti tega \u010dasa, kot sta bila na primer Gavrilo Princip in Rudolf Maister. Prav tako obravnava tudi dedi\u0161\u010dinsko razvojne usmeritve, predvsem v turizmu in kontekstu komemoracije 100-letnice v\u00e9like vojne.<\/p>\n\n\n\n<p><a href=\"https:\/\/knjigarna.ff.uni-lj.si\/si\/izdelek\/2000\/dediscina-prve-svetovne-vojne-reprezentacije-in-reinterpretacije\/\">https:\/\/knjigarna.ff.uni-lj.si\/si\/izdelek\/2000\/dediscina-prve-svetovne-vojne-reprezentacije-in-reinterpretacije\/<\/a><\/p>\n\n\n\n<hr class=\"wp-block-separator\"\/>\n\n\n\n<p>E-knjige<\/p>\n\n\n\n<p><strong>Dedi\u0161\u010dina prve svetovne vojne: reprezentacije in reinterpretacije<\/strong><\/p>\n\n\n\n<p>Jurij Fikfak (ed)<\/p>\n\n\n\n<p>Znanstvenoraziskovalni center Slovenske akademije znanosti in umetnosti, In\u0161titut za slovensko narodopisje, Ljubljana<\/p>\n\n\n\n<p>Bo\u017eidar Jezernik (ed)<\/p>\n\n\n\n<p>Univerza v Ljubljani, Filozofska fakulteta<\/p>\n\n\n\n<p>DOI: <a href=\"https:\/\/doi.org\/10.4312\/9789610604143\">https:\/\/doi.org\/10.4312\/9789610604143<\/a><\/p>\n\n\n\n<p>Klju\u010dne besede: dedi\u0161\u010dinjenje, dedi\u0161\u010dinski status, spomeniki, zgodovinske interpretacije, komemoracije stoletnice prve svetovne vojne<\/p>\n\n\n\n<p><strong>Kratka vsebina<\/strong><\/p>\n\n\n\n<p>V okviru raziskovalnega projekta Dedi\u0161\u010dina prve svetovne vojne: reprezentacije in reinterpretacije smo obravnavali procese dedi\u0161\u010dinjenja, produkcijo in spremembo dedi\u0161\u010dinskega statusa objektom, spomenikom, spomeni\u0161kim parkom\/potem ali krajinam ter dedi\u0161\u010dinsko-razvojne usmeritve, predvsem v kontekstu komemoracije stoletnice prve svetovne vojne. Dedi\u0161\u010dina se glede na razli\u010dne silnice ves \u010das spreminja, zato smo prepri\u010dani, da je govor o dedi\u0161\u010dini pravzaprav govor o kontekstih, v katerih se ta vzpostavlja, uporablja, razvija, selekcionira, ureja, osmi\u0161lja in dopolnjuje, a tudi zapostavlja, uni\u010duje in v\u010dasih rekonstruira ter celo izumlja.<\/p>\n\n\n\n<p>Fokus na\u0161ih raziskav je bil osredoto\u010den na spomenike, kraje spomina in poti (spominska obele\u017eja, pokopali\u0161\u010da, cerkve itd.), nastale med vojno ali so bili pozneje oblikovani kot spomin nanjo. Ugotavljali smo \u010dasovno dinamiko nastajanja, propadanja in promoviranja spomenikov ter njihove razli\u010dne zgodovinske interpretacije, ki so predvsem v \u010dasu po \u00bbhladni vojni\u00ab poleg spominske funkcije imele tudi funkcijo mednarodnega povezovanja v Evropi in turisti\u010dno-ekonomsko funkcijo.<\/p>\n\n\n\n<hr class=\"wp-block-separator\"\/>\n\n\n\n<p><strong>Heritage of the First World War: Representations and Reinterpretations<\/strong><\/p>\n\n\n\n<p><strong>Authors<\/strong><\/p>\n\n\n\n<p>Jurij Fikfak (ed)<\/p>\n\n\n\n<p>Research Centre of the Slovenian Academy of Sciences and Arts, Institute of Slovenian Ethnology, Ljubljana, Slovenia<\/p>\n\n\n\n<p>Bo\u017eidar Jezernik (ed)<\/p>\n\n\n\n<p>University of Ljubljana, Faculty of Arts, Slovenia<\/p>\n\n\n\n<p>DOI: <a href=\"https:\/\/doi.org\/10.4312\/9789610604143\">https:\/\/doi.org\/10.4312\/9789610604143<\/a><\/p>\n\n\n\n<p>Keywords: heritage-making, heritage status, monuments, historical interpretations, commemorations of the 100th anniversary of the First World War<\/p>\n\n\n\n<p><strong>Synopsis<\/strong><\/p>\n\n\n\n<p>The research project Heritage of the First World War: Representations and Reinterpretations dealt with the processes of heritage-making, the production and modification of the heritage status of objects, monuments, memorial parks\/routes or landscapes, and with orientations of heritage development, especially in the context of the commemorations of the 100th anniversary of the First World War. Depending on various currents of influence, heritage changes over time, and so we believe that narratives of heritage are in fact narratives of the contexts in which it is established, instrumentalised, developed, selected, catalogued, given meaning and filled in; or neglected, destroyed, sometimes reconstructed or even constructed.<\/p>\n\n\n\n<p>Our research focused on those monuments, sites and routes of memory (memorials, cemeteries, churches, etc.) that were created during the First World War or later as monuments of its memory. We observed the temporal dynamics of the emergence, decay and promotion of the monuments and their different historical interpretations, which, especially in the period following the Cold War, in addition to their mnemonic function, also played a role as channels of the international cooperation developing throughout Europe, as well as a tourist-economic role.<\/p>\n\n\n\n<hr class=\"wp-block-separator\"\/>\n\n\n\n<p><strong>Poglavja<\/strong><\/p>\n\n\n\n<ul class=\"wp-block-list\"><li>Dedi\u0161\u010dina prve svetovne vojne: reprezentacije in reinterpretacije<\/li><\/ul>\n\n\n\n<p>Jurij Fikfak, Bo\u017eidar Jezernik<\/p>\n\n\n\n<ul class=\"wp-block-list\"><li>Dedi\u0161\u010dina voja\u0161kih pokopali\u0161\u010d, kapelic, spomenikov in spominskih znamenj prve svetovne vojne na Slovenskem<\/li><\/ul>\n\n\n\n<p>Vito Hazler<\/p>\n\n\n\n<ul class=\"wp-block-list\"><li>Spomeniki padlim v prvi svetovni vojni na Ko\u010devskem v lu\u010di povojnih razmer<\/li><\/ul>\n\n\n\n<p>Anja Moric<\/p>\n\n\n\n<ul class=\"wp-block-list\"><li>Vojne rane se celijo po\u010dasi<\/li><\/ul>\n\n\n\n<p>Bo\u017eidar Jezernik<\/p>\n\n\n\n<ul class=\"wp-block-list\"><li>Spominska krajina in dedi\u0161\u010dina prve svetovne vojne v Julijskih Alpah<\/li><\/ul>\n\n\n\n<p>Jaka Repi\u010d<\/p>\n\n\n\n<ul class=\"wp-block-list\"><li>Dedi\u0161\u010dina so\u0161ke fronte v lu\u010di heterotopij, utopij in drugih \u00bbdrugih prostorov\u00ab<\/li><\/ul>\n\n\n\n<p>Bo\u0161tjan Kravanja<\/p>\n\n\n\n<ul class=\"wp-block-list\"><li>Evropeizacija in lokalizacija komemoracij ob stoletnici prve svetovne vojne<\/li><\/ul>\n\n\n\n<p>Tatiana Bajuk Sen\u010dar<\/p>\n\n\n\n<ul class=\"wp-block-list\"><li>Izpodbijana junaka \u2013 Gavrilo Princip in Rudolf Maister kot subkulturni ikoni<\/li><\/ul>\n\n\n\n<p>Mitja Velikonja<\/p>\n\n\n\n<ul class=\"wp-block-list\"><li>Maistrovo stoletje: od vojaka do mita<\/li><\/ul>\n\n\n\n<p>Peter Simoni\u010d<\/p>\n\n\n\n<ul class=\"wp-block-list\"><li>Odmevi sarajevskega atentata: sodobne reinterpretacije Gavrila Principa v povojni Bosni in Hercegovini<\/li><\/ul>\n\n\n\n<p>Alenka Bartulovi\u0107<\/p>\n\n\n\n<ul class=\"wp-block-list\"><li>Staroverci in prva svetovna vojna: poskus zasuka \u010dasovnice. Kaj je novega o vojni?<\/li><\/ul>\n\n\n\n<p>Miha Kozorog<\/p>\n\n\n\n<hr class=\"wp-block-separator\"\/>\n\n\n\n<p><a href=\"https:\/\/e-knjige.ff.uni-lj.si\/znanstvena-zalozba\/catalog\/book\/251\">https:\/\/e-knjige.ff.uni-lj.si\/znanstvena-zalozba\/catalog\/book\/251<\/a><\/p>\n\n\n\n<hr class=\"wp-block-separator\"\/>\n","protected":false},"excerpt":{"rendered":"","protected":false},"author":2,"featured_media":25623,"comment_status":"open","ping_status":"open","sticky":false,"template":"","format":"standard","meta":{"_acf_changed":false,"jetpack_post_was_ever_published":false,"_jetpack_newsletter_access":"","_jetpack_dont_email_post_to_subs":false,"_jetpack_newsletter_tier_id":0,"_jetpack_memberships_contains_paywalled_content":false,"_jetpack_memberships_contains_paid_content":false,"footnotes":"","jetpack_publicize_message":"","jetpack_publicize_feature_enabled":true,"jetpack_social_post_already_shared":true,"jetpack_social_options":{"image_generator_settings":{"template":"highway","default_image_id":0,"font":"","enabled":false},"version":2}},"categories":[19,8,3],"tags":[],"class_list":["post-25622","post","type-post","status-publish","format-standard","has-post-thumbnail","hentry","category-e-knjige","category-knjige","category-novosti"],"acf":{"facebook_opis":""},"jetpack_publicize_connections":[],"jetpack_featured_media_url":"https:\/\/i0.wp.com\/historiografija.hr\/wp-content\/uploads\/2021\/03\/Dediscina.jpg?fit=350%2C546&ssl=1","jetpack_sharing_enabled":true,"jetpack-related-posts":[],"_links":{"self":[{"href":"https:\/\/historiografija.hr\/index.php?rest_route=\/wp\/v2\/posts\/25622","targetHints":{"allow":["GET"]}}],"collection":[{"href":"https:\/\/historiografija.hr\/index.php?rest_route=\/wp\/v2\/posts"}],"about":[{"href":"https:\/\/historiografija.hr\/index.php?rest_route=\/wp\/v2\/types\/post"}],"author":[{"embeddable":true,"href":"https:\/\/historiografija.hr\/index.php?rest_route=\/wp\/v2\/users\/2"}],"replies":[{"embeddable":true,"href":"https:\/\/historiografija.hr\/index.php?rest_route=%2Fwp%2Fv2%2Fcomments&post=25622"}],"version-history":[{"count":1,"href":"https:\/\/historiografija.hr\/index.php?rest_route=\/wp\/v2\/posts\/25622\/revisions"}],"predecessor-version":[{"id":25624,"href":"https:\/\/historiografija.hr\/index.php?rest_route=\/wp\/v2\/posts\/25622\/revisions\/25624"}],"wp:featuredmedia":[{"embeddable":true,"href":"https:\/\/historiografija.hr\/index.php?rest_route=\/wp\/v2\/media\/25623"}],"wp:attachment":[{"href":"https:\/\/historiografija.hr\/index.php?rest_route=%2Fwp%2Fv2%2Fmedia&parent=25622"}],"wp:term":[{"taxonomy":"category","embeddable":true,"href":"https:\/\/historiografija.hr\/index.php?rest_route=%2Fwp%2Fv2%2Fcategories&post=25622"},{"taxonomy":"post_tag","embeddable":true,"href":"https:\/\/historiografija.hr\/index.php?rest_route=%2Fwp%2Fv2%2Ftags&post=25622"}],"curies":[{"name":"wp","href":"https:\/\/api.w.org\/{rel}","templated":true}]}}