{"id":25619,"date":"2021-03-31T20:52:22","date_gmt":"2021-03-31T20:52:22","guid":{"rendered":"http:\/\/historiografija.hr\/?p=25619"},"modified":"2021-03-31T21:11:08","modified_gmt":"2021-03-31T21:11:08","slug":"gradanstvo-u-velikom-ratu-dnevnicki-zapisi-mobilisanih-srba-priredili-dusica-bojic-ratomir-milikic-beograd-2020","status":"publish","type":"post","link":"https:\/\/historiografija.hr\/?p=25619","title":{"rendered":"Gra\u0111anstvo u Velikom ratu. Dnevni\u010dki zapisi mobilisanih Srba, priredili: Du\u0161ica Boji\u0107, Ratomir Miliki\u0107, Beograd 2020."},"content":{"rendered":"\n<p>\u201eGra\u0111anstvo u Velikom ratu \u2013 Dnevni\u010dki zapisi mobilisanih Srba\u201c autora dr Du\u0161ice Boji\u0107 i dr Ratomira Miliki\u0107a predstavlja doprinos u oblasti prou\u010davanja dnevni\u010dkih se\u0107anja i istorije Velikog rata u Srbiji. Re\u010d je o uspe\u0161nom poku\u0161aju da se rasvetli polo\u017eaj obi\u010dnih ljudi koji su se zatekli u Velikom ratu kroz njihove dnevni\u010dke zapise. U pitanju su mobilisani pripadnici svih slojeva srpskog dru\u0161tva, kojima je sudbina namenila da budu u\u010desnici nekih od najve\u0107ih izazova u istoriji Srbije koji su se odigrali u raznim fazama Prvog svetskog rata. U knjizi je predstavljeno pet dnevnika koji \u010ditala\u010dkoj publici omogu\u0107avaju da se upozna sa jednim druga\u010dijim aspektom od onoga koji je bio \u0161iroko prisutan u standardnom narativu o Velikom ratu. U pore\u0111enju sa zapisima profesionalnih vojnih lica, ovi dnevni\u010dki zapisi pru\u017eaju druga\u010diju sliku. Kroz njih se mo\u017ee sagledati kako su obi\u010dni ljudi videli Veliki rat, njegove strahote i svoju ulogu u njima. Mo\u017eemo uo\u010diti koje su njihove strepnje, strahovi, ali i nadanja. Od posebnog zna\u010daja je \u010dinjenica da ovi dnevni\u010dki zapisi svedo\u010de o razli\u010ditim periodima istorije Kraljevine Srbije u Velikom ratu. Neki se odnose na po\u010detak ratnih de\u0161avanja i po mnogo \u010demu izuzetno te\u0161ku ratnu 1914. godinu. Drugi opet svedo\u010de o povla\u010denju ka Kosovu i kroz Albansku golgotu, uz davanje detaljnih opisa za\u0161to je ta epopeja ponela naziv golgota. Tako\u0111e, saznajemo i neke nove podatke i o pojedinim znamenitim istorijskim li\u010dnostima koji se pominju u ovim dnevnicima i se\u0107anjima, poput kralja Petra, mnogobrojnih oficira potonjih generala i drugih li\u010dnosti va\u017enih za istoriju Srbije.<\/p>\n\n\n\n<hr class=\"wp-block-separator\"\/>\n\n\n\n<p>Izvor:<\/p>\n\n\n\n<figure class=\"wp-block-embed-wordpress wp-block-embed is-type-wp-embed is-provider-institut-za-savremenu-istoriju\"><div class=\"wp-block-embed__wrapper\">\n<blockquote class=\"wp-embedded-content\" data-secret=\"SMCtgFdrjD\"><a href=\"https:\/\/isi.co.rs\/nova-izdanja\/\">NOVA IZDANJA<\/a><\/blockquote><iframe loading=\"lazy\" class=\"wp-embedded-content\" sandbox=\"allow-scripts\" security=\"restricted\" style=\"position: absolute; clip: rect(1px, 1px, 1px, 1px);\" title=\"&#132;NOVA IZDANJA&#147; &#8212; Institut za savremenu istoriju\" src=\"https:\/\/isi.co.rs\/nova-izdanja\/embed\/#?secret=SMCtgFdrjD\" data-secret=\"SMCtgFdrjD\" width=\"600\" height=\"338\" frameborder=\"0\" marginwidth=\"0\" marginheight=\"0\" scrolling=\"no\"><\/iframe>\n<\/div><\/figure>\n\n\n\n<figure class=\"wp-block-embed-wordpress wp-block-embed is-type-wp-embed is-provider-institut-za-savremenu-istoriju\"><div class=\"wp-block-embed__wrapper\">\n<blockquote class=\"wp-embedded-content\" data-secret=\"YlkQyeUGQb\"><a href=\"https:\/\/isi.co.rs\/gradjanstvo-u-velikom-ratu\/\">\u0413\u0420\u0410\u0402\u0410\u041d\u0421\u0422\u0412\u041e \u0423 \u0412\u0415\u041b\u0418\u041a\u041e\u041c \u0420\u0410\u0422\u0423 &#8211; \u0414\u041d\u0415\u0412\u041d\u0418\u0427\u041a\u0418 \u0417\u0410\u041f\u0418\u0421\u0418 \u041c\u041e\u0411\u0418\u041b\u0418\u0421\u0410\u041d\u0418\u0425 \u0421\u0420\u0411\u0410<\/a><\/blockquote><iframe loading=\"lazy\" class=\"wp-embedded-content\" sandbox=\"allow-scripts\" security=\"restricted\" style=\"position: absolute; clip: rect(1px, 1px, 1px, 1px);\" title=\"&#132;\u0413\u0420\u0410\u0402\u0410\u041d\u0421\u0422\u0412\u041e \u0423 \u0412\u0415\u041b\u0418\u041a\u041e\u041c \u0420\u0410\u0422\u0423 &#8211; \u0414\u041d\u0415\u0412\u041d\u0418\u0427\u041a\u0418 \u0417\u0410\u041f\u0418\u0421\u0418 \u041c\u041e\u0411\u0418\u041b\u0418\u0421\u0410\u041d\u0418\u0425 \u0421\u0420\u0411\u0410&#147; &#8212; Institut za savremenu istoriju\" src=\"https:\/\/isi.co.rs\/gradjanstvo-u-velikom-ratu\/embed\/#?secret=YlkQyeUGQb\" data-secret=\"YlkQyeUGQb\" width=\"600\" height=\"338\" frameborder=\"0\" marginwidth=\"0\" marginheight=\"0\" scrolling=\"no\"><\/iframe>\n<\/div><\/figure>\n\n\n\n<hr class=\"wp-block-separator\"\/>\n","protected":false},"excerpt":{"rendered":"","protected":false},"author":2,"featured_media":25620,"comment_status":"open","ping_status":"open","sticky":false,"template":"","format":"standard","meta":{"_acf_changed":false,"jetpack_post_was_ever_published":false,"_jetpack_newsletter_access":"","_jetpack_dont_email_post_to_subs":false,"_jetpack_newsletter_tier_id":0,"_jetpack_memberships_contains_paywalled_content":false,"_jetpack_memberships_contains_paid_content":false,"footnotes":"","jetpack_publicize_message":"","jetpack_publicize_feature_enabled":true,"jetpack_social_post_already_shared":true,"jetpack_social_options":{"image_generator_settings":{"template":"highway","default_image_id":0,"font":"","enabled":false},"version":2}},"categories":[8,3],"tags":[],"class_list":["post-25619","post","type-post","status-publish","format-standard","has-post-thumbnail","hentry","category-knjige","category-novosti"],"acf":{"facebook_opis":""},"jetpack_publicize_connections":[],"jetpack_featured_media_url":"https:\/\/i0.wp.com\/historiografija.hr\/wp-content\/uploads\/2021\/03\/dnevnicki-zapisi-mobilisanih-srba-veca.jpg?fit=357%2C500&ssl=1","jetpack_sharing_enabled":true,"jetpack-related-posts":[],"_links":{"self":[{"href":"https:\/\/historiografija.hr\/index.php?rest_route=\/wp\/v2\/posts\/25619","targetHints":{"allow":["GET"]}}],"collection":[{"href":"https:\/\/historiografija.hr\/index.php?rest_route=\/wp\/v2\/posts"}],"about":[{"href":"https:\/\/historiografija.hr\/index.php?rest_route=\/wp\/v2\/types\/post"}],"author":[{"embeddable":true,"href":"https:\/\/historiografija.hr\/index.php?rest_route=\/wp\/v2\/users\/2"}],"replies":[{"embeddable":true,"href":"https:\/\/historiografija.hr\/index.php?rest_route=%2Fwp%2Fv2%2Fcomments&post=25619"}],"version-history":[{"count":2,"href":"https:\/\/historiografija.hr\/index.php?rest_route=\/wp\/v2\/posts\/25619\/revisions"}],"predecessor-version":[{"id":25627,"href":"https:\/\/historiografija.hr\/index.php?rest_route=\/wp\/v2\/posts\/25619\/revisions\/25627"}],"wp:featuredmedia":[{"embeddable":true,"href":"https:\/\/historiografija.hr\/index.php?rest_route=\/wp\/v2\/media\/25620"}],"wp:attachment":[{"href":"https:\/\/historiografija.hr\/index.php?rest_route=%2Fwp%2Fv2%2Fmedia&parent=25619"}],"wp:term":[{"taxonomy":"category","embeddable":true,"href":"https:\/\/historiografija.hr\/index.php?rest_route=%2Fwp%2Fv2%2Fcategories&post=25619"},{"taxonomy":"post_tag","embeddable":true,"href":"https:\/\/historiografija.hr\/index.php?rest_route=%2Fwp%2Fv2%2Ftags&post=25619"}],"curies":[{"name":"wp","href":"https:\/\/api.w.org\/{rel}","templated":true}]}}