{"id":25616,"date":"2021-03-31T20:03:14","date_gmt":"2021-03-31T20:03:14","guid":{"rendered":"http:\/\/historiografija.hr\/?p=25616"},"modified":"2021-03-31T20:03:14","modified_gmt":"2021-03-31T20:03:14","slug":"dragan-damjanovic-veliki-zagrebacki-potresi","status":"publish","type":"post","link":"https:\/\/historiografija.hr\/?p=25616","title":{"rendered":"Dragan Damjanovi\u0107, \u201cVeliki zagreba\u010dki potresi\u201d"},"content":{"rendered":"\n<p>Povjesni\u010dar umjetnosti Dragan Damjanovi\u0107 u monografiji <em>Veliki zagreba\u010dki potresi<\/em> bavi se usporedbom dvaju potresa, prvog koji je pogodio Zagreb 1880. i drugog koji je grad zadesio 22. o\u017eujka 2020.<\/p>\n\n\n\n<p>Autor zanimljivo i stru\u010dno opisuje i uspore\u0111uje \u0161tetu nastalu na kulturnoumjetni\u010dkoj i arhitektonskoj ba\u0161tini grada Zagreba u prvom i u drugom potresu te nudi odgovore o obnovi kulturnih dobara u 19. stolje\u0107u, koja mo\u017ee pridonijeti promi\u0161ljanju budu\u0107e obnove grada i potresom nastradalih spomenika.<\/p>\n\n\n\n<p>Knjiga donosi vi\u0161e od 200 fotografija, koje zorno do\u010daravaju razmjere stradavanja kulturnih dobara u pro\u0161logodi\u0161njem potresu te postavlja pitanje kakve \u0107e dugoro\u010dne posljedice ostaviti razaranje i nestanak povijesne ba\u0161tine koja je sastavni dio nacionalnog identiteta.<\/p>\n\n\n\n<p>U posljednjem poglavlju autor opisuje i petrinjski potres te donosi pregled stradavanja crkvene i urbane arhitektonske ba\u0161tine na Banovini, uz velik broj ilustracija.<\/p>\n\n\n\n<p><em>Veliki zagreba\u010dki potresi<\/em> Dragana Damjanovi\u0107a vi\u0161e je nego aktualna knjiga, pisana zanimljivim jezikom, a po svojoj obuhvatnosti u pristupu zagreba\u010dkim potresima iz 1880. i 2020. u na\u0161oj literaturi nema premca.<\/p>\n\n\n\n<p><strong>* * * * * *<\/strong><\/p>\n\n\n\n<p>\u00bbKnjiga Dragana Damjanovi\u0107a ne bavi se samo pojedina\u010dnim spomenicima stradalim u potresu i njihovim obnovama, nego obuhva\u0107a \u0161iru kulturnopovijesnu sliku i politi\u010dku povijest grada i dr\u017eave, te organizacijske i financijske aspekte obnove. Ilustrativni dio knjige tako\u0111er je vrlo va\u017ean jer daje cjelovitu i usporednu sliku spomenika i dijelova grada nakon potresa 1880. i 2020.\u00ab (<strong>Irena Kra\u0161evac<\/strong>)<\/p>\n\n\n\n<p>Biblioteka Posebna izdanja, glavni urednik Luka \u0160eput, izvr\u0161na urednica Sandra Tribuson, recenzenti Irena Kra\u0161evac i Vlado Mik\u0161i\u0107, kazalo sastavila Sanja Deli\u0107, likovni urednik \u017deljko Podore\u0161ki, grafi\u010dki urednici\u00a0 Pavao Damjanovi\u0107 i Neven Osojnik. \u2014 Knjiga je opremljena kolor ilustracijama, sa\u017eetkom na engleskom jeziku (Summary), literaturom, bibliografijama o potresima i bibliografskim bilje\u0161kama o tekstovima objavljenim u knjizi<\/p>\n\n\n\n<hr class=\"wp-block-separator\"\/>\n\n\n\n<p>Autori<\/p>\n\n\n\n<p><strong>Dragan Damjanovi\u0107<\/strong><\/p>\n\n\n\n<p>Povjesni\u010dar umjetnosti (1978), redoviti profesor i predstojnik Katedre za modernu umjetnost i vizualne komunikacije na Odsjeku za povijest umjetnosti Filozofskoga fakulteta Sveu\u010dili\u0161ta u Zagrebu. Autor 15 knjiga i brojnih znantvenih i stru\u010dnih radova objavljenih u periodici o povijesti arhitekture, slikarstva i skulpture od kraja 18. do sredine 20. stolje\u0107a<\/p>\n\n\n\n<hr class=\"wp-block-separator\"\/>\n\n\n\n<ul class=\"wp-block-list\"><li>biblioteka: <a href=\"https:\/\/www.matica.hr\/knjige\/biblioteka\/27\/\"><strong>POSEBNA IZDANJA<\/strong><\/a><\/li><li>cijena: <strong>250,00<\/strong> kn<\/li><li>broj stranica: <strong>330<\/strong><\/li><li>uvez: <strong>uvez bro\u0161iran i pro\u0161iven<\/strong><\/li><li>dimenzije: <strong>20 x 27 cm<\/strong><\/li><li>godina izdanja: <a href=\"https:\/\/www.matica.hr\/knjige\/godina\/2021\/\"><strong>2021.<\/strong><\/a><\/li><li>izdava\u010d: <strong>Matica hrvatska<\/strong><\/li><li>mjesto: <strong>Zagreb<\/strong><\/li><li>ISBN: <strong>978-953-341-200-9<\/strong><\/li><li>podru\u010dje: <strong><a href=\"https:\/\/www.matica.hr\/knjige\/podrucje\/arhitektura\">arhitektura<\/a>, <a href=\"https:\/\/www.matica.hr\/knjige\/podrucje\/povijest%20umjetnosti\">povijest umjetnosti<\/a><\/strong><\/li><\/ul>\n\n\n\n<p>PDF-ovi:<\/p>\n\n\n\n<p>&#8211; Sadr\u017eaj<\/p>\n\n\n\n<p>&#8211; O knjizi<\/p>\n\n\n\n<p>&#8211; UVOD \u2013 ZAGREBA\u010cKI POTRESI 1880. I 2020.<\/p>\n\n\n\n<p>&#8211; Summary<\/p>\n\n\n\n<p><a href=\"https:\/\/www.matica.hr\/knjige\/veliki-zagrebacki-potresi-1341\/\">https:\/\/www.matica.hr\/knjige\/veliki-zagrebacki-potresi-1341\/<\/a><\/p>\n\n\n\n<hr class=\"wp-block-separator\"\/>\n","protected":false},"excerpt":{"rendered":"","protected":false},"author":2,"featured_media":25617,"comment_status":"open","ping_status":"open","sticky":false,"template":"","format":"standard","meta":{"_acf_changed":false,"jetpack_post_was_ever_published":false,"_jetpack_newsletter_access":"","_jetpack_dont_email_post_to_subs":false,"_jetpack_newsletter_tier_id":0,"_jetpack_memberships_contains_paywalled_content":false,"_jetpack_memberships_contains_paid_content":false,"footnotes":"","jetpack_publicize_message":"","jetpack_publicize_feature_enabled":true,"jetpack_social_post_already_shared":true,"jetpack_social_options":{"image_generator_settings":{"template":"highway","default_image_id":0,"font":"","enabled":false},"version":2}},"categories":[8,3],"tags":[],"class_list":["post-25616","post","type-post","status-publish","format-standard","has-post-thumbnail","hentry","category-knjige","category-novosti"],"acf":{"facebook_opis":""},"jetpack_publicize_connections":[],"jetpack_featured_media_url":"https:\/\/i0.wp.com\/historiografija.hr\/wp-content\/uploads\/2021\/03\/veliki-zagrebacki-potresi.jpeg?fit=300%2C390&ssl=1","jetpack_sharing_enabled":true,"jetpack-related-posts":[],"_links":{"self":[{"href":"https:\/\/historiografija.hr\/index.php?rest_route=\/wp\/v2\/posts\/25616","targetHints":{"allow":["GET"]}}],"collection":[{"href":"https:\/\/historiografija.hr\/index.php?rest_route=\/wp\/v2\/posts"}],"about":[{"href":"https:\/\/historiografija.hr\/index.php?rest_route=\/wp\/v2\/types\/post"}],"author":[{"embeddable":true,"href":"https:\/\/historiografija.hr\/index.php?rest_route=\/wp\/v2\/users\/2"}],"replies":[{"embeddable":true,"href":"https:\/\/historiografija.hr\/index.php?rest_route=%2Fwp%2Fv2%2Fcomments&post=25616"}],"version-history":[{"count":1,"href":"https:\/\/historiografija.hr\/index.php?rest_route=\/wp\/v2\/posts\/25616\/revisions"}],"predecessor-version":[{"id":25618,"href":"https:\/\/historiografija.hr\/index.php?rest_route=\/wp\/v2\/posts\/25616\/revisions\/25618"}],"wp:featuredmedia":[{"embeddable":true,"href":"https:\/\/historiografija.hr\/index.php?rest_route=\/wp\/v2\/media\/25617"}],"wp:attachment":[{"href":"https:\/\/historiografija.hr\/index.php?rest_route=%2Fwp%2Fv2%2Fmedia&parent=25616"}],"wp:term":[{"taxonomy":"category","embeddable":true,"href":"https:\/\/historiografija.hr\/index.php?rest_route=%2Fwp%2Fv2%2Fcategories&post=25616"},{"taxonomy":"post_tag","embeddable":true,"href":"https:\/\/historiografija.hr\/index.php?rest_route=%2Fwp%2Fv2%2Ftags&post=25616"}],"curies":[{"name":"wp","href":"https:\/\/api.w.org\/{rel}","templated":true}]}}