{"id":25613,"date":"2021-03-30T20:16:40","date_gmt":"2021-03-30T20:16:40","guid":{"rendered":"http:\/\/historiografija.hr\/?p=25613"},"modified":"2021-03-30T20:16:40","modified_gmt":"2021-03-30T20:16:40","slug":"odd-arne-westad-povijest-hladnog-rata","status":"publish","type":"post","link":"https:\/\/historiografija.hr\/?p=25613","title":{"rendered":"Odd Arne Westad, \u201cPovijest Hladnog rata\u201d"},"content":{"rendered":"\n<p>Hladni rat, sukob kapitalizma i socijalizma koji je potrajao od 1945. do 1989., u\u010dvrstio je svjetsku prevlast supersila i stvorio svijet u kojem su mo\u0107 i nasilje \u2013 ili prijetnja nasiljem \u2013 osnovna mjerila me\u0111unarodnih odnosa. U <em>Povijesti Hladnog rata<\/em> norve\u0161ki povjesni\u010dar s Yalea Odd Arne Westad promatra Hladni rat kao globalnu pojavu u perspektivi od stotinu godina, od prve svjetske krize kapitalizma krajem 19. stolje\u0107a kad transkontinentalni imperiji \u2013 SAD i Rusija \u2013 kre\u0107u u ekspanziju, do po\u010detka devedesetih godina 20. stolje\u0107a, pada Berlinskog zida i raspada Sovjetskog Saveza, kad Sjedinjene Dr\u017eave postaju neprikosnoveni globalni hegemon. Westad ne analizira samo utjecaj Hladnog rata na uspon ameri\u010dke mo\u0107i i poraz komunizma sovjetskog tipa ve\u0107 i na pobjedu demokratskog konsenzusa institucionaliziranog u Europskoj uniji, duboke ideolo\u0161ke podjele latinskoameri\u010dkih dru\u0161tava, kao i politi\u010dku i dru\u0161tvenu revoluciju u Kini. Sjajno napisana, prava riznica povijesnih izvora i izuzetno \u0161irokog uvida, <em>Povijest Hladnog rata<\/em> neizostavno je djelo za razumijevanje bipolarnosti na\u0161e nedavne povijesti i geopoliti\u010dkih pukotina \u010dije posljedice itekako osje\u0107amo i u 21. stolje\u0107u.<\/p>\n\n\n\n<hr class=\"wp-block-separator\"\/>\n\n\n\n<p>\u201cEpsko djelo\u2026 Razlog zbog kojeg je Westadovo pripovijedanje tako sna\u017eno njegovo je kori\u0161tenje svje\u017eih arhivskih izvora iz svih krajeva svijeta. Koliko je opse\u017ean bio Hladni rat? Lako je odgovoriti: bio je golem, kao \u0161to to pokazuje ova knjiga, i to ne samo zbog svojih pogibeljnih \u00faloga ve\u0107 i zbog veli\u010dine dvaju glavnih aktera. Koliko je dubok bio Hladni rat? I na to je pitanje lako odgovoriti, \u0161to Westad sjajno pokazuje navode\u0107i do kojih je sve kutaka svijeta Hladni rat do\u0161ao, bez obzira na njihovu udaljenost od Berlinskog zida.\u201d \u2013 <em>Wall Street Journal<\/em><\/p>\n\n\n\n<p>\u201cJasan i lijepo napisan sa\u017eetak globalnog sukoba \u2013 impresivna knjiga!\u201d \u2013 <em>The Times<\/em><\/p>\n\n\n\n<p>\u201cBogata detaljima prona\u0111enim u arhivskim istra\u017eivanjima i intervjuima s politi\u010darima, vojnicima, znanstvenicima i drugima koji su \u017eivjeli u eri Hladnoga rata. Westad, kao stru\u010dnjak za Kinu i za Hladni rat, dodaje vrijednu dimenziju poglavljima posve\u0107enima azijskim zemljama i Latinskoj Americi. Ambiciozno istra\u017eivanje, o\u0161troumno i \u0161iroke perspektive.\u201d \u2013 <em>Financial Times<\/em><\/p>\n\n\n\n<p>\u201cOva knjiga sti\u017ee u trenutku kad moramo spoznati dinamiku Hladnog rata ako \u017eelimo razumjeti neke od najva\u017enijih svjetskih zbivanja, od sjevernokorejskog razvoja nuklearnog arsenala, do uspona socijalisti\u010dkih pokreta u zapadnim demokracijama.\u201d \u2013 New Republic<\/p>\n\n\n\n<p>\u201cVelika, ozbiljna i vrlo mudra studija Hladnog rata.\u201d \u2013 <em>New York Review of Books<\/em><\/p>\n\n\n\n<p>\u201cSveobuhvatno djelo\u2026 U dobro promi\u0161ljenim, tematskim poglavljima povjesni\u010dar Westad, dobitnik Nagrade Bancroft, pokazuje sjajno razumijevanje ideolo\u0161kih sukoba koji su praskali od kraja 19. stolje\u0107a, a tvorili su okosnicu Hladnog rata. To je silna pri\u010da, a pisac je iznosi sa zadivljuju\u0107om jasno\u0107om i elegancijom. Povijesna lekcija na\u0161ega doba koja dolazi u pravom trenutku.\u201d \u2013 <em>Kirkus Reviews<\/em><\/p>\n\n\n\n<p>\u201cWestad ve\u0107 dugo tvrdi kako je Hladni rat napravio svijet ovakvim kakav je danas. Ovo je njegovo djelo rje\u010dita argumentacija tog stava, napisana tako da se u\u017eiva u \u010ditanju.\u201d \u2013 <em>Foreign Policy<\/em><\/p>\n\n\n\n<hr class=\"wp-block-separator\"\/>\n\n\n\n<p>Jezik izvornika: engleski<\/p>\n\n\n\n<p>Prijevod: Vuk Peri\u0161i\u0107<\/p>\n\n\n\n<p>Broj stranica: 712<\/p>\n\n\n\n<p>Datum izdanja: velja\u010da 2021.<\/p>\n\n\n\n<p>ISBN: 978-953358313-6<\/p>\n\n\n\n<p>Naslov izvornika: The Cold War<\/p>\n\n\n\n<hr class=\"wp-block-separator\"\/>\n\n\n\n<p>Izvor: <a href=\"https:\/\/fraktura.hr\/povijest-hladnog-rata.html\">https:\/\/fraktura.hr\/povijest-hladnog-rata.html<\/a><\/p>\n\n\n\n<hr class=\"wp-block-separator\"\/>\n","protected":false},"excerpt":{"rendered":"","protected":false},"author":2,"featured_media":25614,"comment_status":"open","ping_status":"open","sticky":false,"template":"","format":"standard","meta":{"_acf_changed":false,"jetpack_post_was_ever_published":false,"_jetpack_newsletter_access":"","_jetpack_dont_email_post_to_subs":false,"_jetpack_newsletter_tier_id":0,"_jetpack_memberships_contains_paywalled_content":false,"_jetpack_memberships_contains_paid_content":false,"footnotes":"","jetpack_publicize_message":"","jetpack_publicize_feature_enabled":true,"jetpack_social_post_already_shared":true,"jetpack_social_options":{"image_generator_settings":{"template":"highway","default_image_id":0,"font":"","enabled":false},"version":2}},"categories":[8,3],"tags":[],"class_list":["post-25613","post","type-post","status-publish","format-standard","has-post-thumbnail","hentry","category-knjige","category-novosti"],"acf":{"facebook_opis":""},"jetpack_publicize_connections":[],"jetpack_featured_media_url":"https:\/\/i0.wp.com\/historiografija.hr\/wp-content\/uploads\/2021\/03\/povijest_hladnog_rata.jpg?fit=403%2C610&ssl=1","jetpack_sharing_enabled":true,"jetpack-related-posts":[],"_links":{"self":[{"href":"https:\/\/historiografija.hr\/index.php?rest_route=\/wp\/v2\/posts\/25613","targetHints":{"allow":["GET"]}}],"collection":[{"href":"https:\/\/historiografija.hr\/index.php?rest_route=\/wp\/v2\/posts"}],"about":[{"href":"https:\/\/historiografija.hr\/index.php?rest_route=\/wp\/v2\/types\/post"}],"author":[{"embeddable":true,"href":"https:\/\/historiografija.hr\/index.php?rest_route=\/wp\/v2\/users\/2"}],"replies":[{"embeddable":true,"href":"https:\/\/historiografija.hr\/index.php?rest_route=%2Fwp%2Fv2%2Fcomments&post=25613"}],"version-history":[{"count":1,"href":"https:\/\/historiografija.hr\/index.php?rest_route=\/wp\/v2\/posts\/25613\/revisions"}],"predecessor-version":[{"id":25615,"href":"https:\/\/historiografija.hr\/index.php?rest_route=\/wp\/v2\/posts\/25613\/revisions\/25615"}],"wp:featuredmedia":[{"embeddable":true,"href":"https:\/\/historiografija.hr\/index.php?rest_route=\/wp\/v2\/media\/25614"}],"wp:attachment":[{"href":"https:\/\/historiografija.hr\/index.php?rest_route=%2Fwp%2Fv2%2Fmedia&parent=25613"}],"wp:term":[{"taxonomy":"category","embeddable":true,"href":"https:\/\/historiografija.hr\/index.php?rest_route=%2Fwp%2Fv2%2Fcategories&post=25613"},{"taxonomy":"post_tag","embeddable":true,"href":"https:\/\/historiografija.hr\/index.php?rest_route=%2Fwp%2Fv2%2Ftags&post=25613"}],"curies":[{"name":"wp","href":"https:\/\/api.w.org\/{rel}","templated":true}]}}