{"id":25593,"date":"2021-03-29T20:37:45","date_gmt":"2021-03-29T20:37:45","guid":{"rendered":"http:\/\/historiografija.hr\/?p=25593"},"modified":"2021-03-29T20:37:45","modified_gmt":"2021-03-29T20:37:45","slug":"hrvoje-juric-pandemija-kao-simptom","status":"publish","type":"post","link":"https:\/\/historiografija.hr\/?p=25593","title":{"rendered":"Hrvoje Juri\u0107, \u201cPandemija kao simptom\u201d"},"content":{"rendered":"\n<p>Krajem 2019. godine u kineskom gradu Wuhanu pojavio se novi virus, koji \u0107e biti nazvan <em>SARS-CoV-2<\/em> ili, popularno, <em>koronavirus<\/em>, a koji izaziva bolest nazvanu <em>COVID-19<\/em>. Virus se uskoro pro\u0161irio svijetom, tako da je po\u010detkom o\u017eujka 2020. godine Svjetska zdravstvena organizacija proglasila epidemiju svjetskih razmjera, odnosno <em>pandemiju<\/em>, \u0161to je, tako\u0111er u svjetskim razmjerima, rezultiralo nevi\u0111eno brzom i opse\u017enom reorganizacijom \u017eivota, svojevrsnim izvanrednim stanjem, \u010dije \u0107e se posljedice na mnogim razinama osje\u0107ati jo\u0161 dugo vremena, kad god pandemija minula. U tekstovima koje je pisao od po\u010detka krize, od o\u017eujka do rujna 2020. godine, Hrvoje Juri\u0107 pristupa pandemiolo\u0161kim problemima iz filozofske i bioeti\u010dke perspektive, \u010desto se oslanjaju\u0107i na anarhizam i poeziju, te tvrdi da ova pandemija nije samo stvar bolesti izazvane odre\u0111enim virusom, nego je i simptom dublje ukorijenjenih socijalnih, politi\u010dkih i kulturnih bolesti \u010dovje\u010danstva.<\/p>\n\n\n\n<hr class=\"wp-block-separator\"\/>\n\n\n\n<p>Izvor: <a href=\"https:\/\/www.daf.hr\/novosti\/pandemija-kao-simptom\">https:\/\/www.daf.hr\/novosti\/pandemija-kao-simptom<\/a><\/p>\n\n\n\n<hr class=\"wp-block-separator\"\/>\n","protected":false},"excerpt":{"rendered":"","protected":false},"author":2,"featured_media":25594,"comment_status":"open","ping_status":"open","sticky":false,"template":"","format":"standard","meta":{"_acf_changed":false,"jetpack_post_was_ever_published":false,"_jetpack_newsletter_access":"","_jetpack_dont_email_post_to_subs":false,"_jetpack_newsletter_tier_id":0,"_jetpack_memberships_contains_paywalled_content":false,"_jetpack_memberships_contains_paid_content":false,"footnotes":"","jetpack_publicize_message":"","jetpack_publicize_feature_enabled":true,"jetpack_social_post_already_shared":true,"jetpack_social_options":{"image_generator_settings":{"template":"highway","default_image_id":0,"font":"","enabled":false},"version":2}},"categories":[8,3],"tags":[],"class_list":["post-25593","post","type-post","status-publish","format-standard","has-post-thumbnail","hentry","category-knjige","category-novosti"],"acf":{"facebook_opis":""},"jetpack_publicize_connections":[],"jetpack_featured_media_url":"https:\/\/i0.wp.com\/historiografija.hr\/wp-content\/uploads\/2021\/03\/pandemija-DAF.jpg?fit=571%2C790&ssl=1","jetpack_sharing_enabled":true,"jetpack-related-posts":[],"_links":{"self":[{"href":"https:\/\/historiografija.hr\/index.php?rest_route=\/wp\/v2\/posts\/25593","targetHints":{"allow":["GET"]}}],"collection":[{"href":"https:\/\/historiografija.hr\/index.php?rest_route=\/wp\/v2\/posts"}],"about":[{"href":"https:\/\/historiografija.hr\/index.php?rest_route=\/wp\/v2\/types\/post"}],"author":[{"embeddable":true,"href":"https:\/\/historiografija.hr\/index.php?rest_route=\/wp\/v2\/users\/2"}],"replies":[{"embeddable":true,"href":"https:\/\/historiografija.hr\/index.php?rest_route=%2Fwp%2Fv2%2Fcomments&post=25593"}],"version-history":[{"count":1,"href":"https:\/\/historiografija.hr\/index.php?rest_route=\/wp\/v2\/posts\/25593\/revisions"}],"predecessor-version":[{"id":25595,"href":"https:\/\/historiografija.hr\/index.php?rest_route=\/wp\/v2\/posts\/25593\/revisions\/25595"}],"wp:featuredmedia":[{"embeddable":true,"href":"https:\/\/historiografija.hr\/index.php?rest_route=\/wp\/v2\/media\/25594"}],"wp:attachment":[{"href":"https:\/\/historiografija.hr\/index.php?rest_route=%2Fwp%2Fv2%2Fmedia&parent=25593"}],"wp:term":[{"taxonomy":"category","embeddable":true,"href":"https:\/\/historiografija.hr\/index.php?rest_route=%2Fwp%2Fv2%2Fcategories&post=25593"},{"taxonomy":"post_tag","embeddable":true,"href":"https:\/\/historiografija.hr\/index.php?rest_route=%2Fwp%2Fv2%2Ftags&post=25593"}],"curies":[{"name":"wp","href":"https:\/\/api.w.org\/{rel}","templated":true}]}}