{"id":25589,"date":"2021-03-29T20:28:29","date_gmt":"2021-03-29T20:28:29","guid":{"rendered":"http:\/\/historiografija.hr\/?p=25589"},"modified":"2021-03-29T20:28:29","modified_gmt":"2021-03-29T20:28:29","slug":"tomislav-pletenac-kako-zagreb-izranja-iz-sna-stvaranje-postsocijalistickog-grada","status":"publish","type":"post","link":"https:\/\/historiografija.hr\/?p=25589","title":{"rendered":"Tomislav Pletenac, &#8216;Kako Zagreb izranja iz sna. Stvaranje postsocijalisti\u010dkog grada&#8217;"},"content":{"rendered":"\n<p>Tema grada i njegove dru\u0161tveno-kulturne slojevitosti ve\u0107 dugo zaokuplja interes znanstvenika sa razli\u010ditih gledi\u0161ta. Tomislav Pletenac analizira grad Zagreb kao povijesno promjenjivu sponu raznih dru\u0161tveno-kulturnih zna\u010denja, nagla\u0161avaju\u0107i umre\u017eenost gospodarskih, dru\u0161tvenih i politi\u010dkih pitanja, analiziraju\u0107i razne kulturne i urbane politike, politike sje\u0107anja, kao i njihove u\u010dinke (kako kroz njihovo prihva\u0107anje tako i kroz otpore koje su izazvale). Djelo \u0107e zasigurno otvoriti brojna pitanja te poslu\u017eiti kao podloga va\u017enim raspravama o promi\u0161ljanju grada.<\/p>\n\n\n\n<p>\u201eU knjizi Kako Zagreb izranja iz sna autor u sredi\u0161te zanimanja postavlja pojedine gra\u0111evine koje ilustriraju isprepletenost fizi\u010dkog prostora s dru\u0161tvenim kontekstom u kojem je takav prostor nastajao. I\u0161\u010ditavaju\u0107i \u017eivot tih prostora autor nam daje uvid u neke od elemenata koji stvaraju postsocijalisti\u010dko odnosno tranzicijsko dru\u0161tvo. Dislokacija, fragmentacija i diskontinuitet temeljni su pojmovi na koje autor nailazi istra\u017euju\u0107i gradske prostore: Importane centar, Muzej suvremene umjetnosti, spomenike Oltar domovine, Zid boli i Spomenik domovini, Var\u0161avsku ulicu i Trg \u017ertava fa\u0161izma. Kraj knjige umjesto zaklju\u010dka donosi analizu posljedica potresa koji je osim zgrada pogodio dru\u0161tvo. Pukotine na ku\u0107ama tako su ujedno i pukotine u dru\u0161tvenom tkivu Zagreba. Pitanje ho\u0107e li krenuti sanacija tih pukotina dru\u0161tva ostaje otvoreno. O sanaciji dru\u0161tva ovisit \u0107e i sanacija fizi\u010dkog prostora Donjeg grada.\u201c<\/p>\n\n\n\n<p>-Iz recenzije Sandre Uskokovi\u0107<\/p>\n\n\n\n<p>\u201eKnjiga Kako Zagreb izranja iz sna \u010ditanje je prostorne izvedbe grada Zagreba kao svojevrsnog diskursa koji uklju\u010duje kompleksna vremenska preklapanja i izmje\u0161tanja (socijalizam\/postsocijalizam). Autor nas vodi i kroz osobnu topografiju urbanog prostora: podzemlje, trgova\u010dki centri, spomenici, muzeji, a na kraju analizira u\u010dinke potresa od 22. o\u017eujka 2020. Knjiga se primarno isti\u010de pristupom koji uzima u obzir zamr\u0161ene odnose kroz koje se grad do\u017eivljava, mijenja i oblikuje. Toponimi u Zagrebu koje autor analizira tako slu\u017ee kao podloga za promi\u0161ljanje odre\u0111enih problema \u2013 javno\/privatno, tr\u017ei\u0161ni odnosi, urbana hijerarhija \u2013 na na\u010din koji nadilazi disciplinarne ograde te otvara interdisciplinarno polje za raspravu.\u201c<\/p>\n\n\n\n<p>-Iz recenzije Senke Bo\u017ei\u0107 Vrban\u010di\u0107<\/p>\n\n\n\n<hr class=\"wp-block-separator\"\/>\n\n\n\n<p>O autoru<\/p>\n\n\n\n<p><strong>Tomislav Pletenac<\/strong><\/p>\n\n\n\n<p>Tomislav Pletenac ro\u0111en je 1967. godine. Studirao je na Tehni\u010dkom fakultetu u Mariboru, gdje je stekao zvanje in\u017eenjera informatike. Nakon toga studirao je te diplomirao etnologiju i muzeologiju na Filozofskom fakultetu u Zagrebu. Od 1995. radi kao znanstveni novak na istoj ustanovi, a nakon ste\u010denih zvanja magistra te doktora etnologije, postaje docent na Odsjeku za etnologiju i kulturnu antropologiju Filozofskog fakulteta. Danas je redovni profesor na istom odjelu<\/p>\n\n\n\n<hr class=\"wp-block-separator\"\/>\n\n\n\n<p>Nakladnik: Naklada Ljevak<\/p>\n\n\n\n<p>Broj stranica: 120<\/p>\n\n\n\n<p>Godina izdanja: 2021<\/p>\n\n\n\n<hr class=\"wp-block-separator\"\/>\n\n\n\n<p>Izvor:<\/p>\n\n\n\n<p><a href=\"https:\/\/www.ljevak.hr\/publicistika\/26203-kako-zagreb-izranja-iz-sna.html\">https:\/\/www.ljevak.hr\/publicistika\/26203-kako-zagreb-izranja-iz-sna.html<\/a><\/p>\n\n\n\n<hr class=\"wp-block-separator\"\/>\n\n\n\n<p>Iz medija:<\/p>\n\n\n\n<p><a href=\"https:\/\/www.glasistre.hr\/kultura\/objavljena-knjiga-tomislava-pletenca-kako-zagreb-izranja-iz-sna-709718\">https:\/\/www.glasistre.hr\/kultura\/objavljena-knjiga-tomislava-pletenca-kako-zagreb-izranja-iz-sna-709718<\/a><\/p>\n\n\n\n<hr class=\"wp-block-separator\"\/>\n","protected":false},"excerpt":{"rendered":"","protected":false},"author":2,"featured_media":25590,"comment_status":"open","ping_status":"open","sticky":false,"template":"","format":"standard","meta":{"_acf_changed":false,"jetpack_post_was_ever_published":false,"_jetpack_newsletter_access":"","_jetpack_dont_email_post_to_subs":false,"_jetpack_newsletter_tier_id":0,"_jetpack_memberships_contains_paywalled_content":false,"_jetpack_memberships_contains_paid_content":false,"footnotes":"","jetpack_publicize_message":"","jetpack_publicize_feature_enabled":true,"jetpack_social_post_already_shared":true,"jetpack_social_options":{"image_generator_settings":{"template":"highway","default_image_id":0,"font":"","enabled":false},"version":2}},"categories":[8,3],"tags":[],"class_list":["post-25589","post","type-post","status-publish","format-standard","has-post-thumbnail","hentry","category-knjige","category-novosti"],"acf":{"facebook_opis":""},"jetpack_publicize_connections":[],"jetpack_featured_media_url":"https:\/\/i0.wp.com\/historiografija.hr\/wp-content\/uploads\/2021\/03\/kako-zagreb-izranja-iz-sna.jpg?fit=570%2C678&ssl=1","jetpack_sharing_enabled":true,"jetpack-related-posts":[],"_links":{"self":[{"href":"https:\/\/historiografija.hr\/index.php?rest_route=\/wp\/v2\/posts\/25589","targetHints":{"allow":["GET"]}}],"collection":[{"href":"https:\/\/historiografija.hr\/index.php?rest_route=\/wp\/v2\/posts"}],"about":[{"href":"https:\/\/historiografija.hr\/index.php?rest_route=\/wp\/v2\/types\/post"}],"author":[{"embeddable":true,"href":"https:\/\/historiografija.hr\/index.php?rest_route=\/wp\/v2\/users\/2"}],"replies":[{"embeddable":true,"href":"https:\/\/historiografija.hr\/index.php?rest_route=%2Fwp%2Fv2%2Fcomments&post=25589"}],"version-history":[{"count":1,"href":"https:\/\/historiografija.hr\/index.php?rest_route=\/wp\/v2\/posts\/25589\/revisions"}],"predecessor-version":[{"id":25591,"href":"https:\/\/historiografija.hr\/index.php?rest_route=\/wp\/v2\/posts\/25589\/revisions\/25591"}],"wp:featuredmedia":[{"embeddable":true,"href":"https:\/\/historiografija.hr\/index.php?rest_route=\/wp\/v2\/media\/25590"}],"wp:attachment":[{"href":"https:\/\/historiografija.hr\/index.php?rest_route=%2Fwp%2Fv2%2Fmedia&parent=25589"}],"wp:term":[{"taxonomy":"category","embeddable":true,"href":"https:\/\/historiografija.hr\/index.php?rest_route=%2Fwp%2Fv2%2Fcategories&post=25589"},{"taxonomy":"post_tag","embeddable":true,"href":"https:\/\/historiografija.hr\/index.php?rest_route=%2Fwp%2Fv2%2Ftags&post=25589"}],"curies":[{"name":"wp","href":"https:\/\/api.w.org\/{rel}","templated":true}]}}