{"id":25577,"date":"2021-03-26T23:07:31","date_gmt":"2021-03-26T23:07:31","guid":{"rendered":"http:\/\/historiografija.hr\/?p=25577"},"modified":"2021-03-26T23:07:31","modified_gmt":"2021-03-26T23:07:31","slug":"susret-sjecanja-radionica-o-fotografiji-i-sjecanju-poziv-za-sudionike","status":"publish","type":"post","link":"https:\/\/historiografija.hr\/?p=25577","title":{"rendered":"Susret sje\u0107anja: radionica o fotografiji i sje\u0107anju \/ Poziv za sudionike"},"content":{"rendered":"\n<p>Me\u0111unarodna radionica \u201eSusret sje\u0107anja\u201c nudi prostor sudionicima iz \u0161est razli\u010ditih zemalja za susrete i razgovore o temama kulture sje\u0107anja, komemorativnih praksi, suvremene povijesti i razli\u010ditim totalitarnim re\u017eimima kroz prizmu fotografije.<\/p>\n\n\n\n<p>Radionica povezuje teorijske i prakti\u010dne sesije, koje \u0107e voditi suradnici Documente i partnerskih organizacija. Imat \u0107e hibridni format, s internacionalnim online sesijama koje \u0107e voditi fotografi Sandra Vitalji\u0107 i Sa\u0161a Kralj, kojima \u0107e slijediti studijske posjete lokalnim mjestima sje\u0107anja.<\/p>\n\n\n\n<p>Sudionici iz Hrvatske sudjelovat \u0107e u posjetu Spomen podru\u010dju Jasenovac na dan godi\u0161nje komemoracije, ukoliko to dopuste mjere u vrijeme pandemije.<\/p>\n\n\n\n<p>U radionici mo\u017ee\u0161 sudjelovati ako ima\u0161 vi\u0161e od 18 godina i ako \u017eivi\u0161 u jednoj od partnerskih zemalja (Bosna i Hercegovina, Hrvatska, Njema\u010dka, Italija, Srbija i Slovenija).<\/p>\n\n\n\n<p>Ako ho\u0107e\u0161 saznati vi\u0161e i prijaviti se na radionicu, preuzmi info paket i poziv u prilogu!<\/p>\n\n\n\n<p>Projekt je sufinanciran iz programa Europske Unije Europe za gra\u0111ane.<\/p>\n\n\n\n<hr class=\"wp-block-separator\"\/>\n\n\n\n<p>Fotografija: \u201cBlooming Avenue\u201d @saldacani \/\/ Izvorne fotografije iz: Epoca. Sv. 706. Arnoldo Mondadori Editore, 1964. 55. i Muench, David. Desert Springscape. U The Desert Realm. National Geographic Society, 1982. str. 64. Talijansko izdanje, 1987<\/p>\n\n\n\n<hr class=\"wp-block-separator\"\/>\n\n\n\n<p>Izvor:<\/p>\n\n\n\n<figure class=\"wp-block-embed-wordpress wp-block-embed is-type-wp-embed is-provider-documenta\"><div class=\"wp-block-embed__wrapper\">\n<blockquote class=\"wp-embedded-content\" data-secret=\"5hXyuJ3Vzx\"><a href=\"https:\/\/documenta.hr\/novosti\/susret-sjecanja-radionica-o-fotografiji-i-sjecanju-poziv-za-sudionike\/\">Susret Sje\u0107anja: radionica o fotografiji i sje\u0107anju \/ Poziv za sudionike<\/a><\/blockquote><iframe loading=\"lazy\" class=\"wp-embedded-content\" sandbox=\"allow-scripts\" security=\"restricted\" style=\"position: absolute; clip: rect(1px, 1px, 1px, 1px);\" title=\"&#8220;Susret Sje\u0107anja: radionica o fotografiji i sje\u0107anju \/ Poziv za sudionike&#8221; &#8212; Documenta\" src=\"https:\/\/documenta.hr\/novosti\/susret-sjecanja-radionica-o-fotografiji-i-sjecanju-poziv-za-sudionike\/embed\/#?secret=5hXyuJ3Vzx\" data-secret=\"5hXyuJ3Vzx\" width=\"600\" height=\"338\" frameborder=\"0\" marginwidth=\"0\" marginheight=\"0\" scrolling=\"no\"><\/iframe>\n<\/div><\/figure>\n\n\n\n<hr class=\"wp-block-separator\"\/>\n","protected":false},"excerpt":{"rendered":"","protected":false},"author":2,"featured_media":25578,"comment_status":"open","ping_status":"open","sticky":false,"template":"","format":"standard","meta":{"_acf_changed":false,"jetpack_post_was_ever_published":false,"_jetpack_newsletter_access":"","_jetpack_dont_email_post_to_subs":false,"_jetpack_newsletter_tier_id":0,"_jetpack_memberships_contains_paywalled_content":false,"_jetpack_memberships_contains_paid_content":false,"footnotes":"","jetpack_publicize_message":"","jetpack_publicize_feature_enabled":true,"jetpack_social_post_already_shared":true,"jetpack_social_options":{"image_generator_settings":{"template":"highway","default_image_id":0,"font":"","enabled":false},"version":2}},"categories":[3,9],"tags":[],"class_list":["post-25577","post","type-post","status-publish","format-standard","has-post-thumbnail","hentry","category-novosti","category-skupovi"],"acf":{"facebook_opis":""},"jetpack_publicize_connections":[],"jetpack_featured_media_url":"https:\/\/i0.wp.com\/historiografija.hr\/wp-content\/uploads\/2021\/03\/meme_poziv.png?fit=852%2C593&ssl=1","jetpack_sharing_enabled":true,"jetpack-related-posts":[],"_links":{"self":[{"href":"https:\/\/historiografija.hr\/index.php?rest_route=\/wp\/v2\/posts\/25577","targetHints":{"allow":["GET"]}}],"collection":[{"href":"https:\/\/historiografija.hr\/index.php?rest_route=\/wp\/v2\/posts"}],"about":[{"href":"https:\/\/historiografija.hr\/index.php?rest_route=\/wp\/v2\/types\/post"}],"author":[{"embeddable":true,"href":"https:\/\/historiografija.hr\/index.php?rest_route=\/wp\/v2\/users\/2"}],"replies":[{"embeddable":true,"href":"https:\/\/historiografija.hr\/index.php?rest_route=%2Fwp%2Fv2%2Fcomments&post=25577"}],"version-history":[{"count":1,"href":"https:\/\/historiografija.hr\/index.php?rest_route=\/wp\/v2\/posts\/25577\/revisions"}],"predecessor-version":[{"id":25579,"href":"https:\/\/historiografija.hr\/index.php?rest_route=\/wp\/v2\/posts\/25577\/revisions\/25579"}],"wp:featuredmedia":[{"embeddable":true,"href":"https:\/\/historiografija.hr\/index.php?rest_route=\/wp\/v2\/media\/25578"}],"wp:attachment":[{"href":"https:\/\/historiografija.hr\/index.php?rest_route=%2Fwp%2Fv2%2Fmedia&parent=25577"}],"wp:term":[{"taxonomy":"category","embeddable":true,"href":"https:\/\/historiografija.hr\/index.php?rest_route=%2Fwp%2Fv2%2Fcategories&post=25577"},{"taxonomy":"post_tag","embeddable":true,"href":"https:\/\/historiografija.hr\/index.php?rest_route=%2Fwp%2Fv2%2Ftags&post=25577"}],"curies":[{"name":"wp","href":"https:\/\/api.w.org\/{rel}","templated":true}]}}