{"id":25573,"date":"2021-03-26T23:00:13","date_gmt":"2021-03-26T23:00:13","guid":{"rendered":"http:\/\/historiografija.hr\/?p=25573"},"modified":"2021-03-26T23:02:14","modified_gmt":"2021-03-26T23:02:14","slug":"historiografsko-misljenje-dominique-kirchner-reill-obicno-su-mi-dosadne-povijesne-knjige-koje-se-bave-poljskom-cehoslovackom-ili-jugoslavijom-poslije-1918","status":"publish","type":"post","link":"https:\/\/historiografija.hr\/?p=25573","title":{"rendered":"Historiografsko mi\u0161ljenje \u2013 Dominique Kirchner Reill: &#8220;Obi\u010dno su mi dosadne povijesne knjige koje se bave Poljskom, \u010cehoslova\u010dkom ili Jugoslavijom poslije 1918.&#8221;"},"content":{"rendered":"\n<p>&#8220;Obi\u010dno su mi dosadne povijesne knjige koje se bave Poljskom, \u010cehoslova\u010dkom ili Jugoslavijom poslije 1918.&#8221;, govori Reill. &#8220;Ve\u0107ina toga \u0161to se u takvim knjigama govori vrti se oko politi\u010dkih partija, njihovih vo\u0111a i nacionalizma. To vam je kao da \u010ditate poslovne stranice dnevnika The Wall Street Journala. Tako mi je palo na pamet, za\u0161to ne bih napisala povijesnu knjigu koja barem malo otvara Pandorinu kutiju, knjigu koja \u0107e progovoriti o tome za\u0161to su ljudi birali kako su birali, a ne o njihovim vo\u0111ama i o tome \u0161to su im oni govorili da je za njih dobro.&#8221;<\/p>\n\n\n\n<hr class=\"wp-block-separator\"\/>\n\n\n\n<p>Izvor i dodatne obavijesti:<\/p>\n\n\n\n<p><a href=\"https:\/\/www.jutarnji.hr\/vijesti\/hrvatska\/rijecane-nije-mucila-radikalna-ideologija-mucila-ih-je-cijena-secera-i-nestasica-slatkisa-15055666\">https:\/\/www.jutarnji.hr\/vijesti\/hrvatska\/rijecane-nije-mucila-radikalna-ideologija-mucila-ih-je-cijena-secera-i-nestasica-slatkisa-15055666<\/a><\/p>\n\n\n\n<hr class=\"wp-block-separator\"\/>\n\n\n\n<figure class=\"wp-block-embed-wordpress wp-block-embed is-type-wp-embed is-provider-historiografija-hr\"><div class=\"wp-block-embed__wrapper\">\n<blockquote class=\"wp-embedded-content\" data-secret=\"mQH48VHujQ\"><a href=\"https:\/\/historiografija.hr\/?p=24277\">Dominique Kirchner Reill, \u201cThe Fiume Crisis: Life in the Wake of the Habsburg Empire\u201d<\/a><\/blockquote><iframe loading=\"lazy\" class=\"wp-embedded-content\" sandbox=\"allow-scripts\" security=\"restricted\" style=\"position: absolute; clip: rect(1px, 1px, 1px, 1px);\" title=\"&#8220;Dominique Kirchner Reill, \u201cThe Fiume Crisis: Life in the Wake of the Habsburg Empire\u201d&#8221; &#8212; Historiografija.hr\" src=\"https:\/\/historiografija.hr\/?p=24277&#038;embed=true#?secret=mQH48VHujQ\" data-secret=\"mQH48VHujQ\" width=\"600\" height=\"338\" frameborder=\"0\" marginwidth=\"0\" marginheight=\"0\" scrolling=\"no\"><\/iframe>\n<\/div><\/figure>\n\n\n\n<hr class=\"wp-block-separator\"\/>\n","protected":false},"excerpt":{"rendered":"","protected":false},"author":2,"featured_media":24278,"comment_status":"open","ping_status":"open","sticky":false,"template":"","format":"standard","meta":{"_acf_changed":false,"jetpack_post_was_ever_published":false,"_jetpack_newsletter_access":"","_jetpack_dont_email_post_to_subs":false,"_jetpack_newsletter_tier_id":0,"_jetpack_memberships_contains_paywalled_content":false,"_jetpack_memberships_contains_paid_content":false,"footnotes":"","jetpack_publicize_message":"","jetpack_publicize_feature_enabled":true,"jetpack_social_post_already_shared":true,"jetpack_social_options":{"image_generator_settings":{"template":"highway","default_image_id":0,"font":"","enabled":false},"version":2}},"categories":[3,11],"tags":[],"class_list":["post-25573","post","type-post","status-publish","format-standard","has-post-thumbnail","hentry","category-novosti","category-rubrike"],"acf":{"facebook_opis":""},"jetpack_publicize_connections":[],"jetpack_featured_media_url":"https:\/\/i0.wp.com\/historiografija.hr\/wp-content\/uploads\/2020\/12\/The-Fiume-Crisis.jpg?fit=447%2C680&ssl=1","jetpack_sharing_enabled":true,"jetpack-related-posts":[],"_links":{"self":[{"href":"https:\/\/historiografija.hr\/index.php?rest_route=\/wp\/v2\/posts\/25573","targetHints":{"allow":["GET"]}}],"collection":[{"href":"https:\/\/historiografija.hr\/index.php?rest_route=\/wp\/v2\/posts"}],"about":[{"href":"https:\/\/historiografija.hr\/index.php?rest_route=\/wp\/v2\/types\/post"}],"author":[{"embeddable":true,"href":"https:\/\/historiografija.hr\/index.php?rest_route=\/wp\/v2\/users\/2"}],"replies":[{"embeddable":true,"href":"https:\/\/historiografija.hr\/index.php?rest_route=%2Fwp%2Fv2%2Fcomments&post=25573"}],"version-history":[{"count":3,"href":"https:\/\/historiografija.hr\/index.php?rest_route=\/wp\/v2\/posts\/25573\/revisions"}],"predecessor-version":[{"id":25576,"href":"https:\/\/historiografija.hr\/index.php?rest_route=\/wp\/v2\/posts\/25573\/revisions\/25576"}],"wp:featuredmedia":[{"embeddable":true,"href":"https:\/\/historiografija.hr\/index.php?rest_route=\/wp\/v2\/media\/24278"}],"wp:attachment":[{"href":"https:\/\/historiografija.hr\/index.php?rest_route=%2Fwp%2Fv2%2Fmedia&parent=25573"}],"wp:term":[{"taxonomy":"category","embeddable":true,"href":"https:\/\/historiografija.hr\/index.php?rest_route=%2Fwp%2Fv2%2Fcategories&post=25573"},{"taxonomy":"post_tag","embeddable":true,"href":"https:\/\/historiografija.hr\/index.php?rest_route=%2Fwp%2Fv2%2Ftags&post=25573"}],"curies":[{"name":"wp","href":"https:\/\/api.w.org\/{rel}","templated":true}]}}