{"id":25550,"date":"2021-03-26T21:44:11","date_gmt":"2021-03-26T21:44:11","guid":{"rendered":"http:\/\/historiografija.hr\/?p=25550"},"modified":"2021-03-26T21:48:30","modified_gmt":"2021-03-26T21:48:30","slug":"milan-mihaljevic-andrea-radosevic-ur-studije-o-drugome-beramskom-brevijaru","status":"publish","type":"post","link":"https:\/\/historiografija.hr\/?p=25550","title":{"rendered":"Milan Mihaljevi\u0107, Andrea Rado\u0161evi\u0107 (ur.), \u201eStudije o Drugome beramskom brevijaru\u201c"},"content":{"rendered":"\n<p>Iz tiska je izi\u0161la nova knjiga Znanstvenoga centra izvrsnosti za hrvatsko glagolja\u0161tvo: <em>Studije o Drugome beramskom brevijaru<\/em>. Bibliotheca Glagolitica Croatica, knj. 4., ur. Milan Mihaljevi\u0107 i Andrea Rado\u0161evi\u0107, Zagreb, Staroslavenski institut, 2021.<\/p>\n\n\n\n<p>Knjiga je podijeljena na \u010detiri cijeline: I. Opis, II. Tekstolo\u0161ka, knji\u017eevnopovijesna i liturgi\u010dka ra\u0161\u010dlamba, III. Jezik i IV. Povijest. U njima je donesen detaljan paleografski opis <em>Drugoga beramskoga brevijara<\/em>, istra\u017eene su njegove iluminacije te je predstavljen model za istra\u017eivanje iluminacija drugih glagoljskih rukopisa. Provedena je tekstolo\u0161ka, knji\u017eevnopovijesna i liturgi\u010dka analiza u kojim su istra\u017eeni biblijski i patristi\u010dki tekstovi, opisan je sadr\u017eaj brevijara te je donesen nacrt za usporedno istra\u017eivanje glagoljskih brevijara i zbornika. U tre\u0107em poglavlju detaljno je u ukupno deset studija opisan jezik toga brevijara. Na kraju je donesena prva op\u0161irna sinteza cjelokupne povijesti Berma, mjesta nedaleko od Pazina, od prapovijesti do sredine 17. st. s nizom novih spoznaja.<\/p>\n\n\n\n<p>Knjiga \u010dini cjelinu s izdanjem faksimilia i transliteracije prvoga (temporala) i drugoga (sanktorala) dijela <em>Drugoga beramskoga brevijara<\/em> objavljenih 2018. i 2019. godine u izdanju Staroslavenskoga instituta u Zagrebu.<\/p>\n\n\n\n<p>Iz sadr\u017eaja knjige:<\/p>\n\n\n\n<ol class=\"wp-block-list\" type=\"1\"><li>Vesna Badurina Stip\u010devi\u0107, Tekstolo\u0161ke osobine Drugoga beramskog brevijara u kontekstu drugih hrvatskoglagoljskih brevijara, <em>Studije o Drugome beramskom brevijaru<\/em>. Bibliotheca Glagolitica Croatica, knj. 4., ur. Milan Mihaljevi\u0107 i Andrea Rado\u0161evi\u0107, Zagreb, Staroslavenski institut, 143\u2013154.<\/li><li>Mateo \u017dagar paleografski opis Drugoga beramskog brevijara, <em>Studije o Drugome beramskom brevijaru<\/em>. Bibliotheca Glagolitica Croatica, knj. 4., ur. Milan Mihaljevi\u0107 i Andrea Rado\u0161evi\u0107, Zagreb, Staroslavenski institut, 13\u201376.<\/li><li>Andrea Rado\u0161evi\u0107, Patristi\u010dki tekstovi u Drugome beramskom brevijaru, <em>Studije o Drugome beramskom brevijaru<\/em>. Bibliotheca Glagolitica Croatica, knj. 4., ur. Milan Mihaljevi\u0107 i Andrea Rado\u0161evi\u0107, Zagreb, Staroslavenski institut, 155\u2013178.<\/li><li>Ljiljana Mokrovi\u0107 Iluminacija Drugoga beramskog brevijara, <em>Studije o Drugome beramskom brevijaru<\/em>. Bibliotheca Glagolitica Croatica, knj. 4., ur. Milan Mihaljevi\u0107 i Andrea Rado\u0161evi\u0107, Zagreb, Staroslavenski institut, 77\u2013139.<\/li><li>Josip Vu\u010dkovi\u0107, Marija-Ana D\u00fcrrigl Nacrt za usporedno istra\u017eivanje uloge brevijara i zbornika u povijesti hrvatskoglagoljske knjige, <em>Studije o Drugome beramskom brevijaru<\/em>. Bibliotheca Glagolitica Croatica, knj. 4., ur. Milan Mihaljevi\u0107 i Andrea Rado\u0161evi\u0107, Zagreb, Staroslavenski institut. 179\u2013211.<\/li><li>Ante Crn\u010devi\u0107, Kristijan Kuhar Liturgi\u010dka ra\u0161\u010dlamba Drugoga beramskog brevijara, <em>Studije o Drugome beramskom brevijaru<\/em>. Bibliotheca Glagolitica Croatica, knj. 4., ur. Milan Mihaljevi\u0107 i Andrea Rado\u0161evi\u0107, Zagreb, Staroslavenski institut, 213\u2013227.<\/li><li>Kristijan Kuhar Popis molitava i himana u Drugome beramskom brevijaru, <em>Studije o Drugome beramskom brevijaru<\/em>. Bibliotheca Glagolitica Croatica, knj. 4., ur. Milan Mihaljevi\u0107 i Andrea Rado\u0161evi\u0107, Zagreb, Staroslavenski institut, 229\u2013242.<\/li><li>Milan Mihaljevi\u0107 Fonolo\u0161ke zna\u010dajke Drugoga beramskog brevijara, <em>Studije o Drugome beramskom brevijaru<\/em>. Bibliotheca Glagolitica Croatica, knj. 4., ur. Milan Mihaljevi\u0107 i Andrea Rado\u0161evi\u0107, Zagreb, Staroslavenski institut, 245\u2013256.<\/li><li>Jasna Vince Sklonidba imenica u Drugome beramskom brevijaru, <em>Studije o Drugome beramskom brevijaru<\/em>. Bibliotheca Glagolitica Croatica, knj. 4., ur. Milan Mihaljevi\u0107 i Andrea Rado\u0161evi\u0107, Zagreb, Staroslavenski institut, 257\u2013269.<\/li><li>Milan Mihaljevi\u0107 Zamjenice u Drugome beramskom brevijaru, <em>Studije o Drugome beramskom brevijaru<\/em>. Bibliotheca Glagolitica Croatica, knj. 4., ur. Milan Mihaljevi\u0107 i Andrea Rado\u0161evi\u0107, Zagreb, Staroslavenski institut, 271\u2013280.<\/li><li>Sandra Po\u017ear Osnovne zna\u010dajke pridjevne i participske morfologije u Drugome beramskom brevijaru, <em>Studije o Drugome beramskom brevijaru<\/em>. Bibliotheca Glagolitica Croatica, knj. 4., ur. Milan Mihaljevi\u0107 i Andrea Rado\u0161evi\u0107, Zagreb, Staroslavenski institut, 281\u2013296.<\/li><li>Sanja Zub\u010di\u0107 Morfologija glagola u Drugome beramskom brevijaru, <em>Studije o Drugome beramskom brevijaru<\/em>. Bibliotheca Glagolitica Croatica, knj. 4., ur. Milan Mihaljevi\u0107 i Andrea Rado\u0161evi\u0107, Zagreb, Staroslavenski institut, 297\u2013309.<\/li><li>Jasna Vince Prijedlozi u Drugome beramskom brevijaru, <em>Studije o Drugome beramskom brevijaru<\/em>. Bibliotheca Glagolitica Croatica, knj. 4., ur. Milan Mihaljevi\u0107 i Andrea Rado\u0161evi\u0107, Zagreb, Staroslavenski institut, 311\u2013316.<\/li><li>Ana \u0160imi\u0107 Prilozi, \u010destice i uzvici u Drugome beramskom brevijaru, <em>Studije o Drugome beramskom brevijaru<\/em>. Bibliotheca Glagolitica Croatica, knj. 4., ur. Milan Mihaljevi\u0107 i Andrea Rado\u0161evi\u0107, Zagreb, Staroslavenski institut, 317\u2013323.<\/li><li>Milan Mihaljevi\u0107, Ana \u0160imi\u0107, Jozo Vela, Iz sintakse Drugoga beramskog brevijara, <em>Studije o Drugome beramskom brevijaru<\/em>. Bibliotheca Glagolitica Croatica, knj. 4., ur. Milan Mihaljevi\u0107 i Andrea Rado\u0161evi\u0107, Zagreb, Staroslavenski institut, 325\u2013350.<\/li><li>Marinka \u0160imi\u0107, Leksik Drugoga beramskog brevijara, <em>Studije o Drugome beramskom brevijaru<\/em>. Bibliotheca Glagolitica Croatica, knj. 4., ur. Milan Mihaljevi\u0107 i Andrea Rado\u0161evi\u0107, Zagreb, Staroslavenski institut, 351\u2013364.<\/li><li>Silvana Vrani\u0107, Vernakularni elementi u Drugome beramskom brevijaru, <em>Studije o Drugome beramskom brevijaru<\/em>. Bibliotheca Glagolitica Croatica, knj. 4., ur. Milan Mihaljevi\u0107 i Andrea Rado\u0161evi\u0107, Zagreb, Staroslavenski institut, 365\u2013376.<\/li><li>Ivan Botica, Tomislav Galovi\u0107, Elvis Orbani\u0107 Beram, \u017eupa Pazinskoga vikarijata u Pore\u010dkoj biskupiji te k\u00f2mun i st\u00e4dtl Pazinske kne\u017eije u Habsbur\u0161kome carstvu do sredine 17. stolje\u0107a, <em>Studije o Drugome beramskom brevijaru<\/em>. Bibliotheca Glagolitica Croatica, knj. 4., ur. Milan Mihaljevi\u0107 i Andrea Rado\u0161evi\u0107, Zagreb, Staroslavenski institut, 379\u2013455.<\/li><\/ol>\n\n\n\n<hr class=\"wp-block-separator\"\/>\n\n\n\n<p>Izdava\u010d: Staroslavenski institut<\/p>\n\n\n\n<p>Godina izdavanja: 2021<\/p>\n\n\n\n<hr class=\"wp-block-separator\"\/>\n\n\n\n<p>Izvor i dodatne obavijesti:<\/p>\n\n\n\n<p><a href=\"https:\/\/zci.stin.hr\/hr\/article\/176\/objavljene_studije_o_drugome_beramskom_bevijaru\">https:\/\/zci.stin.hr\/hr\/article\/176\/objavljene_studije_o_drugome_beramskom_bevijaru<\/a><\/p>\n\n\n\n<figure class=\"wp-block-embed-wordpress wp-block-embed is-type-wp-embed is-provider-staroslavenski-institut\"><div class=\"wp-block-embed__wrapper\">\n<blockquote class=\"wp-embedded-content\" data-secret=\"SDEvKovQFb\"><a href=\"https:\/\/stin.hr\/portfolio-items\/studije-o-drugome-beramskom-brevijaru\/\">Studije o Drugome beramskom brevijaru<\/a><\/blockquote><iframe loading=\"lazy\" class=\"wp-embedded-content\" sandbox=\"allow-scripts\" security=\"restricted\" style=\"position: absolute; clip: rect(1px, 1px, 1px, 1px);\" title=\"&#8220;Studije o Drugome beramskom brevijaru&#8221; &#8212; Staroslavenski institut\" src=\"https:\/\/stin.hr\/portfolio-items\/studije-o-drugome-beramskom-brevijaru\/embed\/#?secret=SDEvKovQFb\" data-secret=\"SDEvKovQFb\" width=\"600\" height=\"338\" frameborder=\"0\" marginwidth=\"0\" marginheight=\"0\" scrolling=\"no\"><\/iframe>\n<\/div><\/figure>\n\n\n\n<hr class=\"wp-block-separator\"\/>\n","protected":false},"excerpt":{"rendered":"","protected":false},"author":2,"featured_media":25551,"comment_status":"open","ping_status":"open","sticky":false,"template":"","format":"standard","meta":{"_acf_changed":false,"jetpack_post_was_ever_published":false,"_jetpack_newsletter_access":"","_jetpack_dont_email_post_to_subs":false,"_jetpack_newsletter_tier_id":0,"_jetpack_memberships_contains_paywalled_content":false,"_jetpack_memberships_contains_paid_content":false,"footnotes":"","jetpack_publicize_message":"","jetpack_publicize_feature_enabled":true,"jetpack_social_post_already_shared":true,"jetpack_social_options":{"image_generator_settings":{"template":"highway","default_image_id":0,"font":"","enabled":false},"version":2}},"categories":[8,3],"tags":[],"class_list":["post-25550","post","type-post","status-publish","format-standard","has-post-thumbnail","hentry","category-knjige","category-novosti"],"acf":{"facebook_opis":""},"jetpack_publicize_connections":[],"jetpack_featured_media_url":"https:\/\/i0.wp.com\/historiografija.hr\/wp-content\/uploads\/2021\/03\/Studije_Bt_Ber2.jpg?fit=1080%2C1440&ssl=1","jetpack_sharing_enabled":true,"jetpack-related-posts":[],"_links":{"self":[{"href":"https:\/\/historiografija.hr\/index.php?rest_route=\/wp\/v2\/posts\/25550","targetHints":{"allow":["GET"]}}],"collection":[{"href":"https:\/\/historiografija.hr\/index.php?rest_route=\/wp\/v2\/posts"}],"about":[{"href":"https:\/\/historiografija.hr\/index.php?rest_route=\/wp\/v2\/types\/post"}],"author":[{"embeddable":true,"href":"https:\/\/historiografija.hr\/index.php?rest_route=\/wp\/v2\/users\/2"}],"replies":[{"embeddable":true,"href":"https:\/\/historiografija.hr\/index.php?rest_route=%2Fwp%2Fv2%2Fcomments&post=25550"}],"version-history":[{"count":2,"href":"https:\/\/historiografija.hr\/index.php?rest_route=\/wp\/v2\/posts\/25550\/revisions"}],"predecessor-version":[{"id":25553,"href":"https:\/\/historiografija.hr\/index.php?rest_route=\/wp\/v2\/posts\/25550\/revisions\/25553"}],"wp:featuredmedia":[{"embeddable":true,"href":"https:\/\/historiografija.hr\/index.php?rest_route=\/wp\/v2\/media\/25551"}],"wp:attachment":[{"href":"https:\/\/historiografija.hr\/index.php?rest_route=%2Fwp%2Fv2%2Fmedia&parent=25550"}],"wp:term":[{"taxonomy":"category","embeddable":true,"href":"https:\/\/historiografija.hr\/index.php?rest_route=%2Fwp%2Fv2%2Fcategories&post=25550"},{"taxonomy":"post_tag","embeddable":true,"href":"https:\/\/historiografija.hr\/index.php?rest_route=%2Fwp%2Fv2%2Ftags&post=25550"}],"curies":[{"name":"wp","href":"https:\/\/api.w.org\/{rel}","templated":true}]}}