{"id":25536,"date":"2021-03-25T23:08:26","date_gmt":"2021-03-25T23:08:26","guid":{"rendered":"http:\/\/historiografija.hr\/?p=25536"},"modified":"2021-03-25T23:14:09","modified_gmt":"2021-03-25T23:14:09","slug":"nationalism-and-the-politicization-of-history-in-the-former-yugoslavia-edited-by-gorana-ognjenovic-and-jasna-jozelic","status":"publish","type":"post","link":"https:\/\/historiografija.hr\/?p=25536","title":{"rendered":"Nationalism and the Politicization of History in the Former Yugoslavia. Edited by Gorana Ognjenovic and Jasna Jozelic"},"content":{"rendered":"\n<p>&nbsp;&nbsp;&nbsp; Explores how nationalists in the former Yugoslavia have politicized history and historical narratives for political gain<\/p>\n\n\n\n<p>&nbsp;&nbsp;&nbsp; Draws on examples from all of the former Yugoslav republics<\/p>\n\n\n\n<p>\u00a0\u00a0\u00a0 Gathers contributions from a wide range of disciplinary perspectives<\/p>\n\n\n\n<hr class=\"wp-block-separator\"\/>\n\n\n\n<p>\u201cThis book is very timely: the instrumentalization of history for political goals has become a pressing issue and worrisome feature of many polities, to the point of challenging even the most consolidated democracies. Focusing on Yugoslavia\u2019s fragile successor states, the authors explore plurifold analytical levels, including local, regional, transnational, European and global perspectives. The authors comprehensively demonstrate how politicizing history, in the postwar and postcommunist societies of what was once Yugoslavia, has prevented both reconciliation and democratization.\u201d<\/p>\n\n\n\n<p>\u2014<strong>Sabine Rutar<\/strong>, Leibniz Institute for East and Southeast European Studies, Germany<\/p>\n\n\n\n<hr class=\"wp-block-separator\"\/>\n\n\n\n<p>\u201cOgnjenovic and Jozelic focus here on the former Yugoslavia before and after its fragmentation to explore and evaluate the various uses of histories by nationalists, both those who promoted \u2018federal nationalism\u2019 and those who peddle specific local nationalisms in successor states. The book deals specifically with the Western Balkans, but these developments have their parallels in many other parts of the world, and the book will be useful well beyond the region on which the study is based.\u201d<\/p>\n\n\n\n<p>\u2014<strong>Paul Mojzes<\/strong>, Professor Emeritus, Rosemont College, USA<\/p>\n\n\n\n<hr class=\"wp-block-separator\"\/>\n\n\n\n<p>\u201cThe former Yugoslavia has become a battlefield for the \u2018Memory Wars\u2019, in spite of the wealth of judicially established facts and available evidences gathered about the atrocities in the region, and various initiatives aimed at dealing with the past and efforts at transitional justice. Focusing on three periods of Yugoslav history \u2013 the Second World War, socialist Yugoslavia and the Yugoslav wars of 1991\u20132001 \u2013 the contributors show that despite these efforts to deal with the past, sustainable peace and reconciliation across ethnic and religious groups remain a distant aim.\u201d\u00a0 \u00a0 \u00a0 \u00a0 \u00a0 \u00a0 \u00a0 \u00a0 \u00a0 \u00a0 \u00a0 \u00a0 \u00a0 \u00a0 \u00a0 \u00a0 \u00a0 \u00a0 \u00a0 \u00a0 \u00a0 \u00a0 \u00a0 \u00a0 \u00a0 \u00a0 \u00a0 \u00a0 \u00a0 <\/p>\n\n\n\n<p>\u2014<strong>Marijana Toma<\/strong>, Center for Cultural Decontamination, Serbia<\/p>\n\n\n\n<hr class=\"wp-block-separator\"\/>\n\n\n\n<p>This book analyzes how nationalists in the former Yugoslavia have politicized history to further their political agendas, retaining and prolonging conflict among different cultural and religious groups, and impeding the process of lasting reconciliation. It explores how narratives have been (mis)used, drawing on examples from all of the former Yugoslav republics. With contributors from a range of disciplinary backgrounds, it provides a vital assessment of how nationalists have attempted to (re)shape public collective memory and relativize facts.<\/p>\n\n\n\n<hr class=\"wp-block-separator\"\/>\n\n\n\n<p><strong>Table of contents<\/strong><\/p>\n\n\n\n<hr class=\"wp-block-separator\"\/>\n\n\n\n<p>&nbsp;&nbsp;&nbsp;&nbsp;&nbsp;&nbsp;&nbsp; Introduction \u2013 Nationalism and the Politicization of History in the Former Yugoslavia<\/p>\n\n\n\n<p>Ognjenovic, Gorana (et al.)<\/p>\n\n\n\n<hr class=\"wp-block-separator\"\/>\n\n\n\n<p>&nbsp;&nbsp;&nbsp;&nbsp;&nbsp;&nbsp;&nbsp; Post-Communism and Recent History: The Case of Croatia<\/p>\n\n\n\n<p>\u00a0\u00a0\u00a0\u00a0\u00a0\u00a0\u00a0 Bing, Albert<\/p>\n\n\n\n<hr class=\"wp-block-separator\"\/>\n\n\n\n<p>&nbsp;&nbsp;&nbsp;&nbsp;&nbsp;&nbsp;&nbsp; Reclaiming Illyria: The Notorious Usefulness of Archaeology to Communism and Nationalism Alike in Yugoslavia and After<\/p>\n\n\n\n<p>\u00a0\u00a0\u00a0\u00a0\u00a0\u00a0\u00a0 Prusac-Lindhagen, Marina<\/p>\n\n\n\n<hr class=\"wp-block-separator\"\/>\n\n\n\n<p>&nbsp;&nbsp;&nbsp;&nbsp;&nbsp;&nbsp;&nbsp; The Europeanization of Memory at the Jasenovac Memorial Museum<\/p>\n\n\n\n<p>\u00a0\u00a0\u00a0\u00a0\u00a0\u00a0\u00a0 Radoni\u0107, Ljiljana<\/p>\n\n\n\n<hr class=\"wp-block-separator\"\/>\n\n\n\n<p>&nbsp;&nbsp;&nbsp;&nbsp;&nbsp;&nbsp;&nbsp; The Political Instrumentalization of a Site of the Holocaust: Contested Memories of the Semlin Camp in Belgrade<\/p>\n\n\n\n<p>\u00a0\u00a0\u00a0\u00a0\u00a0\u00a0\u00a0 Byford, Jovan<\/p>\n\n\n\n<hr class=\"wp-block-separator\"\/>\n\n\n\n<p>&nbsp;&nbsp;&nbsp;&nbsp;&nbsp;&nbsp;&nbsp; Thrice Plundered: The Politics of Restitution with Regard to the Jews of Bosnia and Herzegovina<\/p>\n\n\n\n<p>\u00a0\u00a0\u00a0\u00a0\u00a0\u00a0\u00a0 Friedman, Francine<\/p>\n\n\n\n<hr class=\"wp-block-separator\"\/>\n\n\n\n<p>&nbsp;&nbsp;&nbsp;&nbsp;&nbsp;&nbsp;&nbsp; Himmler\u2019s SS Hand\u017ear Division<\/p>\n\n\n\n<p>\u00a0\u00a0\u00a0\u00a0\u00a0\u00a0\u00a0 Andjelic, Neven<\/p>\n\n\n\n<hr class=\"wp-block-separator\"\/>\n\n\n\n<p>&nbsp;&nbsp;&nbsp;&nbsp;&nbsp;&nbsp;&nbsp; The Highway of Memorial Symbolism: A Thin Red Line<\/p>\n\n\n\n<p>        Ognjenovic, Gorana<\/p>\n\n\n\n<hr class=\"wp-block-separator\"\/>\n\n\n\n<p>&nbsp;&nbsp;&nbsp;&nbsp;&nbsp;&nbsp;&nbsp; Constructing a Truth Regime: The 1999 NATO Intervention in Serbian Political Memory<\/p>\n\n\n\n<p>\u00a0\u00a0\u00a0\u00a0\u00a0\u00a0\u00a0 Suboti\u0107, Jelena (et al.)<\/p>\n\n\n\n<hr class=\"wp-block-separator\"\/>\n\n\n\n<p>&nbsp;&nbsp;&nbsp;&nbsp;&nbsp;&nbsp;&nbsp; National Manhood: Martyrs, Freedom Fighters, and Statesmen in Kosovo\u2019s State-Making<\/p>\n\n\n\n<p>\u00a0\u00a0\u00a0\u00a0\u00a0\u00a0\u00a0 Luci, Nita<\/p>\n\n\n\n<hr class=\"wp-block-separator\"\/>\n\n\n\n<p>&nbsp;&nbsp;&nbsp;&nbsp;&nbsp;&nbsp;&nbsp; The Politicization of History in North Macedonia (1941\u20132018)<\/p>\n\n\n\n<p>\u00a0\u00a0\u00a0\u00a0\u00a0\u00a0\u00a0 Skalovski, Denko<\/p>\n\n\n\n<hr class=\"wp-block-separator\"\/>\n\n\n\n<p>&nbsp;&nbsp;&nbsp;&nbsp;&nbsp;&nbsp;&nbsp; Djilas Reconsidered: The Attitudes of Montenegro Toward Milovan Djilas After 1989<\/p>\n\n\n\n<p>\u00a0\u00a0\u00a0\u00a0\u00a0\u00a0\u00a0 C\u02c7agorovi\u0107, Neboj\u0161a<\/p>\n\n\n\n<hr class=\"wp-block-separator\"\/>\n\n\n\n<p>&nbsp;&nbsp;&nbsp;&nbsp;&nbsp;&nbsp;&nbsp; Slovenia: From the Best European Pupil to Perpetrator of One of the Most Egregious ECHR Violations<\/p>\n\n\n\n<p>\u00a0\u00a0\u00a0\u00a0\u00a0\u00a0\u00a0 Kogov\u0161ek \u0160alamon, Ne\u017ea (et al.)<\/p>\n\n\n\n<hr class=\"wp-block-separator\"\/>\n\n\n\n<p>&nbsp;&nbsp;&nbsp;&nbsp;&nbsp;&nbsp;&nbsp; Mass Myths to Mass Graves: Politicizing Memory in Serbia as a Prelude to Genocide in Bosnia<\/p>\n\n\n\n<p>\u00a0\u00a0\u00a0\u00a0\u00a0\u00a0\u00a0 Adams, Ron (et al.)<\/p>\n\n\n\n<hr class=\"wp-block-separator\"\/>\n\n\n\n<p>&nbsp;&nbsp;&nbsp;&nbsp;&nbsp;&nbsp;&nbsp; YU Rearview Mirror: Ways of Remembering Yugoslavia<\/p>\n\n\n\n<p>\u00a0\u00a0\u00a0\u00a0\u00a0\u00a0\u00a0 Velikonja, Mitja<\/p>\n\n\n\n<hr class=\"wp-block-separator\"\/>\n\n\n\n<p>&nbsp;&nbsp;&nbsp;&nbsp;&nbsp;&nbsp;&nbsp; Reconfiguring and Imposing Identity: Politicization of Identity in Bosnia and Herzegovina<\/p>\n\n\n\n<p>\u00a0\u00a0\u00a0\u00a0\u00a0\u00a0\u00a0 Jozelic, Jasna<\/p>\n\n\n\n<hr class=\"wp-block-separator\"\/>\n\n\n\n<p>&nbsp;&nbsp;&nbsp;&nbsp;&nbsp;&nbsp;&nbsp; Conclusion<\/p>\n\n\n\n<p>\u00a0\u00a0\u00a0\u00a0\u00a0\u00a0\u00a0 Jozelic, Jasna (et al.)<\/p>\n\n\n\n<hr class=\"wp-block-separator\"\/>\n\n\n\n<p>&nbsp;&nbsp;&nbsp;&nbsp;&nbsp;&nbsp;&nbsp; Afterword<\/p>\n\n\n\n<p>\u00a0\u00a0\u00a0\u00a0\u00a0\u00a0\u00a0 Buturovic, Amila<\/p>\n\n\n\n<hr class=\"wp-block-separator\"\/>\n\n\n\n<p><strong>&nbsp;&nbsp;&nbsp; About the authors<\/strong><\/p>\n\n\n\n<p>&nbsp;&nbsp;&nbsp; Gorana Ognjenovic is Research Fellow at the University of Oslo, Norway.<\/p>\n\n\n\n<p>&nbsp;&nbsp;&nbsp; Jasna Jozelic is a PhD candidate and research advisor at the Norwegian Centre for Human Rights, University of Oslo.<\/p>\n\n\n\n<hr class=\"wp-block-separator\"\/>\n\n\n\n<p>Copyright: 2021<\/p>\n\n\n\n<p>Publisher: Palgrave Macmillan<\/p>\n\n\n\n<p>Number of Pages: XX, 377<\/p>\n\n\n\n<hr class=\"wp-block-separator\"\/>\n\n\n\n<p><a href=\"https:\/\/www.palgrave.com\/gp\/book\/9783030658311\">https:\/\/www.palgrave.com\/gp\/book\/9783030658311<\/a><\/p>\n\n\n\n<hr class=\"wp-block-separator\"\/>\n\n\n\n<figure class=\"wp-block-embed-wordpress wp-block-embed is-type-wp-embed is-provider-historiografija-hr\"><div class=\"wp-block-embed__wrapper\">\n<blockquote class=\"wp-embedded-content\" data-secret=\"PM0de9GbnR\"><a href=\"https:\/\/historiografija.hr\/?p=22912\">Nationhood and Politicization of History in School Textbooks: Identity, the Curriculum and Educational Media. Edited by Gorana Ognjenovi\u0107 and Jasna Jozeli\u0107<\/a><\/blockquote><iframe loading=\"lazy\" class=\"wp-embedded-content\" sandbox=\"allow-scripts\" security=\"restricted\" style=\"position: absolute; clip: rect(1px, 1px, 1px, 1px);\" title=\"&#8220;Nationhood and Politicization of History in School Textbooks: Identity, the Curriculum and Educational Media. Edited by Gorana Ognjenovi\u0107 and Jasna Jozeli\u0107&#8221; &#8212; Historiografija.hr\" src=\"https:\/\/historiografija.hr\/?p=22912&#038;embed=true#?secret=PM0de9GbnR\" data-secret=\"PM0de9GbnR\" width=\"600\" height=\"338\" frameborder=\"0\" marginwidth=\"0\" marginheight=\"0\" scrolling=\"no\"><\/iframe>\n<\/div><\/figure>\n\n\n\n<hr class=\"wp-block-separator\"\/>\n","protected":false},"excerpt":{"rendered":"","protected":false},"author":2,"featured_media":25537,"comment_status":"open","ping_status":"open","sticky":false,"template":"","format":"standard","meta":{"_acf_changed":false,"jetpack_post_was_ever_published":false,"_jetpack_newsletter_access":"","_jetpack_dont_email_post_to_subs":false,"_jetpack_newsletter_tier_id":0,"_jetpack_memberships_contains_paywalled_content":false,"_jetpack_memberships_contains_paid_content":false,"footnotes":"","jetpack_publicize_message":"","jetpack_publicize_feature_enabled":true,"jetpack_social_post_already_shared":true,"jetpack_social_options":{"image_generator_settings":{"template":"highway","default_image_id":0,"font":"","enabled":false},"version":2}},"categories":[8,3],"tags":[],"class_list":["post-25536","post","type-post","status-publish","format-standard","has-post-thumbnail","hentry","category-knjige","category-novosti"],"acf":{"facebook_opis":""},"jetpack_publicize_connections":[],"jetpack_featured_media_url":"https:\/\/i0.wp.com\/historiografija.hr\/wp-content\/uploads\/2021\/03\/Nationalism.jpg?fit=160%2C240&ssl=1","jetpack_sharing_enabled":true,"jetpack-related-posts":[],"_links":{"self":[{"href":"https:\/\/historiografija.hr\/index.php?rest_route=\/wp\/v2\/posts\/25536","targetHints":{"allow":["GET"]}}],"collection":[{"href":"https:\/\/historiografija.hr\/index.php?rest_route=\/wp\/v2\/posts"}],"about":[{"href":"https:\/\/historiografija.hr\/index.php?rest_route=\/wp\/v2\/types\/post"}],"author":[{"embeddable":true,"href":"https:\/\/historiografija.hr\/index.php?rest_route=\/wp\/v2\/users\/2"}],"replies":[{"embeddable":true,"href":"https:\/\/historiografija.hr\/index.php?rest_route=%2Fwp%2Fv2%2Fcomments&post=25536"}],"version-history":[{"count":4,"href":"https:\/\/historiografija.hr\/index.php?rest_route=\/wp\/v2\/posts\/25536\/revisions"}],"predecessor-version":[{"id":25541,"href":"https:\/\/historiografija.hr\/index.php?rest_route=\/wp\/v2\/posts\/25536\/revisions\/25541"}],"wp:featuredmedia":[{"embeddable":true,"href":"https:\/\/historiografija.hr\/index.php?rest_route=\/wp\/v2\/media\/25537"}],"wp:attachment":[{"href":"https:\/\/historiografija.hr\/index.php?rest_route=%2Fwp%2Fv2%2Fmedia&parent=25536"}],"wp:term":[{"taxonomy":"category","embeddable":true,"href":"https:\/\/historiografija.hr\/index.php?rest_route=%2Fwp%2Fv2%2Fcategories&post=25536"},{"taxonomy":"post_tag","embeddable":true,"href":"https:\/\/historiografija.hr\/index.php?rest_route=%2Fwp%2Fv2%2Ftags&post=25536"}],"curies":[{"name":"wp","href":"https:\/\/api.w.org\/{rel}","templated":true}]}}