{"id":25525,"date":"2021-03-24T21:45:55","date_gmt":"2021-03-24T21:45:55","guid":{"rendered":"http:\/\/historiografija.hr\/?p=25525"},"modified":"2021-03-24T21:45:55","modified_gmt":"2021-03-24T21:45:55","slug":"razmjena-mladih-i-radionica-u-sklopu-projekta-kako-se-nositi-s-popularnim-mitovima-radom-s-mladima-protiv-dezinformacija-i-iskrivljavanja-povijesnih-cinjenica","status":"publish","type":"post","link":"https:\/\/historiografija.hr\/?p=25525","title":{"rendered":"Razmjena mladih i radionica u sklopu projekta \u201eKako se nositi s popularnim mitovima? Radom s mladima protiv dezinformacija i iskrivljavanja povijesnih \u010dinjenica\u201d"},"content":{"rendered":"\n<p><strong>Jesi li mlada osoba s 14 do 18 godina?<\/strong><\/p>\n\n\n\n<p><strong>Jesi li zainteresiran za suvremenu povijest?<\/strong><\/p>\n\n\n\n<p><strong>\u017deli\u0161 li saznati vi\u0161e o mitovima i iskrivljavanju povijesnih \u010dinjenica? Nau\u010diti kako oni utje\u010du na na\u0161a dru\u0161tva i na\u0161 na\u010din razmi\u0161ljanja o \u201cdrugima\u201d? \u017deli\u0161 li saznati imaju li razli\u010dita europska dru\u0161tva iste ili sli\u010dne mitove?<\/strong><\/p>\n\n\n\n<p><strong>Ako ste na neki od ovih pitanja odgovorio pozitivno, onda si prava osoba za ovu razmjenu!<\/strong><\/p>\n\n\n\n<p><strong>O \u010demu se radi u ovoj razmjeni:<\/strong> Tijekom razmjene fokusirat \u0107emo se na povijesne mitove, dotaknuti se tema antisemitizma i negiranja Holokausta, mr\u017enje prema Romima i diskriminacije, protumuslimanske propagande i ksenofobije. Program uklju\u010duje i suvremene mitove, koji se ti\u010du propagande protiv migranata i izbjeglica, i dikusiju kako razli\u010dita europska dru\u0161tva koriste sli\u010dne obrasce da stvaraju nove \u201eneprijatelje\u201c i \u201edruge\u201c. Tijekom razmjene \u0107emo mapirati mitove i iskrivljavanja povijesnih \u010dinjenica me\u0111u mladima i poku\u0161ati ih dekonstruirati, koriste\u0107i metode povijesno-gra\u0111anskog obrazovanja.<br>Tijekom zadnja dva dana razmjene, izra\u0111ivat \u0107ete svoje pri\u010de i prezentacije o odabranom nacionalnom mitu. Nakon zavr\u0161etka razmjene, ti materijali \u0107e biti prilago\u0111eni i iskori\u0161teni za kreiranje obrazovnih video-materijala kojima \u0107emo dekonstruirati povijesne mitove. Zato nemoj propustiti priliku da doprinese\u0161 promjenama!<br>Zajedno s vr\u0161njacima iz Gr\u010dke, Rumunjske, Srbije i \u0160panolske \u0107ete u\u010diti, razgovarati o raznim temama te \u0107ete imati priliku upoznati se.<\/p>\n\n\n\n<p><strong>Tko se mo\u017ee prijaviti<\/strong>: svi hrvatski dr\u017eavljani i strani dr\u017eavljani s prebivali\u0161tem u Hrvatskoj, stari od 14 do 18 godina<\/p>\n\n\n\n<p><strong>Kada i gdje \u0107e se aktivnost odvijati:<\/strong> od 12. do 16. 04. 2021., online, na engleskom jeziku<\/p>\n\n\n\n<p><strong>Kako se prijaviti:<\/strong> za prijavu po\u0161aljite mail na diana.todorova@documenta.hr do 05.04.2021. i popunite <a href=\"https:\/\/docs.google.com\/forms\/d\/128YUGUwpZ3FR-rECZ6NZI5DUwUPk2zVFKwUEHsULn2k\/edit\">kratki prijavni obrazac<\/a>.<\/p>\n\n\n\n<p>Informaciju o tome jeste li izabrani dobit \u0107ete do 07.04.2021. e-mailom, zajedno s materijalima za priremu i dodatnim informacijama.<\/p>\n\n\n\n<p>Projekt je kofinanciran iz programa Erasmus+ Europske Unije.<\/p>\n\n\n\n<hr class=\"wp-block-separator\"\/>\n\n\n\n<p>Izvor: <a href=\"https:\/\/documenta.hr\/novosti\/razmjena-mladih-i-radionica-u-sklopu-projekta-kako-se-nositi-s-popularnim-mitovima-radom-s-mladima-protiv-dezinformacija-i-iskrivljavanja-povijesnih-cinjenica\/\">https:\/\/documenta.hr\/novosti\/razmjena-mladih-i-radionica-u-sklopu-projekta-kako-se-nositi-s-popularnim-mitovima-radom-s-mladima-protiv-dezinformacija-i-iskrivljavanja-povijesnih-cinjenica\/<\/a><\/p>\n\n\n\n<hr class=\"wp-block-separator\"\/>\n","protected":false},"excerpt":{"rendered":"","protected":false},"author":2,"featured_media":25526,"comment_status":"open","ping_status":"open","sticky":false,"template":"","format":"standard","meta":{"_acf_changed":false,"jetpack_post_was_ever_published":false,"_jetpack_newsletter_access":"","_jetpack_dont_email_post_to_subs":false,"_jetpack_newsletter_tier_id":0,"_jetpack_memberships_contains_paywalled_content":false,"_jetpack_memberships_contains_paid_content":false,"footnotes":"","jetpack_publicize_message":"","jetpack_publicize_feature_enabled":true,"jetpack_social_post_already_shared":true,"jetpack_social_options":{"image_generator_settings":{"template":"highway","default_image_id":0,"font":"","enabled":false},"version":2}},"categories":[3,9],"tags":[],"class_list":["post-25525","post","type-post","status-publish","format-standard","has-post-thumbnail","hentry","category-novosti","category-skupovi"],"acf":{"facebook_opis":""},"jetpack_publicize_connections":[],"jetpack_featured_media_url":"https:\/\/i0.wp.com\/historiografija.hr\/wp-content\/uploads\/2021\/03\/dealing_with_myths.png?fit=500%2C500&ssl=1","jetpack_sharing_enabled":true,"jetpack-related-posts":[],"_links":{"self":[{"href":"https:\/\/historiografija.hr\/index.php?rest_route=\/wp\/v2\/posts\/25525","targetHints":{"allow":["GET"]}}],"collection":[{"href":"https:\/\/historiografija.hr\/index.php?rest_route=\/wp\/v2\/posts"}],"about":[{"href":"https:\/\/historiografija.hr\/index.php?rest_route=\/wp\/v2\/types\/post"}],"author":[{"embeddable":true,"href":"https:\/\/historiografija.hr\/index.php?rest_route=\/wp\/v2\/users\/2"}],"replies":[{"embeddable":true,"href":"https:\/\/historiografija.hr\/index.php?rest_route=%2Fwp%2Fv2%2Fcomments&post=25525"}],"version-history":[{"count":1,"href":"https:\/\/historiografija.hr\/index.php?rest_route=\/wp\/v2\/posts\/25525\/revisions"}],"predecessor-version":[{"id":25527,"href":"https:\/\/historiografija.hr\/index.php?rest_route=\/wp\/v2\/posts\/25525\/revisions\/25527"}],"wp:featuredmedia":[{"embeddable":true,"href":"https:\/\/historiografija.hr\/index.php?rest_route=\/wp\/v2\/media\/25526"}],"wp:attachment":[{"href":"https:\/\/historiografija.hr\/index.php?rest_route=%2Fwp%2Fv2%2Fmedia&parent=25525"}],"wp:term":[{"taxonomy":"category","embeddable":true,"href":"https:\/\/historiografija.hr\/index.php?rest_route=%2Fwp%2Fv2%2Fcategories&post=25525"},{"taxonomy":"post_tag","embeddable":true,"href":"https:\/\/historiografija.hr\/index.php?rest_route=%2Fwp%2Fv2%2Ftags&post=25525"}],"curies":[{"name":"wp","href":"https:\/\/api.w.org\/{rel}","templated":true}]}}