{"id":25521,"date":"2021-03-24T21:36:45","date_gmt":"2021-03-24T21:36:45","guid":{"rendered":"http:\/\/historiografija.hr\/?p=25521"},"modified":"2021-05-10T19:46:09","modified_gmt":"2021-05-10T19:46:09","slug":"ana-rajkovic-dugi-zenski-mars","status":"publish","type":"post","link":"https:\/\/historiografija.hr\/?p=25521","title":{"rendered":"Ana Rajkovi\u0107, \u201cDugi \u017eenski mar\u0161\u201d"},"content":{"rendered":"\n<p>Polo\u017eaj radnica i \u017eenski aktivizam u&nbsp;Hrvatskoj izme\u0111u dvaju svjetskih ratova<\/p>\n\n\n\n<p>\u201eU vrijeme kad ja\u010daju protufeministi\u010dke invektive, ali i procijepi i netrpeljiva razdvajanja na feministi\u010dkoj sceni, svaka studija koja nas podsje\u0107a odakle smo krenule i koliko je dug i te\u017eak bio mar\u0161 da bismo osvojile temeljna \u017eenska ljudska prava, vi\u0161e je nego dobrodo\u0161la. Kad je pritom rije\u010d o knjizi koju odlikuje sustavnost, istra\u017eiva\u010dka skrupuloznost i metodolo\u0161ka dosljednost, osje\u0107aj za slo\u017eenost povijesnih procesa i me\u0111upovezanost op\u0107e i lokalne, afirmativne i \u201ete\u0161ke pro\u0161losti\u201c, gra\u0111anske i radni\u010dke historije, onda se radost \u010ditanja udru\u017euje s profesionalnim respektom. Osim nabrojenih, posebna kvaliteta knjige <em>Dugi \u017eenski mar\u0161.<\/em> <em>Polo\u017eaj radnica i \u017eenski aktivizam u Hrvatskoj izme\u0111u dvaju svjetskih ratova<\/em> jest feministi\u010dka etika dijeljenja i umna\u017eanja \u017eenskog intelektualnog naslije\u0111a te kolegijalnog upu\u0107ivanja na recentne radove cijelog niza autora i autorica koji se bave novijom povije\u0161\u0107u \u017eena u Hrvatskoj i regiji.\u201c<\/p>\n\n\n\n<p>Iz predgovora Renate Jambre\u0161i\u0107 Kirin<\/p>\n\n\n\n<hr class=\"wp-block-separator\"\/>\n\n\n\n<p>Izvor: <a href=\"https:\/\/www.daf.hr\/novosti\/dugi-zenski-mars\">https:\/\/www.daf.hr\/novosti\/dugi-zenski-mars<\/a><\/p>\n\n\n\n<hr class=\"wp-block-separator\"\/>\n\n\n\n<p>Odjeci:<\/p>\n\n\n\n<figure class=\"wp-block-embed-wordpress wp-block-embed is-type-wp-embed is-provider-hrvatski-institut-za-povijest\"><div class=\"wp-block-embed__wrapper\">\n<blockquote class=\"wp-embedded-content\" data-secret=\"5XKwvButff\"><a href=\"http:\/\/hipsb.hr\/objavljena-knjiga-dr-sc-ane-rajkovic\/\">Objavljena knjiga dr. sc. Ane Rajkovi\u0107<\/a><\/blockquote><iframe loading=\"lazy\" class=\"wp-embedded-content\" sandbox=\"allow-scripts\" security=\"restricted\" style=\"position: absolute; clip: rect(1px, 1px, 1px, 1px);\" title=\"&#8220;Objavljena knjiga dr. sc. Ane Rajkovi\u0107&#8221; &#8212; Hrvatski institut za povijest\" src=\"http:\/\/hipsb.hr\/objavljena-knjiga-dr-sc-ane-rajkovic\/embed\/#?secret=5XKwvButff\" data-secret=\"5XKwvButff\" width=\"600\" height=\"338\" frameborder=\"0\" marginwidth=\"0\" marginheight=\"0\" scrolling=\"no\"><\/iframe>\n<\/div><\/figure>\n\n\n\n<figure class=\"wp-block-embed-wordpress wp-block-embed is-type-wp-embed is-provider-centar-za-zenske-studije\"><div class=\"wp-block-embed__wrapper\">\n<blockquote class=\"wp-embedded-content\" data-secret=\"RrQdVcaaat\"><a href=\"https:\/\/zenstud.hr\/2021\/05\/01\/4696\/\">\u010cestitke povodom 1. maja i najava novog podcasta u kojem gostuje Ana Rajkovi\u0107<\/a><\/blockquote><iframe loading=\"lazy\" class=\"wp-embedded-content\" sandbox=\"allow-scripts\" security=\"restricted\" style=\"position: absolute; clip: rect(1px, 1px, 1px, 1px);\" title=\"&#8220;\u010cestitke povodom 1. maja i najava novog podcasta u kojem gostuje Ana Rajkovi\u0107&#8221; &#8212; Centar za \u017eenske studije\" src=\"https:\/\/zenstud.hr\/2021\/05\/01\/4696\/embed\/#?secret=RrQdVcaaat\" data-secret=\"RrQdVcaaat\" width=\"600\" height=\"338\" frameborder=\"0\" marginwidth=\"0\" marginheight=\"0\" scrolling=\"no\"><\/iframe>\n<\/div><\/figure>\n\n\n\n<figure class=\"wp-block-embed-wordpress wp-block-embed is-type-wp-embed is-provider-hrvatski-institut-za-povijest\"><div class=\"wp-block-embed__wrapper\">\n<blockquote class=\"wp-embedded-content\" data-secret=\"PLxn9sB2nh\"><a href=\"http:\/\/hipsb.hr\/podcast-centra-za-zenske-studije-sugovornica-ana-rajkovic-01-05-2021\/\">Podcast Centra za \u017eenske studije: sugovornica Ana Rajkovi\u0107 (01.05.2021.)<\/a><\/blockquote><iframe loading=\"lazy\" class=\"wp-embedded-content\" sandbox=\"allow-scripts\" security=\"restricted\" style=\"position: absolute; clip: rect(1px, 1px, 1px, 1px);\" title=\"&#8220;Podcast Centra za \u017eenske studije: sugovornica Ana Rajkovi\u0107 (01.05.2021.)&#8221; &#8212; Hrvatski institut za povijest\" src=\"http:\/\/hipsb.hr\/podcast-centra-za-zenske-studije-sugovornica-ana-rajkovic-01-05-2021\/embed\/#?secret=PLxn9sB2nh\" data-secret=\"PLxn9sB2nh\" width=\"600\" height=\"338\" frameborder=\"0\" marginwidth=\"0\" marginheight=\"0\" scrolling=\"no\"><\/iframe>\n<\/div><\/figure>\n\n\n\n<p><a href=\"https:\/\/www.portalnovosti.com\/ana-rajkovic-zene-su-itekako-bile-involvirane-u-meduratna-zbivanja\">https:\/\/www.portalnovosti.com\/ana-rajkovic-zene-su-itekako-bile-involvirane-u-meduratna-zbivanja<\/a><\/p>\n\n\n\n<p><a href=\"https:\/\/radnickaprava.org\/tekstovi\/intervjui\/ana-rajkovic-o-zenama-koje-su-uzele-stvar-u-svoje-ruke?fbclid=IwAR14YwPMRpCKKkp_6HGJPDa2RZOL4x3I5zgw8h5TsDneY_hE_I1B9gyxmAA\">https:\/\/radnickaprava.org\/tekstovi\/intervjui\/ana-rajkovic-o-zenama-koje-su-uzele-stvar-u-svoje-ruke<\/a><\/p>\n\n\n\n<hr class=\"wp-block-separator\"\/>\n","protected":false},"excerpt":{"rendered":"","protected":false},"author":2,"featured_media":25522,"comment_status":"open","ping_status":"open","sticky":false,"template":"","format":"standard","meta":{"_acf_changed":false,"jetpack_post_was_ever_published":false,"_jetpack_newsletter_access":"","_jetpack_dont_email_post_to_subs":false,"_jetpack_newsletter_tier_id":0,"_jetpack_memberships_contains_paywalled_content":false,"_jetpack_memberships_contains_paid_content":false,"footnotes":"","jetpack_publicize_message":"","jetpack_publicize_feature_enabled":true,"jetpack_social_post_already_shared":true,"jetpack_social_options":{"image_generator_settings":{"template":"highway","default_image_id":0,"font":"","enabled":false},"version":2}},"categories":[8,3],"tags":[],"class_list":["post-25521","post","type-post","status-publish","format-standard","has-post-thumbnail","hentry","category-knjige","category-novosti"],"acf":{"facebook_opis":""},"jetpack_publicize_connections":[],"jetpack_featured_media_url":"https:\/\/i0.wp.com\/historiografija.hr\/wp-content\/uploads\/2021\/03\/dugi_zenski_mars.jpg?fit=519%2C790&ssl=1","jetpack_sharing_enabled":true,"jetpack-related-posts":[],"_links":{"self":[{"href":"https:\/\/historiografija.hr\/index.php?rest_route=\/wp\/v2\/posts\/25521","targetHints":{"allow":["GET"]}}],"collection":[{"href":"https:\/\/historiografija.hr\/index.php?rest_route=\/wp\/v2\/posts"}],"about":[{"href":"https:\/\/historiografija.hr\/index.php?rest_route=\/wp\/v2\/types\/post"}],"author":[{"embeddable":true,"href":"https:\/\/historiografija.hr\/index.php?rest_route=\/wp\/v2\/users\/2"}],"replies":[{"embeddable":true,"href":"https:\/\/historiografija.hr\/index.php?rest_route=%2Fwp%2Fv2%2Fcomments&post=25521"}],"version-history":[{"count":4,"href":"https:\/\/historiografija.hr\/index.php?rest_route=\/wp\/v2\/posts\/25521\/revisions"}],"predecessor-version":[{"id":26205,"href":"https:\/\/historiografija.hr\/index.php?rest_route=\/wp\/v2\/posts\/25521\/revisions\/26205"}],"wp:featuredmedia":[{"embeddable":true,"href":"https:\/\/historiografija.hr\/index.php?rest_route=\/wp\/v2\/media\/25522"}],"wp:attachment":[{"href":"https:\/\/historiografija.hr\/index.php?rest_route=%2Fwp%2Fv2%2Fmedia&parent=25521"}],"wp:term":[{"taxonomy":"category","embeddable":true,"href":"https:\/\/historiografija.hr\/index.php?rest_route=%2Fwp%2Fv2%2Fcategories&post=25521"},{"taxonomy":"post_tag","embeddable":true,"href":"https:\/\/historiografija.hr\/index.php?rest_route=%2Fwp%2Fv2%2Ftags&post=25521"}],"curies":[{"name":"wp","href":"https:\/\/api.w.org\/{rel}","templated":true}]}}