{"id":25505,"date":"2021-03-23T20:05:25","date_gmt":"2021-03-23T20:05:25","guid":{"rendered":"http:\/\/historiografija.hr\/?p=25505"},"modified":"2021-03-23T20:06:38","modified_gmt":"2021-03-23T20:06:38","slug":"6-dani-icarus-hrvatska-archives-borders-identities-reflections","status":"publish","type":"post","link":"https:\/\/historiografija.hr\/?p=25505","title":{"rendered":"6. dani ICARUS Hrvatska &#8220;Archives \u2013 borders, identities, reflections&#8221;"},"content":{"rendered":"\n<p>Me\u0111unarodna konferencija ICARUS Dani u Hrvatskoj svake godine okuplja 160 \u2013 200 stru\u010dnjaka iz dvadesetak zemalja koji predstavljaju suvremene trendove i aktivnosti na digitalizaciji i za\u0161titi pisane ba\u0161tine, razvoju i promociji kulturnih i znanstvenih mre\u017ea te teku\u0107e arhivske i ba\u0161tinske projekte i programe diljem Europe, s naglaskom na iskustva i mogu\u0107nosti hrvatskih ustanova i stru\u010dnjaka na ovom podru\u010dju i njihovo aktivno uklju\u010divanje u me\u0111unarodnu praksu i stru\u010dna doga\u0111anja.<\/p>\n\n\n\n<p>6. dane ICARUS-a u Hrvatskoj pod nazivom <em>Archives \u2013 borders, identities, reflections <\/em>koje smo<em> <\/em>planirali odr\u017eati na Filozofskom fakultetu u Rijeci u o\u017eujku 2020. globalna pandemija pomaknula je u 2021. godinu i promijenila organizacijski format skupa.<\/p>\n\n\n\n<p>U suradnji s Filozofskim fakultetom u Rijeci, konzorcijem ICARUS (International Center for Archival Reaserch) i drugim partnerima najavljujemo nastavak na\u0161ih tradicionalnih okupljanja u virtualnom obliku 25. \u2013 26. o\u017eujka 2021.<\/p>\n\n\n\n<p>Program:<\/p>\n\n\n\n<p><a href=\"https:\/\/www.icarushrvatska.hr\/icarushr\/aktivnosti\/dani-icarusa-hr\">https:\/\/www.icarushrvatska.hr\/icarushr\/aktivnosti\/dani-icarusa-hr<\/a><\/p>\n\n\n\n<hr class=\"wp-block-separator\"\/>\n","protected":false},"excerpt":{"rendered":"","protected":false},"author":2,"featured_media":25506,"comment_status":"open","ping_status":"open","sticky":false,"template":"","format":"standard","meta":{"_acf_changed":false,"jetpack_post_was_ever_published":false,"_jetpack_newsletter_access":"","_jetpack_dont_email_post_to_subs":false,"_jetpack_newsletter_tier_id":0,"_jetpack_memberships_contains_paywalled_content":false,"_jetpack_memberships_contains_paid_content":false,"footnotes":"","jetpack_publicize_message":"","jetpack_publicize_feature_enabled":true,"jetpack_social_post_already_shared":true,"jetpack_social_options":{"image_generator_settings":{"template":"highway","default_image_id":0,"font":"","enabled":false},"version":2}},"categories":[3,9],"tags":[],"class_list":["post-25505","post","type-post","status-publish","format-standard","has-post-thumbnail","hentry","category-novosti","category-skupovi"],"acf":{"facebook_opis":""},"jetpack_publicize_connections":[],"jetpack_featured_media_url":"https:\/\/i0.wp.com\/historiografija.hr\/wp-content\/uploads\/2021\/03\/FF_RI.jpg?fit=1280%2C719&ssl=1","jetpack_sharing_enabled":true,"jetpack-related-posts":[],"_links":{"self":[{"href":"https:\/\/historiografija.hr\/index.php?rest_route=\/wp\/v2\/posts\/25505","targetHints":{"allow":["GET"]}}],"collection":[{"href":"https:\/\/historiografija.hr\/index.php?rest_route=\/wp\/v2\/posts"}],"about":[{"href":"https:\/\/historiografija.hr\/index.php?rest_route=\/wp\/v2\/types\/post"}],"author":[{"embeddable":true,"href":"https:\/\/historiografija.hr\/index.php?rest_route=\/wp\/v2\/users\/2"}],"replies":[{"embeddable":true,"href":"https:\/\/historiografija.hr\/index.php?rest_route=%2Fwp%2Fv2%2Fcomments&post=25505"}],"version-history":[{"count":2,"href":"https:\/\/historiografija.hr\/index.php?rest_route=\/wp\/v2\/posts\/25505\/revisions"}],"predecessor-version":[{"id":25508,"href":"https:\/\/historiografija.hr\/index.php?rest_route=\/wp\/v2\/posts\/25505\/revisions\/25508"}],"wp:featuredmedia":[{"embeddable":true,"href":"https:\/\/historiografija.hr\/index.php?rest_route=\/wp\/v2\/media\/25506"}],"wp:attachment":[{"href":"https:\/\/historiografija.hr\/index.php?rest_route=%2Fwp%2Fv2%2Fmedia&parent=25505"}],"wp:term":[{"taxonomy":"category","embeddable":true,"href":"https:\/\/historiografija.hr\/index.php?rest_route=%2Fwp%2Fv2%2Fcategories&post=25505"},{"taxonomy":"post_tag","embeddable":true,"href":"https:\/\/historiografija.hr\/index.php?rest_route=%2Fwp%2Fv2%2Ftags&post=25505"}],"curies":[{"name":"wp","href":"https:\/\/api.w.org\/{rel}","templated":true}]}}