{"id":25498,"date":"2021-03-22T19:26:40","date_gmt":"2021-03-22T19:26:40","guid":{"rendered":"http:\/\/historiografija.hr\/?p=25498"},"modified":"2021-03-22T19:26:40","modified_gmt":"2021-03-22T19:26:40","slug":"srdan-kerim-s-dankom-plevnikom-svijet-bez-granica","status":"publish","type":"post","link":"https:\/\/historiografija.hr\/?p=25498","title":{"rendered":"Sr\u0111an Kerim s Dankom Plevnikom, \u201eSvijet bez granica\u201c"},"content":{"rendered":"\n<p>Razgovori diplomata Sr\u0111ana Kerima i publicista Danka Plevnika <em>Svijet bez granica<\/em> pri\u010da su o jednoj fascinantnoj i uspje\u0161noj karijeri. Za uspjeh nisu dovoljne sre\u0107a i ambicija. Svemu s \u010dime se u \u017eivotu suo\u010dio Sr\u0111an Kerim pristupao je temeljito i bez ostatka. Kao u\u010denik katoli\u010dke gimnazije u M\u00fcnchenu, student i doktorand Beogradskog univerziteta, omladinski du\u017enosnik, ministar u vladi SR Makedonije, glasnogovornik jugoslavenskog Ministarstva vanjskih poslova, kao poslovni \u010dovjek u svijetu medija, ambasador i \u0161ef makedonske diplomacije i, kona\u010dno, kao predsjednik 62. zasjedanja Op\u0107e skup\u0161tine Ujedinjenih nacija. Taj niz uspjeha \u010dini kostur <em>Svijeta bez granica<\/em>, okvir za napetu pri\u010du, ali i refleksije o \u0160tipu i Skopju, mladosti i Jugoslaviji, borbi za me\u0111unarodnu afirmaciju Makedonije, mirnom rje\u0161enju me\u0111uetni\u010dke krize 2001. i, svakako, o Ujedinjenim nacijama, njihovoj nemo\u0107i, ali i njihovim \u010desto podcijenjenim zaslugama. Kroz <em>Svijet bez granica<\/em> Sr\u0111ana Kerima i Danka Plevnika doista slobodno promi\u010du ideje i ljudi, od Ko\u010de Popovi\u0107a i Kire Gligorova, preko Budimira Lon\u010dara i Ante Markovi\u0107a, do Madeleine Albright, Ban Ki-moona, Georgea W. Busha, Angele Merkel i hollywoodskih zvijezda. <em>Svijet bez granica<\/em> nije samo knjiga sje\u0107anja, ve\u0107 \u0107e uvid koji pru\u017ea u me\u0111unarodne odnose i svjetsku politiku biti koristan budu\u0107im povjesni\u010darima. Sr\u0111an Kerim i Danko Plevnik nude i kozmopolitsku viziju, optimisti\u010dnu usprkos izazovima poput klimatskih promjena, pandemije te prijetnjama opstanku demokracije.<\/p>\n\n\n\n<p>\u201cNi\u0161ta u \u017eivotu nije slu\u010dajno. Vi\u0161e vjerujem u splet okolnosti, iako se s tim u vezi u potpunosti sla\u017eem s Georgeom Bernardom Shawom da \u2018okolnosti treba stvarati, a ne \u017ealiti se na njih\u2019. Ovo sam rekao kao uvod u moju sudbinsku povezanost s New Yorkom gdje sam do\u017eivio najljep\u0161e i najuzbudljivije trenutke moje diplomatske karijere kao predsjednik Op\u0107e skup\u0161tine Ujedinjenih nacija. Ako tra\u017eite sublimat mojeg izuzetnog izra\u017eenog afiniteta prema New Yorku, onda je to bez ikakve dvojbe njegov kozmopolitski duh. U tom smislu ja se osje\u0107am kao gra\u0111anin svijeta.\u201d<\/p>\n\n\n\n<hr class=\"wp-block-separator\"\/>\n\n\n\n<p>Jezik izvornika: hrvatski<\/p>\n\n\n\n<p>Broj stranica: 448<\/p>\n\n\n\n<p>Datum izdanja: velja\u010da 2021.<\/p>\n\n\n\n<hr class=\"wp-block-separator\"\/>\n\n\n\n<p>Pro\u010ditaj poglavlje:<\/p>\n\n\n\n<p><a href=\"https:\/\/fraktura.hr\/svijet-bez-granica.html\">https:\/\/fraktura.hr\/svijet-bez-granica.html<\/a><\/p>\n\n\n\n<hr class=\"wp-block-separator\"\/>\n","protected":false},"excerpt":{"rendered":"","protected":false},"author":2,"featured_media":25499,"comment_status":"open","ping_status":"open","sticky":false,"template":"","format":"standard","meta":{"_acf_changed":false,"jetpack_post_was_ever_published":false,"_jetpack_newsletter_access":"","_jetpack_dont_email_post_to_subs":false,"_jetpack_newsletter_tier_id":0,"_jetpack_memberships_contains_paywalled_content":false,"_jetpack_memberships_contains_paid_content":false,"footnotes":"","jetpack_publicize_message":"","jetpack_publicize_feature_enabled":true,"jetpack_social_post_already_shared":true,"jetpack_social_options":{"image_generator_settings":{"template":"highway","default_image_id":0,"font":"","enabled":false},"version":2}},"categories":[8,3],"tags":[],"class_list":["post-25498","post","type-post","status-publish","format-standard","has-post-thumbnail","hentry","category-knjige","category-novosti"],"acf":{"facebook_opis":""},"jetpack_publicize_connections":[],"jetpack_featured_media_url":"https:\/\/i0.wp.com\/historiografija.hr\/wp-content\/uploads\/2021\/03\/svijet_bez_granica.jpg?fit=403%2C610&ssl=1","jetpack_sharing_enabled":true,"jetpack-related-posts":[],"_links":{"self":[{"href":"https:\/\/historiografija.hr\/index.php?rest_route=\/wp\/v2\/posts\/25498","targetHints":{"allow":["GET"]}}],"collection":[{"href":"https:\/\/historiografija.hr\/index.php?rest_route=\/wp\/v2\/posts"}],"about":[{"href":"https:\/\/historiografija.hr\/index.php?rest_route=\/wp\/v2\/types\/post"}],"author":[{"embeddable":true,"href":"https:\/\/historiografija.hr\/index.php?rest_route=\/wp\/v2\/users\/2"}],"replies":[{"embeddable":true,"href":"https:\/\/historiografija.hr\/index.php?rest_route=%2Fwp%2Fv2%2Fcomments&post=25498"}],"version-history":[{"count":1,"href":"https:\/\/historiografija.hr\/index.php?rest_route=\/wp\/v2\/posts\/25498\/revisions"}],"predecessor-version":[{"id":25500,"href":"https:\/\/historiografija.hr\/index.php?rest_route=\/wp\/v2\/posts\/25498\/revisions\/25500"}],"wp:featuredmedia":[{"embeddable":true,"href":"https:\/\/historiografija.hr\/index.php?rest_route=\/wp\/v2\/media\/25499"}],"wp:attachment":[{"href":"https:\/\/historiografija.hr\/index.php?rest_route=%2Fwp%2Fv2%2Fmedia&parent=25498"}],"wp:term":[{"taxonomy":"category","embeddable":true,"href":"https:\/\/historiografija.hr\/index.php?rest_route=%2Fwp%2Fv2%2Fcategories&post=25498"},{"taxonomy":"post_tag","embeddable":true,"href":"https:\/\/historiografija.hr\/index.php?rest_route=%2Fwp%2Fv2%2Ftags&post=25498"}],"curies":[{"name":"wp","href":"https:\/\/api.w.org\/{rel}","templated":true}]}}